{"id":30565,"date":"2026-04-04T22:19:31","date_gmt":"2026-04-04T19:19:31","guid":{"rendered":"https:\/\/www.fener.org\/?p=30565"},"modified":"2026-04-04T22:19:34","modified_gmt":"2026-04-04T19:19:34","slug":"sarunas-jasikevicius-yaptigimiz-iyi-islerin-uzerine-koymaya-calisacagiz","status":"publish","type":"post","link":"https:\/\/www.fener.org\/index.php\/2026\/04\/04\/sarunas-jasikevicius-yaptigimiz-iyi-islerin-uzerine-koymaya-calisacagiz\/","title":{"rendered":"Sarunas Jasikevicius: Yapt\u0131\u011f\u0131m\u0131z iyi i\u015flerin \u00fczerine koymaya \u00e7al\u0131\u015faca\u011f\u0131z"},"content":{"rendered":"\n<p>Fenerbah\u00e7e Beko Erkek Basketbol Tak\u0131m\u0131m\u0131z\u0131n, Yukatel Merkezefendi Belediyesi Basket\u2019i 82-69 ma\u011flup etti\u011fi kar\u015f\u0131la\u015fman\u0131n ard\u0131ndan Ba\u015fantren\u00f6r\u00fcm\u00fcz Sarunas Jasikevicius, Fenerbah\u00e7e Televizyonu\u2019na \u015fu a\u00e7\u0131klamalar\u0131 yapt\u0131:<\/p>\n\n\n\n<blockquote class=\"wp-block-quote is-layout-flow wp-block-quote-is-layout-flow\">\n<p>\u201c\u0130lk yar\u0131da harika bir basketbol ortaya koyduk. Hem mantalite olarak hem de parkeye yans\u0131tt\u0131\u011f\u0131m\u0131z basketbol olarak \u00e7ok iyiydik. Ama \u00fc\u00e7\u00fcnc\u00fc \u00e7eyrek konsantrasyonumuz ve tak\u0131m oyunumuzu kaybettik. D\u00f6rd\u00fcnc\u00fc \u00e7eyrek ise iyi bir reaksiyon g\u00f6sterdik. Rakibin 11 say\u0131 bulmas\u0131na izin verdik ama \u015fimdi ilk 20 dakikan\u0131n ve yapt\u0131\u011f\u0131m\u0131z iyi i\u015flerin \u00fczerine koymaya \u00e7al\u0131\u015faca\u011f\u0131z.\u201d<\/p>\n<\/blockquote>\n","protected":false},"excerpt":{"rendered":"<p>Fenerbah\u00e7e Beko Erkek Basketbol Tak\u0131m\u0131m\u0131z\u0131n, Yukatel Merkezefendi Belediyesi Basket\u2019i 82-69 ma\u011flup etti\u011fi kar\u015f\u0131la\u015fman\u0131n ard\u0131ndan Ba\u015fantren\u00f6r\u00fcm\u00fcz Sarunas Jasikevicius, Fenerbah\u00e7e Televizyonu\u2019na \u015fu a\u00e7\u0131klamalar\u0131 yapt\u0131: \u201c\u0130lk yar\u0131da harika bir basketbol ortaya koyduk. Hem mantalite olarak hem de parkeye yans\u0131tt\u0131\u011f\u0131m\u0131z basketbol olarak \u00e7ok iyiydik. Ama \u00fc\u00e7\u00fcnc\u00fc \u00e7eyrek konsantrasyonumuz ve tak\u0131m oyunumuzu kaybettik. D\u00f6rd\u00fcnc\u00fc \u00e7eyrek ise iyi bir reaksiyon g\u00f6sterdik. [&hellip;]<\/p>\n","protected":false},"author":1,"featured_media":30568,"comment_status":"closed","ping_status":"closed","sticky":false,"template":"","format":"standard","meta":{"jnews-multi-image_gallery":[],"jnews_single_post":{"format":"standard","override":[{"template":"1","parallax":"1","fullscreen":"1","layout":"right-sidebar","sidebar":"mysidebar","second_sidebar":"default-sidebar","sticky_sidebar":"1","share_position":"float","share_float_style":"share-normal","show_share_counter":"1","show_view_counter":"1","show_featured":"1","show_post_meta":"1","show_post_author_image":"1","show_post_date":"1","post_date_format":"default","post_date_format_custom":"Y\/m\/d","show_post_reading_time":"0","post_reading_time_wpm":"300","post_calculate_word_method":"str_word_count","show_zoom_button":"0","zoom_button_out_step":"2","zoom_button_in_step":"3","show_prev_next_post":"1","show_comment_section":"1","number_popup_post":"3","show_author_box":"0","show_post_related":"0","show_inline_post_related":"0"}],"image_override":[{"single_post_thumbnail_size":"crop-500","single_post_gallery_size":"crop-500"}],"trending_post_position":"meta","trending_post_label":"Trending","sponsored_post_label":"Sponsored by","disable_ad":"0","subtitle":"Ba\u015fantren\u00f6r\u00fcm\u00fcz Sarunas Jasikevicius, Yukatel Merkezefendi Belediyesi Basket galibiyetini de\u011ferlendirdi."},"jnews_primary_category":{"id":"5"},"jnews_social_meta":[],"jnews_override_counter":{"view_counter_number":"0","share_counter_number":"0","like_counter_number":"0","dislike_counter_number":"0"},"footnotes":""},"categories":[5,6,2],"tags":[24,23],"class_list":["post-30565","post","type-post","status-publish","format-standard","has-post-thumbnail","hentry","category-basketbol","category-erkek-basketbol","category-haberler","tag-basketbol","tag-fenerbahce"],"amp_enabled":true,"_links":{"self":[{"href":"https:\/\/www.fener.org\/index.php\/wp-json\/wp\/v2\/posts\/30565","targetHints":{"allow":["GET"]}}],"collection":[{"href":"https:\/\/www.fener.org\/index.php\/wp-json\/wp\/v2\/posts"}],"about":[{"href":"https:\/\/www.fener.org\/index.php\/wp-json\/wp\/v2\/types\/post"}],"author":[{"embeddable":true,"href":"https:\/\/www.fener.org\/index.php\/wp-json\/wp\/v2\/users\/1"}],"replies":[{"embeddable":true,"href":"https:\/\/www.fener.org\/index.php\/wp-json\/wp\/v2\/comments?post=30565"}],"version-history":[{"count":3,"href":"https:\/\/www.fener.org\/index.php\/wp-json\/wp\/v2\/posts\/30565\/revisions"}],"predecessor-version":[{"id":30570,"href":"https:\/\/www.fener.org\/index.php\/wp-json\/wp\/v2\/posts\/30565\/revisions\/30570"}],"wp:featuredmedia":[{"embeddable":true,"href":"https:\/\/www.fener.org\/index.php\/wp-json\/wp\/v2\/media\/30568"}],"wp:attachment":[{"href":"https:\/\/www.fener.org\/index.php\/wp-json\/wp\/v2\/media?parent=30565"}],"wp:term":[{"taxonomy":"category","embeddable":true,"href":"https:\/\/www.fener.org\/index.php\/wp-json\/wp\/v2\/categories?post=30565"},{"taxonomy":"post_tag","embeddable":true,"href":"https:\/\/www.fener.org\/index.php\/wp-json\/wp\/v2\/tags?post=30565"}],"curies":[{"name":"wp","href":"https:\/\/api.w.org\/{rel}","templated":true}]}}