{"id":30407,"date":"2026-03-17T15:34:58","date_gmt":"2026-03-17T12:34:58","guid":{"rendered":"https:\/\/www.fener.org\/?p=30407"},"modified":"2026-03-17T15:35:01","modified_gmt":"2026-03-17T12:35:01","slug":"trabzonspor-1-1-fenerbahce-arsavev","status":"publish","type":"post","link":"https:\/\/www.fener.org\/index.php\/2026\/03\/17\/trabzonspor-1-1-fenerbahce-arsavev\/","title":{"rendered":"Trabzonspor 1-1 Fenerbah\u00e7e arsaVev"},"content":{"rendered":"\n<p>Fenerbah\u00e7e arsaVev Kad\u0131n Futbol Tak\u0131m\u0131m\u0131z, Turkcell Kad\u0131n Futbol S\u00fcper Ligi\u2019nin 22. haftas\u0131nda konuk oldu\u011fu Trabzonspor\u2019la 1-1 berabere kald\u0131.<\/p>\n\n\n\n<p>Kadir \u00d6zcan Tesisleri\u2019nde oynanan kar\u015f\u0131la\u015fmada 84. dakikada 1-0 geri d\u00fc\u015fen Tak\u0131m\u0131m\u0131z, Andrea Sta\u0161kov\u00e1\u2019n\u0131n 90. dakikada kaydetti\u011fi golle skoru belirledi: 1-1 Trabzonspor\u2019da Amira Braham 39. dakikada g\u00f6rd\u00fc\u011f\u00fc k\u0131rm\u0131z\u0131 kartla oyun d\u0131\u015f\u0131nda kald\u0131.<\/p>\n\n\n\n<p>Bu sonu\u00e7la puan\u0131n\u0131 62\u2019ye y\u00fckselten Fenerbah\u00e7e arsaVev, nama\u011flup liderli\u011fini s\u00fcrd\u00fcrd\u00fc.<\/p>\n\n\n\n<p>Tak\u0131m\u0131m\u0131z ligde gelecek hafta Amed Sportif Faaliyetler\u2019i konuk edecek.<\/p>\n","protected":false},"excerpt":{"rendered":"<p>Fenerbah\u00e7e arsaVev Kad\u0131n Futbol Tak\u0131m\u0131m\u0131z, Turkcell Kad\u0131n Futbol S\u00fcper Ligi\u2019nin 22. haftas\u0131nda konuk oldu\u011fu Trabzonspor\u2019la 1-1 berabere kald\u0131. Kadir \u00d6zcan Tesisleri\u2019nde oynanan kar\u015f\u0131la\u015fmada 84. dakikada 1-0 geri d\u00fc\u015fen Tak\u0131m\u0131m\u0131z, Andrea Sta\u0161kov\u00e1\u2019n\u0131n 90. dakikada kaydetti\u011fi golle skoru belirledi: 1-1 Trabzonspor\u2019da Amira Braham 39. dakikada g\u00f6rd\u00fc\u011f\u00fc k\u0131rm\u0131z\u0131 kartla oyun d\u0131\u015f\u0131nda kald\u0131. Bu sonu\u00e7la puan\u0131n\u0131 62\u2019ye y\u00fckselten Fenerbah\u00e7e [&hellip;]<\/p>\n","protected":false},"author":1,"featured_media":30408,"comment_status":"closed","ping_status":"closed","sticky":false,"template":"","format":"standard","meta":{"jnews-multi-image_gallery":[],"jnews_single_post":{"format":"standard","override":[{"template":"1","parallax":"1","fullscreen":"1","layout":"right-sidebar","sidebar":"mysidebar","second_sidebar":"default-sidebar","sticky_sidebar":"1","share_position":"float","share_float_style":"share-normal","show_share_counter":"1","show_view_counter":"1","show_featured":"1","show_post_meta":"1","show_post_author_image":"1","show_post_date":"1","post_date_format":"default","post_date_format_custom":"Y\/m\/d","show_post_reading_time":"0","post_reading_time_wpm":"300","post_calculate_word_method":"str_word_count","show_zoom_button":"0","zoom_button_out_step":"2","zoom_button_in_step":"3","show_prev_next_post":"1","show_comment_section":"1","number_popup_post":"3","show_author_box":"0","show_post_related":"0","show_inline_post_related":"0"}],"image_override":[{"single_post_thumbnail_size":"crop-500","single_post_gallery_size":"crop-500"}],"trending_post_position":"meta","trending_post_label":"Trending","sponsored_post_label":"Sponsored by","disable_ad":"0","subtitle":"Fenerbah\u00e7e Kad\u0131n Futbol Tak\u0131m\u0131m\u0131z, Kad\u0131n Futbol S\u00fcper Ligi\u2019nin 22. haftas\u0131nda deplasmanda Trabzonspor ile oynad\u0131\u011f\u0131 ma\u00e7tan 1-1'lik beraberlikle ayr\u0131ld\u0131."},"jnews_primary_category":{"id":"4"},"jnews_social_meta":[],"jnews_override_counter":{"view_counter_number":"0","share_counter_number":"0","like_counter_number":"0","dislike_counter_number":"0"},"footnotes":""},"categories":[4,2,191],"tags":[23,192],"class_list":["post-30407","post","type-post","status-publish","format-standard","has-post-thumbnail","hentry","category-futbol","category-haberler","category-kadin-futbol","tag-fenerbahce","tag-kadinfutbol"],"amp_enabled":true,"_links":{"self":[{"href":"https:\/\/www.fener.org\/index.php\/wp-json\/wp\/v2\/posts\/30407","targetHints":{"allow":["GET"]}}],"collection":[{"href":"https:\/\/www.fener.org\/index.php\/wp-json\/wp\/v2\/posts"}],"about":[{"href":"https:\/\/www.fener.org\/index.php\/wp-json\/wp\/v2\/types\/post"}],"author":[{"embeddable":true,"href":"https:\/\/www.fener.org\/index.php\/wp-json\/wp\/v2\/users\/1"}],"replies":[{"embeddable":true,"href":"https:\/\/www.fener.org\/index.php\/wp-json\/wp\/v2\/comments?post=30407"}],"version-history":[{"count":1,"href":"https:\/\/www.fener.org\/index.php\/wp-json\/wp\/v2\/posts\/30407\/revisions"}],"predecessor-version":[{"id":30409,"href":"https:\/\/www.fener.org\/index.php\/wp-json\/wp\/v2\/posts\/30407\/revisions\/30409"}],"wp:featuredmedia":[{"embeddable":true,"href":"https:\/\/www.fener.org\/index.php\/wp-json\/wp\/v2\/media\/30408"}],"wp:attachment":[{"href":"https:\/\/www.fener.org\/index.php\/wp-json\/wp\/v2\/media?parent=30407"}],"wp:term":[{"taxonomy":"category","embeddable":true,"href":"https:\/\/www.fener.org\/index.php\/wp-json\/wp\/v2\/categories?post=30407"},{"taxonomy":"post_tag","embeddable":true,"href":"https:\/\/www.fener.org\/index.php\/wp-json\/wp\/v2\/tags?post=30407"}],"curies":[{"name":"wp","href":"https:\/\/api.w.org\/{rel}","templated":true}]}}