{"id":30396,"date":"2026-03-15T18:15:24","date_gmt":"2026-03-15T15:15:24","guid":{"rendered":"https:\/\/www.fener.org\/?p=30396"},"modified":"2026-03-15T18:15:29","modified_gmt":"2026-03-15T15:15:29","slug":"fenerbahce-medicana-3-1-akkus-belediyespor","status":"publish","type":"post","link":"https:\/\/www.fener.org\/index.php\/2026\/03\/15\/fenerbahce-medicana-3-1-akkus-belediyespor\/","title":{"rendered":"Fenerbah\u00e7e Medicana 3-1 Akku\u015f Belediyespor"},"content":{"rendered":"\n<p>Fenerbah\u00e7e Medicana Erkek Voleybol Tak\u0131m\u0131m\u0131z, SMS Grup Efeler Ligi\u2019nin 24. haftas\u0131nda Ku\u015fg\u00f6z \u0130zmir Vin\u00e7 Akku\u015f Belediyespor\u2019u konuk etti.<\/p>\n\n\n\n<p>Burhan Felek Vestel Voleybol Salonu&#8217;nda oynanan kar\u015f\u0131la\u015fmay\u0131 3-1 kazanan Tak\u0131m\u0131m\u0131z, ligdeki 13. galibiyetine imza att\u0131. Ma\u00e7\u0131n setleri; 25-21, 23-25, 25-18, 25-15 tamamland\u0131.<\/p>\n\n\n\n<p>Chinenyeze Barthelemy kaydetti\u011fi 18 say\u0131yla tak\u0131m\u0131n skoreri olurken; Luka Marttila 15, Adis Lagumdzija 14, Yi\u011fit G\u00fclmezo\u011flu da 12 say\u0131yla galibiyete \u00f6nemli katk\u0131 verdi.<\/p>\n\n\n\n<p>\u0130lk sette 10-10 e\u015fitli\u011fin ard\u0131ndan Halit ve Lagumdzija ile \u00f6ne ge\u00e7en Tak\u0131m\u0131m\u0131z, kalan b\u00f6l\u00fcmde hata yapmad\u0131 ve seti 25-21 kazanarak 1-0 \u00f6ne ge\u00e7ti. \u0130kinci seti 23-25 geride tamamlayan Tak\u0131m\u0131m\u0131z, h\u00fccumda ve savunmada rahat oynad\u0131\u011f\u0131 \u00fc\u00e7\u00fcnc\u00fc setten ise 25-18 \u00fcst\u00fcn ayr\u0131ld\u0131 ve ma\u00e7 skorunu 2-1\u2019e ta\u015f\u0131d\u0131. D\u00f6rd\u00fcnc\u00fc sette ise 3-3 e\u015fitli\u011fin ard\u0131ndan yakalad\u0131\u011f\u0131 4 say\u0131l\u0131k seriyle skoru 7-3\u2019e ta\u015f\u0131yan Fenerbah\u00e7e Medicana, kalan b\u00f6l\u00fcmde bu fark\u0131 daha da art\u0131rd\u0131 ve seti 25-15, ma\u00e7\u0131 da 3-1 kazand\u0131.<\/p>\n\n\n\n<p>Tak\u0131m\u0131m\u0131z ligde gelecek hafta Bursa B\u00fcy\u00fck\u015fehir Belediye ile deplasmanda kar\u015f\u0131la\u015facak.<\/p>\n","protected":false},"excerpt":{"rendered":"<p>Fenerbah\u00e7e Medicana Erkek Voleybol Tak\u0131m\u0131m\u0131z, SMS Grup Efeler Ligi\u2019nin 24. haftas\u0131nda Ku\u015fg\u00f6z \u0130zmir Vin\u00e7 Akku\u015f Belediyespor\u2019u konuk etti. Burhan Felek Vestel Voleybol Salonu&#8217;nda oynanan kar\u015f\u0131la\u015fmay\u0131 3-1 kazanan Tak\u0131m\u0131m\u0131z, ligdeki 13. galibiyetine imza att\u0131. Ma\u00e7\u0131n setleri; 25-21, 23-25, 25-18, 25-15 tamamland\u0131. Chinenyeze Barthelemy kaydetti\u011fi 18 say\u0131yla tak\u0131m\u0131n skoreri olurken; Luka Marttila 15, Adis Lagumdzija 14, Yi\u011fit [&hellip;]<\/p>\n","protected":false},"author":1,"featured_media":30397,"comment_status":"closed","ping_status":"closed","sticky":false,"template":"","format":"standard","meta":{"jnews-multi-image_gallery":[],"jnews_single_post":{"format":"standard","override":[{"template":"1","parallax":"1","fullscreen":"1","layout":"right-sidebar","sidebar":"mysidebar","second_sidebar":"default-sidebar","sticky_sidebar":"1","share_position":"float","share_float_style":"share-normal","show_share_counter":"1","show_view_counter":"1","show_featured":"1","show_post_meta":"1","show_post_author_image":"1","show_post_date":"1","post_date_format":"default","post_date_format_custom":"Y\/m\/d","show_post_reading_time":"0","post_reading_time_wpm":"300","post_calculate_word_method":"str_word_count","show_zoom_button":"0","zoom_button_out_step":"2","zoom_button_in_step":"3","show_prev_next_post":"1","show_comment_section":"1","number_popup_post":"3","show_author_box":"0","show_post_related":"0","show_inline_post_related":"0"}],"image_override":[{"single_post_thumbnail_size":"crop-500","single_post_gallery_size":"crop-500"}],"trending_post_position":"meta","trending_post_label":"Trending","sponsored_post_label":"Sponsored by","disable_ad":"0","source_name":"Fenerbah\u00e7e Erkek Voleybol Tak\u0131m\u0131m\u0131z, Efeler Ligi\u2019nin 24. haftas\u0131nda sahas\u0131nda Akku\u015f Belediyespor ile oynad\u0131\u011f\u0131 ma\u00e7\u0131 3-1 kazand\u0131.","subtitle":"Fenerbah\u00e7e Erkek Voleybol Tak\u0131m\u0131m\u0131z, Efeler Ligi\u2019nin 24. haftas\u0131nda sahas\u0131nda Akku\u015f Belediyespor ile oynad\u0131\u011f\u0131 ma\u00e7\u0131 3-1 kazand\u0131."},"jnews_primary_category":{"id":"8"},"jnews_social_meta":[],"jnews_override_counter":{"view_counter_number":"0","share_counter_number":"0","like_counter_number":"0","dislike_counter_number":"0"},"footnotes":""},"categories":[9,2,8],"tags":[23,29],"class_list":["post-30396","post","type-post","status-publish","format-standard","has-post-thumbnail","hentry","category-erkek-voleybol","category-haberler","category-voleybol","tag-fenerbahce","tag-voleybol"],"amp_enabled":true,"_links":{"self":[{"href":"https:\/\/www.fener.org\/index.php\/wp-json\/wp\/v2\/posts\/30396","targetHints":{"allow":["GET"]}}],"collection":[{"href":"https:\/\/www.fener.org\/index.php\/wp-json\/wp\/v2\/posts"}],"about":[{"href":"https:\/\/www.fener.org\/index.php\/wp-json\/wp\/v2\/types\/post"}],"author":[{"embeddable":true,"href":"https:\/\/www.fener.org\/index.php\/wp-json\/wp\/v2\/users\/1"}],"replies":[{"embeddable":true,"href":"https:\/\/www.fener.org\/index.php\/wp-json\/wp\/v2\/comments?post=30396"}],"version-history":[{"count":1,"href":"https:\/\/www.fener.org\/index.php\/wp-json\/wp\/v2\/posts\/30396\/revisions"}],"predecessor-version":[{"id":30399,"href":"https:\/\/www.fener.org\/index.php\/wp-json\/wp\/v2\/posts\/30396\/revisions\/30399"}],"wp:featuredmedia":[{"embeddable":true,"href":"https:\/\/www.fener.org\/index.php\/wp-json\/wp\/v2\/media\/30397"}],"wp:attachment":[{"href":"https:\/\/www.fener.org\/index.php\/wp-json\/wp\/v2\/media?parent=30396"}],"wp:term":[{"taxonomy":"category","embeddable":true,"href":"https:\/\/www.fener.org\/index.php\/wp-json\/wp\/v2\/categories?post=30396"},{"taxonomy":"post_tag","embeddable":true,"href":"https:\/\/www.fener.org\/index.php\/wp-json\/wp\/v2\/tags?post=30396"}],"curies":[{"name":"wp","href":"https:\/\/api.w.org\/{rel}","templated":true}]}}