{"id":30384,"date":"2026-03-14T15:33:30","date_gmt":"2026-03-14T12:33:30","guid":{"rendered":"https:\/\/www.fener.org\/?p=30384"},"modified":"2026-03-14T15:33:34","modified_gmt":"2026-03-14T12:33:34","slug":"fenerbahce-medicana-ligde-normal-sezonu-ikinci-sirada-tamamladi","status":"publish","type":"post","link":"https:\/\/www.fener.org\/index.php\/2026\/03\/14\/fenerbahce-medicana-ligde-normal-sezonu-ikinci-sirada-tamamladi\/","title":{"rendered":"Fenerbah\u00e7e Medicana, ligde normal sezonu ikinci s\u0131rada tamamlad\u0131"},"content":{"rendered":"\n<p>Fenerbah\u00e7e Medicana Kad\u0131n Voleybol Tak\u0131m\u0131m\u0131z, Vodafone Sultanlar Ligi\u2019nin 26. ve son haftas\u0131nda Nil\u00fcfer Belediyespor Eker\u2019e konuk oldu.<\/p>\n\n\n\n<p>Cengiz G\u00f6ll\u00fc Voleybol Salonu\u2019nda oynanan ma\u00e7\u0131 3-0 kazanan ekibimiz, 26. ma\u00e7\u0131nda 22. galibiyetini elde ederek ligde normal sezonu ikinci s\u0131rada bitirdi. Kar\u015f\u0131la\u015fman\u0131n setleri 16-25, 21-25 ve 29-31 tamamland\u0131.<\/p>\n\n\n\n<p>Ana Cristina 26, Yaasmeen Bedart-Ghani 20, Asl\u0131 Kala\u00e7 ise kaydetti\u011fi 13 say\u0131yla galibiyete \u00f6nemli katk\u0131 verdi.<\/p>\n\n\n\n<p>Ekibimiz, play-off yar\u0131 finalinde ise ligi \u00fc\u00e7\u00fcnc\u00fc s\u0131rada bitiren tak\u0131mla e\u015fle\u015fecek.<\/p>\n\n\n\n<p>Asl\u0131 Kala\u00e7, Ana Cristina, Yaasmeen Bedart-Ghani, Dicle Nur Babat, Bojana Milenkovi\u0107, Arelya Karasoy alt\u0131s\u0131 ve libero Gizem \u00d6rge ile ma\u00e7a ba\u015flayan Fenerbah\u00e7e Medicana, ba\u015ftan sona \u00fcst\u00fcn oynad\u0131\u011f\u0131 ilk seti 25-16 kazanarak 1-0 \u00f6ne ge\u00e7ti. \u0130kinci set kar\u015f\u0131l\u0131kl\u0131 say\u0131lara sahne olsa da, rakibine Yaasmeen ile \u015fans tan\u0131mayan Fenerbah\u00e7e Medicana, seti 25-21 galip kapatarak 2-0\u2019\u0131 buldu. \u00dc\u00e7\u00fcnc\u00fc set b\u00fcy\u00fck bir m\u00fccadeleye sahne olsa da Ana Cristina ve Yaasmeen ile rakibine \u00fcst\u00fcnl\u00fck kuran Sar\u0131 Melekler, seti 31-29, ma\u00e7\u0131 da 3-0 kazanarak ligde normal sezonu ikinci s\u0131rada tamamlad\u0131.<\/p>\n\n\n\n<p>Fenerbah\u00e7e Medicana, CEV Kad\u0131nlar \u015eampiyonlar Ligi \u00c7eyrek Final r\u00f6van\u015f ma\u00e7\u0131nda ise 19 Mart Per\u015fembe g\u00fcn\u00fc saat 17.00\u2019de Savino Del Bene Scandicci\u2019yi konuk edecek.<\/p>\n","protected":false},"excerpt":{"rendered":"<p>Fenerbah\u00e7e Medicana Kad\u0131n Voleybol Tak\u0131m\u0131m\u0131z, Vodafone Sultanlar Ligi\u2019nin 26. ve son haftas\u0131nda Nil\u00fcfer Belediyespor Eker\u2019e konuk oldu. Cengiz G\u00f6ll\u00fc Voleybol Salonu\u2019nda oynanan ma\u00e7\u0131 3-0 kazanan ekibimiz, 26. ma\u00e7\u0131nda 22. galibiyetini elde ederek ligde normal sezonu ikinci s\u0131rada bitirdi. Kar\u015f\u0131la\u015fman\u0131n setleri 16-25, 21-25 ve 29-31 tamamland\u0131. Ana Cristina 26, Yaasmeen Bedart-Ghani 20, Asl\u0131 Kala\u00e7 ise kaydetti\u011fi [&hellip;]<\/p>\n","protected":false},"author":1,"featured_media":30385,"comment_status":"closed","ping_status":"closed","sticky":false,"template":"","format":"standard","meta":{"jnews-multi-image_gallery":[],"jnews_single_post":{"format":"standard","override":[{"template":"1","parallax":"1","fullscreen":"1","layout":"right-sidebar","sidebar":"mysidebar","second_sidebar":"default-sidebar","sticky_sidebar":"1","share_position":"float","share_float_style":"share-normal","show_share_counter":"1","show_view_counter":"1","show_featured":"1","show_post_meta":"1","show_post_author_image":"1","show_post_date":"1","post_date_format":"default","post_date_format_custom":"Y\/m\/d","show_post_reading_time":"0","post_reading_time_wpm":"300","post_calculate_word_method":"str_word_count","show_zoom_button":"0","zoom_button_out_step":"2","zoom_button_in_step":"3","show_prev_next_post":"1","show_comment_section":"1","number_popup_post":"3","show_author_box":"0","show_post_related":"0","show_inline_post_related":"0"}],"image_override":[{"single_post_thumbnail_size":"crop-500","single_post_gallery_size":"crop-500"}],"trending_post_position":"meta","trending_post_label":"Trending","sponsored_post_label":"Sponsored by","disable_ad":"0","subtitle":"Fenerbah\u00e7e Kad\u0131n Voleybol Tak\u0131m\u0131m\u0131z, Sultanlar Ligi\u2019nin 26. ve son haftas\u0131nda deplasmanda kar\u015f\u0131la\u015ft\u0131\u011f\u0131 Nil\u00fcfer Belediyespor'u 3-0 ma\u011flup etti ve ligde normal sezonu ikinci s\u0131rada bitirdi."},"jnews_primary_category":[],"jnews_social_meta":[],"jnews_override_counter":{"view_counter_number":"0","share_counter_number":"0","like_counter_number":"0","dislike_counter_number":"0"},"footnotes":""},"categories":[2,10,8],"tags":[23,29],"class_list":["post-30384","post","type-post","status-publish","format-standard","has-post-thumbnail","hentry","category-haberler","category-kadin-voleybol","category-voleybol","tag-fenerbahce","tag-voleybol"],"amp_enabled":true,"_links":{"self":[{"href":"https:\/\/www.fener.org\/index.php\/wp-json\/wp\/v2\/posts\/30384","targetHints":{"allow":["GET"]}}],"collection":[{"href":"https:\/\/www.fener.org\/index.php\/wp-json\/wp\/v2\/posts"}],"about":[{"href":"https:\/\/www.fener.org\/index.php\/wp-json\/wp\/v2\/types\/post"}],"author":[{"embeddable":true,"href":"https:\/\/www.fener.org\/index.php\/wp-json\/wp\/v2\/users\/1"}],"replies":[{"embeddable":true,"href":"https:\/\/www.fener.org\/index.php\/wp-json\/wp\/v2\/comments?post=30384"}],"version-history":[{"count":1,"href":"https:\/\/www.fener.org\/index.php\/wp-json\/wp\/v2\/posts\/30384\/revisions"}],"predecessor-version":[{"id":30386,"href":"https:\/\/www.fener.org\/index.php\/wp-json\/wp\/v2\/posts\/30384\/revisions\/30386"}],"wp:featuredmedia":[{"embeddable":true,"href":"https:\/\/www.fener.org\/index.php\/wp-json\/wp\/v2\/media\/30385"}],"wp:attachment":[{"href":"https:\/\/www.fener.org\/index.php\/wp-json\/wp\/v2\/media?parent=30384"}],"wp:term":[{"taxonomy":"category","embeddable":true,"href":"https:\/\/www.fener.org\/index.php\/wp-json\/wp\/v2\/categories?post=30384"},{"taxonomy":"post_tag","embeddable":true,"href":"https:\/\/www.fener.org\/index.php\/wp-json\/wp\/v2\/tags?post=30384"}],"curies":[{"name":"wp","href":"https:\/\/api.w.org\/{rel}","templated":true}]}}