{"id":30379,"date":"2026-03-14T00:45:00","date_gmt":"2026-03-13T21:45:00","guid":{"rendered":"https:\/\/www.fener.org\/?p=30379"},"modified":"2026-03-14T09:48:46","modified_gmt":"2026-03-14T06:48:46","slug":"sarunas-jasikevicius-bu-aksam-gercekten-iyi-degildik","status":"publish","type":"post","link":"https:\/\/www.fener.org\/index.php\/2026\/03\/14\/sarunas-jasikevicius-bu-aksam-gercekten-iyi-degildik\/","title":{"rendered":"Sarunas Jasikevicius: Bu ak\u015fam ger\u00e7ekten iyi de\u011fildik"},"content":{"rendered":"\n<p>Ba\u015fantren\u00f6r\u00fcm\u00fcz Sarunas Jasikevicius, Fenerbah\u00e7e Beko Erkek Basketbol Tak\u0131m\u0131m\u0131z\u0131n, K\u0131z\u0131ly\u0131ld\u0131z\u2019a 79-73 ma\u011flup oldu\u011fu EuroLeague 31. hafta ma\u00e7\u0131n\u0131n ard\u0131ndan \u015fu a\u00e7\u0131klamalarda bulundu:<\/p>\n\n\n\n<blockquote class=\"wp-block-quote is-layout-flow wp-block-quote-is-layout-flow\">\n<p>\u201c\u00d6ncelikle rakibimizi ve Sasa\u2019y\u0131 tebrik etmek istiyorum. Bu ak\u015fam ger\u00e7ekten iyi de\u011fildik. Sahadaki tavr\u0131m\u0131z da en iyisi de\u011fildi. Yeniden toparlamam\u0131z gerekiyor. Yeni bir kazanma serisine ba\u015flamam\u0131z gerekiyor. Ben oyuncular\u0131m\u0131 da tebrik etmek istiyorum. Harika bir i\u015f \u00e7\u0131kar\u0131yorlar. Sakatl\u0131k problemlerimiz var ama buna ra\u011fmen sava\u015fmay\u0131 s\u00fcrd\u00fcren, bu \u015fartlarda ma\u00e7 kazanan bir oyuncu grubuna sahibiz. Sezonun son \u00fc\u00e7 ay\u0131 i\u00e7in kendimize bir \u015fans daha veriyoruz ama bug\u00fcn kesinlikle kazanmay\u0131 hak etmedik.\u201d<\/p>\n<\/blockquote>\n","protected":false},"excerpt":{"rendered":"<p>Ba\u015fantren\u00f6r\u00fcm\u00fcz Sarunas Jasikevicius, Fenerbah\u00e7e Beko Erkek Basketbol Tak\u0131m\u0131m\u0131z\u0131n, K\u0131z\u0131ly\u0131ld\u0131z\u2019a 79-73 ma\u011flup oldu\u011fu EuroLeague 31. hafta ma\u00e7\u0131n\u0131n ard\u0131ndan \u015fu a\u00e7\u0131klamalarda bulundu: \u201c\u00d6ncelikle rakibimizi ve Sasa\u2019y\u0131 tebrik etmek istiyorum. Bu ak\u015fam ger\u00e7ekten iyi de\u011fildik. Sahadaki tavr\u0131m\u0131z da en iyisi de\u011fildi. Yeniden toparlamam\u0131z gerekiyor. Yeni bir kazanma serisine ba\u015flamam\u0131z gerekiyor. Ben oyuncular\u0131m\u0131 da tebrik etmek istiyorum. Harika bir [&hellip;]<\/p>\n","protected":false},"author":1,"featured_media":30380,"comment_status":"closed","ping_status":"closed","sticky":false,"template":"","format":"standard","meta":{"jnews-multi-image_gallery":[],"jnews_single_post":{"format":"standard","override":[{"template":"1","parallax":"1","fullscreen":"1","layout":"right-sidebar","sidebar":"mysidebar","second_sidebar":"default-sidebar","sticky_sidebar":"1","share_position":"float","share_float_style":"share-normal","show_share_counter":"1","show_view_counter":"1","show_featured":"1","show_post_meta":"1","show_post_author_image":"1","show_post_date":"1","post_date_format":"default","post_date_format_custom":"Y\/m\/d","show_post_reading_time":"0","post_reading_time_wpm":"300","post_calculate_word_method":"str_word_count","show_zoom_button":"0","zoom_button_out_step":"2","zoom_button_in_step":"3","show_prev_next_post":"1","show_comment_section":"1","number_popup_post":"3","show_author_box":"0","show_post_related":"0","show_inline_post_related":"0"}],"image_override":[{"single_post_thumbnail_size":"crop-500","single_post_gallery_size":"crop-500"}],"trending_post_position":"meta","trending_post_label":"Trending","sponsored_post_label":"Sponsored by","disable_ad":"0","subtitle":"Ba\u015fantren\u00f6r\u00fcm\u00fcz Sarunas Jasikevicius, K\u0131z\u0131ly\u0131ld\u0131z ma\u00e7\u0131n\u0131n ard\u0131ndan de\u011ferlendirmelerde bulundu."},"jnews_primary_category":{"id":"5"},"jnews_social_meta":[],"jnews_override_counter":{"view_counter_number":"0","share_counter_number":"0","like_counter_number":"0","dislike_counter_number":"0"},"footnotes":""},"categories":[5,6,2],"tags":[24,74,23],"class_list":["post-30379","post","type-post","status-publish","format-standard","has-post-thumbnail","hentry","category-basketbol","category-erkek-basketbol","category-haberler","tag-basketbol","tag-euroleague","tag-fenerbahce"],"amp_enabled":true,"_links":{"self":[{"href":"https:\/\/www.fener.org\/index.php\/wp-json\/wp\/v2\/posts\/30379","targetHints":{"allow":["GET"]}}],"collection":[{"href":"https:\/\/www.fener.org\/index.php\/wp-json\/wp\/v2\/posts"}],"about":[{"href":"https:\/\/www.fener.org\/index.php\/wp-json\/wp\/v2\/types\/post"}],"author":[{"embeddable":true,"href":"https:\/\/www.fener.org\/index.php\/wp-json\/wp\/v2\/users\/1"}],"replies":[{"embeddable":true,"href":"https:\/\/www.fener.org\/index.php\/wp-json\/wp\/v2\/comments?post=30379"}],"version-history":[{"count":1,"href":"https:\/\/www.fener.org\/index.php\/wp-json\/wp\/v2\/posts\/30379\/revisions"}],"predecessor-version":[{"id":30381,"href":"https:\/\/www.fener.org\/index.php\/wp-json\/wp\/v2\/posts\/30379\/revisions\/30381"}],"wp:featuredmedia":[{"embeddable":true,"href":"https:\/\/www.fener.org\/index.php\/wp-json\/wp\/v2\/media\/30380"}],"wp:attachment":[{"href":"https:\/\/www.fener.org\/index.php\/wp-json\/wp\/v2\/media?parent=30379"}],"wp:term":[{"taxonomy":"category","embeddable":true,"href":"https:\/\/www.fener.org\/index.php\/wp-json\/wp\/v2\/categories?post=30379"},{"taxonomy":"post_tag","embeddable":true,"href":"https:\/\/www.fener.org\/index.php\/wp-json\/wp\/v2\/tags?post=30379"}],"curies":[{"name":"wp","href":"https:\/\/api.w.org\/{rel}","templated":true}]}}