{"id":30376,"date":"2026-03-14T00:35:34","date_gmt":"2026-03-13T21:35:34","guid":{"rendered":"https:\/\/www.fener.org\/?p=30376"},"modified":"2026-03-14T00:35:38","modified_gmt":"2026-03-13T21:35:38","slug":"kizilyildiz-79-73-fenerbahce-beko","status":"publish","type":"post","link":"https:\/\/www.fener.org\/index.php\/2026\/03\/14\/kizilyildiz-79-73-fenerbahce-beko\/","title":{"rendered":"K\u0131z\u0131ly\u0131ld\u0131z 79-73 Fenerbah\u00e7e Beko"},"content":{"rendered":"\n<p>Fenerbah\u00e7e Beko, EuroLeague 31. hafta ma\u00e7\u0131nda K\u0131z\u0131ly\u0131ld\u0131z\u2019a konuk oldu. Ekibimiz, Belgrade Arena\u2019da oynanan m\u00fccadeleden 79-73 ma\u011flup ayr\u0131ld\u0131.<br><br>Tak\u0131m\u0131m\u0131z\u0131n ilk 5\u2019i \u015fu isimlerden olu\u015ftu:<br>Mikael Jantunen, Bonzie Colson, Wade Baldwin, Tar\u0131k Biberovic ve Khem Birch.<br><br>Jordan Nwora ve Moneke\u2019yle ma\u00e7a iyi ba\u015flayan ev sahibi tak\u0131m 4-0\u2019\u0131 buldu. \u0130lk say\u0131lar\u0131m\u0131z Bonzie Colson\u2019la gelirken, ev sahibi tak\u0131m Codi Miller-McIntyre\u2019\u0131n da skor katk\u0131s\u0131yla 8 say\u0131l\u0131k bir fark yakalad\u0131. (10-2) Wade Baldwin\u2019in devreye girdi\u011fi b\u00f6l\u00fcmde harika bir geri d\u00f6n\u00fc\u015fe imza atan Fenerbah\u00e7e Beko Erkek Basketbol Tak\u0131m\u0131m\u0131z, 8-0\u2019l\u0131k bir seriyle skora denge getirdi. (10-10) \u00c7eyrekte son 3 dakikan\u0131n i\u00e7ine girilirken Tucker ve Bonzie\u2019nin \u00fcst \u00fcste buldu\u011fu isabetlerle fark yaratan ve skor \u00fcst\u00fcnl\u00fc\u011f\u00fcn\u00fc eline alan Tak\u0131m\u0131m\u0131z, ilk \u00e7eyre\u011fi 17-20\u2019yle \u00f6nde tamamlad\u0131.<br><br>\u0130kinci \u00e7eyrekte ilk say\u0131lar Fenerbah\u00e7e Beko Erkek Basketbol Tak\u0131m\u0131m\u0131zdan gelirken, fark da 7\u2019ye \u00e7\u0131kt\u0131. (17-24) Ebuka ve Moneke\u2019yle ma\u00e7a ortak olmaya \u00e7al\u0131\u015fan K\u0131z\u0131ly\u0131ld\u0131z\u2019\u0131 Baldwin ve Bonzie\u2019yle durduran Fenerbah\u00e7emiz, skoru 21-28\u2019e ta\u015f\u0131d\u0131. \u00c7eyrekte son 5 dakikaya 25-28\u2019le \u00f6nde ge\u00e7en Erkek Basketbol Tak\u0131m\u0131m\u0131z, Nando de Colo ve Onuralp Bitim\u2019in de skor y\u00fck\u00fcne ortak olmas\u0131yla soyunma odas\u0131na 33-42\u2019lik \u00fcst\u00fcnl\u00fckle girdi.<br><br>Ebuka ve Moneke \u00e7iftiyle \u00fc\u00e7\u00fcnc\u00fc \u00e7eyre\u011fe iyi giren ev sahibi K\u0131z\u0131ly\u0131ld\u0131z 44-38\u2019i buldu. Baldwin ve Tar\u0131k\u2019la rakibine cevap veren Fenerbah\u00e7emiz, skor \u00fcst\u00fcnl\u00fc\u011f\u00fcn\u00fc korudu. (38-46) Kar\u015f\u0131l\u0131kl\u0131 say\u0131larla devam eden b\u00f6l\u00fcmde skor da 52-52\u2019de e\u015fitlendi. Son \u00fc\u00e7 dakikaya girilirken Tucker\u2019\u0131n \u00fcretken oyunuyla tak\u0131m\u0131m\u0131z bir kez daha skor avantaj\u0131n\u0131 yakalad\u0131. (52-56) Skorerleriyle yeniden ma\u00e7a ortak olan ev sahibi tak\u0131m ise 61-56\u2019yla final \u00e7eyre\u011fine \u00f6nde giren taraf oldu.<br><br>Ojeleye ve Khem Birch\u2019\u00fcn kar\u015f\u0131l\u0131kl\u0131 isabetiyle ba\u015flayan karar periyodunda Fenerbah\u00e7emiz, skora denge getirdi. (63-63) Devam\u0131nda Butler, Moneke ve Nwora gibi oyuncular\u0131yla sonuca giden ev sahibi tak\u0131m, parkeden 79-73 galip ayr\u0131ld\u0131.<br><br><strong>Skor da\u011f\u0131l\u0131m\u0131m\u0131z: <\/strong>Baldwin 16, Colson 15, Horton-Tucker 14, Birch 6, Jantunen 6, Biberovic 5, Silva 3, Metecan 3, Onuralp 3, De Colo 2.<\/p>\n","protected":false},"excerpt":{"rendered":"<p>Fenerbah\u00e7e Beko, EuroLeague 31. hafta ma\u00e7\u0131nda K\u0131z\u0131ly\u0131ld\u0131z\u2019a konuk oldu. Ekibimiz, Belgrade Arena\u2019da oynanan m\u00fccadeleden 79-73 ma\u011flup ayr\u0131ld\u0131. Tak\u0131m\u0131m\u0131z\u0131n ilk 5\u2019i \u015fu isimlerden olu\u015ftu:Mikael Jantunen, Bonzie Colson, Wade Baldwin, Tar\u0131k Biberovic ve Khem Birch. Jordan Nwora ve Moneke\u2019yle ma\u00e7a iyi ba\u015flayan ev sahibi tak\u0131m 4-0\u2019\u0131 buldu. \u0130lk say\u0131lar\u0131m\u0131z Bonzie Colson\u2019la gelirken, ev sahibi tak\u0131m Codi Miller-McIntyre\u2019\u0131n [&hellip;]<\/p>\n","protected":false},"author":1,"featured_media":30377,"comment_status":"closed","ping_status":"closed","sticky":false,"template":"","format":"standard","meta":{"jnews-multi-image_gallery":[],"jnews_single_post":{"format":"standard","override":[{"template":"1","parallax":"1","fullscreen":"1","layout":"right-sidebar","sidebar":"mysidebar","second_sidebar":"default-sidebar","sticky_sidebar":"1","share_position":"float","share_float_style":"share-normal","show_share_counter":"1","show_view_counter":"1","show_featured":"1","show_post_meta":"1","show_post_author_image":"1","show_post_date":"1","post_date_format":"default","post_date_format_custom":"Y\/m\/d","show_post_reading_time":"0","post_reading_time_wpm":"300","post_calculate_word_method":"str_word_count","show_zoom_button":"0","zoom_button_out_step":"2","zoom_button_in_step":"3","show_prev_next_post":"1","show_comment_section":"1","number_popup_post":"3","show_author_box":"0","show_post_related":"0","show_inline_post_related":"0"}],"image_override":[{"single_post_thumbnail_size":"crop-500","single_post_gallery_size":"crop-500"}],"trending_post_position":"meta","trending_post_label":"Trending","sponsored_post_label":"Sponsored by","disable_ad":"0","subtitle":"Fenerbah\u00e7e Erkek Basketbol Tak\u0131m\u0131m\u0131z, EuroLeague 31. hafta ma\u00e7\u0131nda deplasmanda kar\u015f\u0131la\u015ft\u0131\u011f\u0131 K\u0131z\u0131ly\u0131ld\u0131z\u2019a 79-73 ma\u011flup oldu."},"jnews_primary_category":{"id":"5"},"jnews_social_meta":[],"jnews_override_counter":{"view_counter_number":"0","share_counter_number":"0","like_counter_number":"0","dislike_counter_number":"0"},"footnotes":""},"categories":[5,6,2],"tags":[24,74,23],"class_list":["post-30376","post","type-post","status-publish","format-standard","has-post-thumbnail","hentry","category-basketbol","category-erkek-basketbol","category-haberler","tag-basketbol","tag-euroleague","tag-fenerbahce"],"amp_enabled":true,"_links":{"self":[{"href":"https:\/\/www.fener.org\/index.php\/wp-json\/wp\/v2\/posts\/30376","targetHints":{"allow":["GET"]}}],"collection":[{"href":"https:\/\/www.fener.org\/index.php\/wp-json\/wp\/v2\/posts"}],"about":[{"href":"https:\/\/www.fener.org\/index.php\/wp-json\/wp\/v2\/types\/post"}],"author":[{"embeddable":true,"href":"https:\/\/www.fener.org\/index.php\/wp-json\/wp\/v2\/users\/1"}],"replies":[{"embeddable":true,"href":"https:\/\/www.fener.org\/index.php\/wp-json\/wp\/v2\/comments?post=30376"}],"version-history":[{"count":1,"href":"https:\/\/www.fener.org\/index.php\/wp-json\/wp\/v2\/posts\/30376\/revisions"}],"predecessor-version":[{"id":30378,"href":"https:\/\/www.fener.org\/index.php\/wp-json\/wp\/v2\/posts\/30376\/revisions\/30378"}],"wp:featuredmedia":[{"embeddable":true,"href":"https:\/\/www.fener.org\/index.php\/wp-json\/wp\/v2\/media\/30377"}],"wp:attachment":[{"href":"https:\/\/www.fener.org\/index.php\/wp-json\/wp\/v2\/media?parent=30376"}],"wp:term":[{"taxonomy":"category","embeddable":true,"href":"https:\/\/www.fener.org\/index.php\/wp-json\/wp\/v2\/categories?post=30376"},{"taxonomy":"post_tag","embeddable":true,"href":"https:\/\/www.fener.org\/index.php\/wp-json\/wp\/v2\/tags?post=30376"}],"curies":[{"name":"wp","href":"https:\/\/api.w.org\/{rel}","templated":true}]}}