{"id":30372,"date":"2026-03-13T22:16:33","date_gmt":"2026-03-13T19:16:33","guid":{"rendered":"https:\/\/www.fener.org\/?p=30372"},"modified":"2026-03-13T22:16:38","modified_gmt":"2026-03-13T19:16:38","slug":"fatih-karagumruk-2-0-fenerbahce","status":"publish","type":"post","link":"https:\/\/www.fener.org\/index.php\/2026\/03\/13\/fatih-karagumruk-2-0-fenerbahce\/","title":{"rendered":"Fatih Karag\u00fcmr\u00fck 2-0 Fenerbah\u00e7e"},"content":{"rendered":"\n<p>Fenerbah\u00e7emiz, Trendyol S\u00fcper Lig&#8217;in 26. hafta ma\u00e7\u0131nda M. Fatih Karag\u00fcmr\u00fck\u2019e konuk oldu. Atat\u00fcrk Olimpiyat Stadyumu\u2019nda oynanan m\u00fcsabaka 2-0 ev sahibi tak\u0131m\u0131n \u00fcst\u00fcnl\u00fc\u011f\u00fcyle tamamland\u0131.<\/p>\n\n\n\n<p>Her iki tak\u0131m oyuncular\u0131 da T\u0131p Bayram\u0131 nedeniyle kanserle m\u00fccadeleye dikkat \u00e7eken pankartlarla sahaya geldi.<\/p>\n\n\n\n<p>Futbol Tak\u0131m\u0131m\u0131z, ligin 27. haftas\u0131nda 17 Mart Sal\u0131 g\u00fcn\u00fc Chobani Stadyumu Fenerbah\u00e7e \u015e\u00fckr\u00fc Saraco\u011flu Spor Kompleksi\u2019nde Gaziantep Futbol Kul\u00fcb\u00fc\u2019n\u00fc konuk edecek.<\/p>\n\n\n<p><strong>Ma\u00e7tan dakikalar:<\/strong><\/p>\n<p>15. dakikada M. Fatih Karag\u00fcmr\u00fck \u00f6ne ge\u00e7ti. Soldan kazan\u0131lan korner at\u0131\u015f\u0131nda Bar\u0131\u015f Kalayc\u0131 ceza sahas\u0131 i\u00e7ine ortalad\u0131. Jayden Oosterwolde&#8217;nin uzakla\u015ft\u0131rmak istedi\u011fi top Bartu\u011f Elmaz&#8217;\u0131n \u00f6n\u00fcnde kald\u0131. Bu futbolcunun geli\u015fine vuru\u015funda me\u015fin yuvarlak k\u00f6\u015feden filelere gitti: 1-0.<\/p>\n<p>27. dakikada sa\u011fdan son \u00e7izgiye inen Fred, ceza sahas\u0131 yay\u0131 \u00fczerindeki Levent Mercan&#8217;a pas\u0131n\u0131 aktard\u0131. Bu futbolcunun d\u00fczeltip sert \u015futunda me\u015fin yuvarlak az farkla \u00fcstten d\u0131\u015far\u0131 \u00e7\u0131kt\u0131.<\/p>\n<p>36. dakikada M. Fatih Karag\u00fcmr\u00fck etkili geldi. Sa\u011fdan ceza sahas\u0131na giren Serginho, penalt\u0131 noktas\u0131na hareketlenen Bar\u0131\u015f Kalayc\u0131&#8217;ya pas\u0131n\u0131 aktard\u0131. Bu futbolcunun yerden sert \u015futunda me\u015fin yuvarlak az farkla dire\u011fin yan\u0131ndan auta gitti.<\/p>\n<p>45+1. dakikada ev sahibi tak\u0131m fark\u0131 2&#8217;ye \u00e7\u0131kard\u0131. Sa\u011fdan kullan\u0131lan korner at\u0131\u015f\u0131nda ceza sahas\u0131 i\u00e7inde y\u00fckselen Lichnovsky kafayla arka dire\u011fe indirdi. Bu noktaya ko\u015fan Serginho yak\u0131n mesafeden topu filelere yollad\u0131: 2-0.<\/p>\n<p>52. dakikada ev sahibi ekip etkili geldi. Bar\u0131\u015f Kalayc\u0131&#8217;n\u0131n pas\u0131nda topla bulu\u015fan Tiago \u00c7ukur, savunman\u0131n arkas\u0131na hareketlenen Serginho&#8217;ya pas\u0131n\u0131 aktard\u0131. Bu futbolcunun ceza sahas\u0131 i\u00e7i sol \u00e7apraz\u0131ndan vuru\u015funda kaleci Mert ayaklar\u0131yla gole izin vermedi.<\/p>\n<p>71. dakikada Levent Mercan&#8217;\u0131n pas\u0131nda sa\u011f kanatta topla bulu\u015fan Musaba, iki rakibinden s\u0131yr\u0131l\u0131p ceza sahas\u0131na girdi. Bu futbolcunun \u00e7aprazdan sert vuru\u015funda kaleci Grbic gole engel oldu.<\/p>\n<p>79. dakikada O\u011fuz Ayd\u0131n&#8217;\u0131n sa\u011fdan ortas\u0131nda ceza sahas\u0131 i\u00e7inde topla bulu\u015fan Musaba&#8217;n\u0131n d\u00fczeltip vuru\u015funda kaleci Grbic son anda topu kornere g\u00f6nderdi.<\/p>","protected":false},"excerpt":{"rendered":"<p>Fenerbah\u00e7emiz, Trendyol S\u00fcper Lig&#8217;in 26. hafta ma\u00e7\u0131nda M. Fatih Karag\u00fcmr\u00fck\u2019e konuk oldu. Atat\u00fcrk Olimpiyat Stadyumu\u2019nda oynanan m\u00fcsabaka 2-0 ev sahibi tak\u0131m\u0131n \u00fcst\u00fcnl\u00fc\u011f\u00fcyle tamamland\u0131. Her iki tak\u0131m oyuncular\u0131 da T\u0131p Bayram\u0131 nedeniyle kanserle m\u00fccadeleye dikkat \u00e7eken pankartlarla sahaya geldi. Futbol Tak\u0131m\u0131m\u0131z, ligin 27. haftas\u0131nda 17 Mart Sal\u0131 g\u00fcn\u00fc Chobani Stadyumu Fenerbah\u00e7e \u015e\u00fckr\u00fc Saraco\u011flu Spor Kompleksi\u2019nde Gaziantep [&hellip;]<\/p>\n","protected":false},"author":1,"featured_media":30374,"comment_status":"closed","ping_status":"closed","sticky":false,"template":"","format":"standard","meta":{"jnews-multi-image_gallery":[],"jnews_single_post":{"format":"standard","override":[{"template":"1","parallax":"1","fullscreen":"1","layout":"right-sidebar","sidebar":"mysidebar","second_sidebar":"default-sidebar","sticky_sidebar":"1","share_position":"float","share_float_style":"share-normal","show_share_counter":"1","show_view_counter":"1","show_featured":"1","show_post_meta":"1","show_post_author_image":"1","show_post_date":"1","post_date_format":"default","post_date_format_custom":"Y\/m\/d","show_post_reading_time":"0","post_reading_time_wpm":"300","post_calculate_word_method":"str_word_count","show_zoom_button":"0","zoom_button_out_step":"2","zoom_button_in_step":"3","show_prev_next_post":"1","show_comment_section":"1","number_popup_post":"3","show_author_box":"0","show_post_related":"0","show_inline_post_related":"0"}],"image_override":[{"single_post_thumbnail_size":"crop-500","single_post_gallery_size":"crop-500"}],"trending_post_position":"meta","trending_post_label":"Trending","sponsored_post_label":"Sponsored by","disable_ad":"0","subtitle":"Fenerbah\u00e7e, S\u00fcper Lig'in 26. haftas\u0131nda Fatih Karag\u00fcmr\u00fck\u2019e konuk oldu\u011fu ma\u00e7tan 2-0 ma\u011flup ayr\u0131ld\u0131."},"jnews_primary_category":{"id":"4"},"jnews_social_meta":[],"jnews_override_counter":{"view_counter_number":"0","share_counter_number":"0","like_counter_number":"0","dislike_counter_number":"0"},"footnotes":""},"categories":[4,2,47],"tags":[23,54],"class_list":["post-30372","post","type-post","status-publish","format-standard","has-post-thumbnail","hentry","category-futbol","category-haberler","category-profesyonel-a-futbol-takimi","tag-fenerbahce","tag-futbol"],"amp_enabled":true,"_links":{"self":[{"href":"https:\/\/www.fener.org\/index.php\/wp-json\/wp\/v2\/posts\/30372","targetHints":{"allow":["GET"]}}],"collection":[{"href":"https:\/\/www.fener.org\/index.php\/wp-json\/wp\/v2\/posts"}],"about":[{"href":"https:\/\/www.fener.org\/index.php\/wp-json\/wp\/v2\/types\/post"}],"author":[{"embeddable":true,"href":"https:\/\/www.fener.org\/index.php\/wp-json\/wp\/v2\/users\/1"}],"replies":[{"embeddable":true,"href":"https:\/\/www.fener.org\/index.php\/wp-json\/wp\/v2\/comments?post=30372"}],"version-history":[{"count":2,"href":"https:\/\/www.fener.org\/index.php\/wp-json\/wp\/v2\/posts\/30372\/revisions"}],"predecessor-version":[{"id":30375,"href":"https:\/\/www.fener.org\/index.php\/wp-json\/wp\/v2\/posts\/30372\/revisions\/30375"}],"wp:featuredmedia":[{"embeddable":true,"href":"https:\/\/www.fener.org\/index.php\/wp-json\/wp\/v2\/media\/30374"}],"wp:attachment":[{"href":"https:\/\/www.fener.org\/index.php\/wp-json\/wp\/v2\/media?parent=30372"}],"wp:term":[{"taxonomy":"category","embeddable":true,"href":"https:\/\/www.fener.org\/index.php\/wp-json\/wp\/v2\/categories?post=30372"},{"taxonomy":"post_tag","embeddable":true,"href":"https:\/\/www.fener.org\/index.php\/wp-json\/wp\/v2\/tags?post=30372"}],"curies":[{"name":"wp","href":"https:\/\/api.w.org\/{rel}","templated":true}]}}