{"id":30369,"date":"2026-03-12T21:24:44","date_gmt":"2026-03-12T18:24:44","guid":{"rendered":"https:\/\/www.fener.org\/?p=30369"},"modified":"2026-03-12T21:24:49","modified_gmt":"2026-03-12T18:24:49","slug":"fenerbahce-medicana-erkek-voleybol-takimimiz-cev-cupa-veda-etti","status":"publish","type":"post","link":"https:\/\/www.fener.org\/index.php\/2026\/03\/12\/fenerbahce-medicana-erkek-voleybol-takimimiz-cev-cupa-veda-etti\/","title":{"rendered":"Fenerbah\u00e7e Medicana Erkek Voleybol Tak\u0131m\u0131m\u0131z, CEV Cup\u2019a veda etti"},"content":{"rendered":"\n<p>Fenerbah\u00e7e Medicana Erkek Voleybol Tak\u0131m\u0131m\u0131z, CEV Cup \u00c7eyrek Final r\u00f6van\u015f ma\u00e7\u0131nda Slovenya ekibi ACH Volley Ljubljana\u2019y\u0131 Burhan Felek Vestel Voleybol Salonu&#8217;nda konuk etti.<\/p>\n\n\n\n<p>Deplasmanda oynad\u0131\u011f\u0131 m\u00fccadeleyi 3-2 kaybeden tak\u0131m\u0131m\u0131z, bu kar\u015f\u0131la\u015fmadan da 3-1 ma\u011flup ayr\u0131ld\u0131 ve CEV Cup\u2019a veda etti.<\/p>\n\n\n\n<p>Kar\u015f\u0131la\u015fman\u0131n setleri; 25-19, 19-25, 21-25 ve 16-25 tamamland\u0131.<\/p>\n\n\n\n<p>B. Chinenyeze, Yi\u011fit G\u00fclmezo\u011flu, Earvin Ngapeth, Adis Lagumdzija, Fabian Drzyzga, Halit Kurtulu\u015f alt\u0131s\u0131 ve libero Burutay Suba\u015f\u0131 ile ma\u00e7a ba\u015flayan Fenerbah\u00e7e Medicana, Chinenyeze\u2019nin etkili oldu\u011fu ilk seti 25-19 \u00f6nde tamamlayarak 1-0 \u00f6ne ge\u00e7ti. \u0130kinci sette ise oyuna denge getiren deplasman ekibi, seti 25-19 kazanarak e\u015fitli\u011fi yakalad\u0131: 1-1. \u00dc\u00e7\u00fcnc\u00fc seti de 25-21 \u00f6nde tamamlayan Ljubljana, setlerde 2-1 \u00f6ne ge\u00e7ti. D\u00f6rd\u00fcnc\u00fc sette de istedi\u011fi oyuna sahaya yans\u0131tamayan Fenerbah\u00e7e Medicana, seti 25-16, ma\u00e7\u0131 da 3-1 kaybederek CEV Cup\u2019a veda etti.<\/p>\n\n\n\n<p>Fenerbah\u00e7e Medicana ligde ise 15 Mart Pazar g\u00fcn\u00fc saat 16.00\u2019da Burhan Felek Vestel Voleybol Salonu\u2019nda Ku\u015fg\u00f6z \u0130zmir Vin\u00e7 Akku\u015f Belediyespor\u2019u a\u011f\u0131rlayacak.<\/p>\n","protected":false},"excerpt":{"rendered":"<p>Fenerbah\u00e7e Medicana Erkek Voleybol Tak\u0131m\u0131m\u0131z, CEV Cup \u00c7eyrek Final r\u00f6van\u015f ma\u00e7\u0131nda Slovenya ekibi ACH Volley Ljubljana\u2019y\u0131 Burhan Felek Vestel Voleybol Salonu&#8217;nda konuk etti. Deplasmanda oynad\u0131\u011f\u0131 m\u00fccadeleyi 3-2 kaybeden tak\u0131m\u0131m\u0131z, bu kar\u015f\u0131la\u015fmadan da 3-1 ma\u011flup ayr\u0131ld\u0131 ve CEV Cup\u2019a veda etti. Kar\u015f\u0131la\u015fman\u0131n setleri; 25-19, 19-25, 21-25 ve 16-25 tamamland\u0131. B. Chinenyeze, Yi\u011fit G\u00fclmezo\u011flu, Earvin Ngapeth, Adis [&hellip;]<\/p>\n","protected":false},"author":1,"featured_media":30370,"comment_status":"closed","ping_status":"closed","sticky":false,"template":"","format":"standard","meta":{"jnews-multi-image_gallery":[],"jnews_single_post":{"format":"standard","override":[{"template":"1","parallax":"1","fullscreen":"1","layout":"right-sidebar","sidebar":"mysidebar","second_sidebar":"default-sidebar","sticky_sidebar":"1","share_position":"float","share_float_style":"share-normal","show_share_counter":"1","show_view_counter":"1","show_featured":"1","show_post_meta":"1","show_post_author_image":"1","show_post_date":"1","post_date_format":"default","post_date_format_custom":"Y\/m\/d","show_post_reading_time":"0","post_reading_time_wpm":"300","post_calculate_word_method":"str_word_count","show_zoom_button":"0","zoom_button_out_step":"2","zoom_button_in_step":"3","show_prev_next_post":"1","show_comment_section":"1","number_popup_post":"3","show_author_box":"0","show_post_related":"0","show_inline_post_related":"0"}],"image_override":[{"single_post_thumbnail_size":"crop-500","single_post_gallery_size":"crop-500"}],"trending_post_position":"meta","trending_post_label":"Trending","sponsored_post_label":"Sponsored by","disable_ad":"0","subtitle":"Fenerbah\u00e7e Erkek Voleybol Tak\u0131m\u0131m\u0131z, CEV Cup \u00c7eyrek Final r\u00f6van\u015f ma\u00e7\u0131nda sahas\u0131nda ACH Volley Ljubljana ile oynad\u0131\u011f\u0131 ma\u00e7tan 3-1 ma\u011flup ayr\u0131ld\u0131 ve CEV Cup\u2019a veda etti."},"jnews_primary_category":{"id":"8"},"jnews_social_meta":[],"jnews_override_counter":{"view_counter_number":"0","share_counter_number":"0","like_counter_number":"0","dislike_counter_number":"0"},"footnotes":""},"categories":[9,2,8],"tags":[23,29],"class_list":["post-30369","post","type-post","status-publish","format-standard","has-post-thumbnail","hentry","category-erkek-voleybol","category-haberler","category-voleybol","tag-fenerbahce","tag-voleybol"],"amp_enabled":true,"_links":{"self":[{"href":"https:\/\/www.fener.org\/index.php\/wp-json\/wp\/v2\/posts\/30369","targetHints":{"allow":["GET"]}}],"collection":[{"href":"https:\/\/www.fener.org\/index.php\/wp-json\/wp\/v2\/posts"}],"about":[{"href":"https:\/\/www.fener.org\/index.php\/wp-json\/wp\/v2\/types\/post"}],"author":[{"embeddable":true,"href":"https:\/\/www.fener.org\/index.php\/wp-json\/wp\/v2\/users\/1"}],"replies":[{"embeddable":true,"href":"https:\/\/www.fener.org\/index.php\/wp-json\/wp\/v2\/comments?post=30369"}],"version-history":[{"count":1,"href":"https:\/\/www.fener.org\/index.php\/wp-json\/wp\/v2\/posts\/30369\/revisions"}],"predecessor-version":[{"id":30371,"href":"https:\/\/www.fener.org\/index.php\/wp-json\/wp\/v2\/posts\/30369\/revisions\/30371"}],"wp:featuredmedia":[{"embeddable":true,"href":"https:\/\/www.fener.org\/index.php\/wp-json\/wp\/v2\/media\/30370"}],"wp:attachment":[{"href":"https:\/\/www.fener.org\/index.php\/wp-json\/wp\/v2\/media?parent=30369"}],"wp:term":[{"taxonomy":"category","embeddable":true,"href":"https:\/\/www.fener.org\/index.php\/wp-json\/wp\/v2\/categories?post=30369"},{"taxonomy":"post_tag","embeddable":true,"href":"https:\/\/www.fener.org\/index.php\/wp-json\/wp\/v2\/tags?post=30369"}],"curies":[{"name":"wp","href":"https:\/\/api.w.org\/{rel}","templated":true}]}}