{"id":30364,"date":"2026-03-12T20:20:57","date_gmt":"2026-03-12T17:20:57","guid":{"rendered":"https:\/\/www.fener.org\/?p=30364"},"modified":"2026-03-12T20:21:01","modified_gmt":"2026-03-12T17:21:01","slug":"fenerbahce-beko-kizilyildiza-konuk-oluyor-5","status":"publish","type":"post","link":"https:\/\/www.fener.org\/index.php\/2026\/03\/12\/fenerbahce-beko-kizilyildiza-konuk-oluyor-5\/","title":{"rendered":"Fenerbah\u00e7e Beko, K\u0131z\u0131ly\u0131ld\u0131z\u2019a konuk oluyor"},"content":{"rendered":"\n<p>Fenerbah\u00e7e Beko Erkek Basketbol Tak\u0131m\u0131m\u0131z, EuroLeague 31. hafta ma\u00e7\u0131nda K\u0131z\u0131ly\u0131ld\u0131z\u2019a konuk oluyor. 13 Mart Cuma g\u00fcn\u00fc (yar\u0131n) Belgrade Arena\u2019da oynanacak m\u00fccadele TS\u0130 22.00\u2019de ba\u015flayacak ve S Sport\u2019tan canl\u0131 yay\u0131nlanacak. M\u00fccadeleyi Juan Carlos Garcia (\u0130spanya), Mehdi Difallah (Fransa) ve Sergio Silva (Portekiz) hakem \u00fc\u00e7l\u00fcs\u00fc y\u00f6netecek.<\/p>\n\n\n\n<p>Fenerbah\u00e7e Beko, EuroLeague\u2019de oynad\u0131\u011f\u0131 29 ma\u00e7ta ald\u0131\u011f\u0131 22 galibiyetle puan cetvelinin zirvesinde yer al\u0131yor. Son olarak evinde AS Monaco\u2019yu konuk eden tak\u0131m\u0131m\u0131z, sahadan 88-70\u2019lik skorla galip ayr\u0131ld\u0131.<\/p>\n\n\n\n<p>T\u00fcrkiye Sigorta Basketbol S\u00fcper Ligi\u2019nde ise 21 ma\u00e7ta ald\u0131\u011f\u0131 19 galibiyetle zirvede bulunan ekibimiz son ma\u00e7\u0131nda Mersin Spor\u2019u 91-78\u2019lik skorla ge\u00e7ti.<\/p>\n\n\n\n<p>Tedavileri devam eden Nicolo Melli ve Devon Hall, K\u0131z\u0131ly\u0131ld\u0131z kar\u015f\u0131s\u0131nda forma giyemeyecek.<\/p>\n\n\n\n<p>Antren\u00f6r Sasa Obradovic taraf\u0131ndan \u00e7al\u0131\u015ft\u0131r\u0131lan K\u0131z\u0131ly\u0131ld\u0131z, EuroLeague\u2019de oynad\u0131\u011f\u0131 30 ma\u00e7ta ald\u0131\u011f\u0131 17 galibiyetle yedinci s\u0131rada yer al\u0131yor. Son olarak Bayern M\u00fcnih\u2019i evinde konuk eden K\u0131z\u0131ly\u0131ld\u0131z, rakibine 85-80\u2019lik skorla ma\u011flup oldu.<\/p>\n\n\n\n<p>K\u0131z\u0131ly\u0131ld\u0131z, ABA Ligi\u2019nde ise oynad\u0131\u011f\u0131 18 ma\u00e7ta ald\u0131\u011f\u0131 14 galibiyetle puan cetvelinin \u00fc\u00e7\u00fcnc\u00fc s\u0131ras\u0131nda yer al\u0131yor. Son ma\u00e7\u0131nda Cluj-Napoca\u2019ya konuk olan rakibimiz sahadan 97-85\u2019lik skorla galip ayr\u0131ld\u0131.<\/p>\n\n\n\n<p>Fenerbah\u00e7e Beko, rakibiyle EuroLeague\u2019in mevcut format\u0131nda oynad\u0131\u011f\u0131 21 ma\u00e7ta 13 galibiyet elde etti.<\/p>\n","protected":false},"excerpt":{"rendered":"<p>Fenerbah\u00e7e Beko Erkek Basketbol Tak\u0131m\u0131m\u0131z, EuroLeague 31. hafta ma\u00e7\u0131nda K\u0131z\u0131ly\u0131ld\u0131z\u2019a konuk oluyor. 13 Mart Cuma g\u00fcn\u00fc (yar\u0131n) Belgrade Arena\u2019da oynanacak m\u00fccadele TS\u0130 22.00\u2019de ba\u015flayacak ve S Sport\u2019tan canl\u0131 yay\u0131nlanacak. M\u00fccadeleyi Juan Carlos Garcia (\u0130spanya), Mehdi Difallah (Fransa) ve Sergio Silva (Portekiz) hakem \u00fc\u00e7l\u00fcs\u00fc y\u00f6netecek. Fenerbah\u00e7e Beko, EuroLeague\u2019de oynad\u0131\u011f\u0131 29 ma\u00e7ta ald\u0131\u011f\u0131 22 galibiyetle puan cetvelinin [&hellip;]<\/p>\n","protected":false},"author":1,"featured_media":29599,"comment_status":"closed","ping_status":"closed","sticky":false,"template":"","format":"standard","meta":{"jnews-multi-image_gallery":[],"jnews_single_post":{"format":"standard","override":[{"template":"1","parallax":"1","fullscreen":"1","layout":"right-sidebar","sidebar":"mysidebar","second_sidebar":"default-sidebar","sticky_sidebar":"1","share_position":"float","share_float_style":"share-normal","show_share_counter":"1","show_view_counter":"1","show_featured":"1","show_post_meta":"1","show_post_author_image":"1","show_post_date":"1","post_date_format":"default","post_date_format_custom":"Y\/m\/d","show_post_reading_time":"0","post_reading_time_wpm":"300","post_calculate_word_method":"str_word_count","show_zoom_button":"0","zoom_button_out_step":"2","zoom_button_in_step":"3","show_prev_next_post":"1","show_comment_section":"1","number_popup_post":"3","show_author_box":"0","show_post_related":"0","show_inline_post_related":"0"}],"image_override":[{"single_post_thumbnail_size":"crop-500","single_post_gallery_size":"crop-500"}],"trending_post_position":"meta","trending_post_label":"Trending","sponsored_post_label":"Sponsored by","disable_ad":"0","subtitle":"Fenerbah\u00e7e Erkek Basketbol Tak\u0131m\u0131m\u0131<, EuroLeague 31. haftas\u0131nda deplasmanda K\u0131z\u0131ly\u0131ld\u0131z ile kar\u015f\u0131la\u015f\u0131yor."},"jnews_primary_category":{"id":"5"},"jnews_social_meta":[],"jnews_override_counter":{"view_counter_number":"0","share_counter_number":"0","like_counter_number":"0","dislike_counter_number":"0"},"footnotes":""},"categories":[5,6,2],"tags":[24,74,23],"class_list":["post-30364","post","type-post","status-publish","format-standard","has-post-thumbnail","hentry","category-basketbol","category-erkek-basketbol","category-haberler","tag-basketbol","tag-euroleague","tag-fenerbahce"],"amp_enabled":true,"_links":{"self":[{"href":"https:\/\/www.fener.org\/index.php\/wp-json\/wp\/v2\/posts\/30364","targetHints":{"allow":["GET"]}}],"collection":[{"href":"https:\/\/www.fener.org\/index.php\/wp-json\/wp\/v2\/posts"}],"about":[{"href":"https:\/\/www.fener.org\/index.php\/wp-json\/wp\/v2\/types\/post"}],"author":[{"embeddable":true,"href":"https:\/\/www.fener.org\/index.php\/wp-json\/wp\/v2\/users\/1"}],"replies":[{"embeddable":true,"href":"https:\/\/www.fener.org\/index.php\/wp-json\/wp\/v2\/comments?post=30364"}],"version-history":[{"count":1,"href":"https:\/\/www.fener.org\/index.php\/wp-json\/wp\/v2\/posts\/30364\/revisions"}],"predecessor-version":[{"id":30365,"href":"https:\/\/www.fener.org\/index.php\/wp-json\/wp\/v2\/posts\/30364\/revisions\/30365"}],"wp:featuredmedia":[{"embeddable":true,"href":"https:\/\/www.fener.org\/index.php\/wp-json\/wp\/v2\/media\/29599"}],"wp:attachment":[{"href":"https:\/\/www.fener.org\/index.php\/wp-json\/wp\/v2\/media?parent=30364"}],"wp:term":[{"taxonomy":"category","embeddable":true,"href":"https:\/\/www.fener.org\/index.php\/wp-json\/wp\/v2\/categories?post=30364"},{"taxonomy":"post_tag","embeddable":true,"href":"https:\/\/www.fener.org\/index.php\/wp-json\/wp\/v2\/tags?post=30364"}],"curies":[{"name":"wp","href":"https:\/\/api.w.org\/{rel}","templated":true}]}}