{"id":30359,"date":"2026-03-12T09:48:09","date_gmt":"2026-03-12T06:48:09","guid":{"rendered":"https:\/\/www.fener.org\/?p=30359"},"modified":"2026-03-12T09:48:16","modified_gmt":"2026-03-12T06:48:16","slug":"fenerbahce-medicana-cev-cupta-ach-volley-ljubljanayi-agirliyor","status":"publish","type":"post","link":"https:\/\/www.fener.org\/index.php\/2026\/03\/12\/fenerbahce-medicana-cev-cupta-ach-volley-ljubljanayi-agirliyor\/","title":{"rendered":"Fenerbah\u00e7e Medicana, CEV Cup\u2019ta ACH Volley Ljubljana\u2019y\u0131 a\u011f\u0131rl\u0131yor"},"content":{"rendered":"\n<p>Fenerbah\u00e7e Medicana Erkek Voleybol Tak\u0131m\u0131m\u0131z, CEV Cup \u00c7eyrek Final r\u00f6van\u015f ma\u00e7\u0131nda Slovenya ekibi ACH Volley Ljubljana\u2019y\u0131 konuk edecek.<\/p>\n\n\n\n<p>12 Mart Per\u015fembe g\u00fcn\u00fc Burhan Felek Vestel Voleybol Salonu\u2019nda oynanacak kar\u015f\u0131la\u015fma saat 19.00\u2019da ba\u015flayacak ve Fenerbah\u00e7e Televizyonu\u2019ndan canl\u0131 yay\u0131nlanacak.<\/p>\n\n\n\n<p>Fenerbah\u00e7e Medicana, 3-0 ya da 3-1 kazanmas\u0131 halinde ad\u0131n\u0131 yar\u0131 finale yazd\u0131racak.<\/p>\n\n\n\n<p>Tak\u0131m\u0131m\u0131z\u0131n 3-2&#8217;lik galibiyeti durumunda turu ge\u00e7en taraf\u0131 alt\u0131n set belirleyecek. Her t\u00fcrl\u00fc ACH Volley Ljubljana galibiyetinde ise ekibimiz Avrupa Kupas\u0131\u2019na veda edecek.<\/p>\n","protected":false},"excerpt":{"rendered":"<p>Fenerbah\u00e7e Medicana Erkek Voleybol Tak\u0131m\u0131m\u0131z, CEV Cup \u00c7eyrek Final r\u00f6van\u015f ma\u00e7\u0131nda Slovenya ekibi ACH Volley Ljubljana\u2019y\u0131 konuk edecek. 12 Mart Per\u015fembe g\u00fcn\u00fc Burhan Felek Vestel Voleybol Salonu\u2019nda oynanacak kar\u015f\u0131la\u015fma saat 19.00\u2019da ba\u015flayacak ve Fenerbah\u00e7e Televizyonu\u2019ndan canl\u0131 yay\u0131nlanacak. Fenerbah\u00e7e Medicana, 3-0 ya da 3-1 kazanmas\u0131 halinde ad\u0131n\u0131 yar\u0131 finale yazd\u0131racak. Tak\u0131m\u0131m\u0131z\u0131n 3-2&#8217;lik galibiyeti durumunda turu ge\u00e7en [&hellip;]<\/p>\n","protected":false},"author":1,"featured_media":30126,"comment_status":"closed","ping_status":"closed","sticky":false,"template":"","format":"standard","meta":{"jnews-multi-image_gallery":[],"jnews_single_post":{"format":"standard","override":[{"template":"1","parallax":"1","fullscreen":"1","layout":"right-sidebar","sidebar":"mysidebar","second_sidebar":"default-sidebar","sticky_sidebar":"1","share_position":"float","share_float_style":"share-normal","show_share_counter":"1","show_view_counter":"1","show_featured":"1","show_post_meta":"1","show_post_author_image":"1","show_post_date":"1","post_date_format":"default","post_date_format_custom":"Y\/m\/d","show_post_reading_time":"0","post_reading_time_wpm":"300","post_calculate_word_method":"str_word_count","show_zoom_button":"0","zoom_button_out_step":"2","zoom_button_in_step":"3","show_prev_next_post":"1","show_comment_section":"1","number_popup_post":"3","show_author_box":"0","show_post_related":"0","show_inline_post_related":"0"}],"image_override":[{"single_post_thumbnail_size":"crop-500","single_post_gallery_size":"crop-500"}],"trending_post_position":"meta","trending_post_label":"Trending","sponsored_post_label":"Sponsored by","disable_ad":"0","subtitle":"Fenerbah\u00e7e Erkek Voleybol Tak\u0131m\u0131m\u0131z, CEV Cup \u00c7eyrek Final r\u00f6van\u015f ma\u00e7\u0131nda sahas\u0131nda ACH Volley Ljubljana ile kar\u015f\u0131la\u015f\u0131yor."},"jnews_primary_category":{"id":"8"},"jnews_social_meta":[],"jnews_override_counter":{"view_counter_number":"0","share_counter_number":"0","like_counter_number":"0","dislike_counter_number":"0"},"footnotes":""},"categories":[9,2,8],"tags":[23,29],"class_list":["post-30359","post","type-post","status-publish","format-standard","has-post-thumbnail","hentry","category-erkek-voleybol","category-haberler","category-voleybol","tag-fenerbahce","tag-voleybol"],"amp_enabled":true,"_links":{"self":[{"href":"https:\/\/www.fener.org\/index.php\/wp-json\/wp\/v2\/posts\/30359","targetHints":{"allow":["GET"]}}],"collection":[{"href":"https:\/\/www.fener.org\/index.php\/wp-json\/wp\/v2\/posts"}],"about":[{"href":"https:\/\/www.fener.org\/index.php\/wp-json\/wp\/v2\/types\/post"}],"author":[{"embeddable":true,"href":"https:\/\/www.fener.org\/index.php\/wp-json\/wp\/v2\/users\/1"}],"replies":[{"embeddable":true,"href":"https:\/\/www.fener.org\/index.php\/wp-json\/wp\/v2\/comments?post=30359"}],"version-history":[{"count":1,"href":"https:\/\/www.fener.org\/index.php\/wp-json\/wp\/v2\/posts\/30359\/revisions"}],"predecessor-version":[{"id":30360,"href":"https:\/\/www.fener.org\/index.php\/wp-json\/wp\/v2\/posts\/30359\/revisions\/30360"}],"wp:featuredmedia":[{"embeddable":true,"href":"https:\/\/www.fener.org\/index.php\/wp-json\/wp\/v2\/media\/30126"}],"wp:attachment":[{"href":"https:\/\/www.fener.org\/index.php\/wp-json\/wp\/v2\/media?parent=30359"}],"wp:term":[{"taxonomy":"category","embeddable":true,"href":"https:\/\/www.fener.org\/index.php\/wp-json\/wp\/v2\/categories?post=30359"},{"taxonomy":"post_tag","embeddable":true,"href":"https:\/\/www.fener.org\/index.php\/wp-json\/wp\/v2\/tags?post=30359"}],"curies":[{"name":"wp","href":"https:\/\/api.w.org\/{rel}","templated":true}]}}