{"id":30352,"date":"2026-03-11T20:34:19","date_gmt":"2026-03-11T17:34:19","guid":{"rendered":"https:\/\/www.fener.org\/?p=30352"},"modified":"2026-03-11T20:34:24","modified_gmt":"2026-03-11T17:34:24","slug":"sari-melekler-cev-sampiyonlar-ligi-ceyrek-final-ilk-macinda-scandicciye-konuk-oluyor","status":"publish","type":"post","link":"https:\/\/www.fener.org\/index.php\/2026\/03\/11\/sari-melekler-cev-sampiyonlar-ligi-ceyrek-final-ilk-macinda-scandicciye-konuk-oluyor\/","title":{"rendered":"Sar\u0131 Melekler, CEV \u015eampiyonlar Ligi \u00c7eyrek Final ilk ma\u00e7\u0131nda Scandicci\u2019ye konuk oluyor"},"content":{"rendered":"\n<p>Fenerbah\u00e7e Medicana Kad\u0131nlar CEV \u015eampiyonlar Ligi \u00c7eyrek Final ilk ma\u00e7\u0131nda \u0130talya temsilcisi Savino Del Bene Scandicci\u2019ye konuk oluyor.<\/p>\n\n\n\n<p>11 Mart \u00c7ar\u015famba g\u00fcn\u00fc Palazzo Wanny Firenze\u2019de oynanacak kar\u015f\u0131la\u015fma TS\u0130 21.00\u2019de ba\u015flayacak ve TRT Spor Y\u0131ld\u0131z\u2019dan canl\u0131 yay\u0131nlanacak.<\/p>\n\n\n\n<p>Sar\u0131 Melekler, CEV \u015eampiyonlar Ligi\u2019nde m\u00fccadele etti\u011fi B Grubu\u2019nu 6\u2019da 6 yaparak lider tamamlad\u0131.<\/p>\n\n\n\n<p>Rakibimiz Savino Del Bene Scandicci de 6 ma\u00e7ta ald\u0131\u011f\u0131 4 galibiyetle A Grubu\u2019nu ikinci s\u0131rada noktalad\u0131.<\/p>\n\n\n\n<p>\u00c7eyrek final r\u00f6van\u015f ma\u00e7\u0131 ise 19 Mart Per\u015fembe g\u00fcn\u00fc saat 17.00\u2019de Burhan Felek Vestel Voleybol Salonu\u2019nda oynanacak.<\/p>\n","protected":false},"excerpt":{"rendered":"<p>Fenerbah\u00e7e Medicana Kad\u0131nlar CEV \u015eampiyonlar Ligi \u00c7eyrek Final ilk ma\u00e7\u0131nda \u0130talya temsilcisi Savino Del Bene Scandicci\u2019ye konuk oluyor. 11 Mart \u00c7ar\u015famba g\u00fcn\u00fc Palazzo Wanny Firenze\u2019de oynanacak kar\u015f\u0131la\u015fma TS\u0130 21.00\u2019de ba\u015flayacak ve TRT Spor Y\u0131ld\u0131z\u2019dan canl\u0131 yay\u0131nlanacak. Sar\u0131 Melekler, CEV \u015eampiyonlar Ligi\u2019nde m\u00fccadele etti\u011fi B Grubu\u2019nu 6\u2019da 6 yaparak lider tamamlad\u0131. Rakibimiz Savino Del Bene Scandicci [&hellip;]<\/p>\n","protected":false},"author":1,"featured_media":28840,"comment_status":"closed","ping_status":"closed","sticky":false,"template":"","format":"standard","meta":{"jnews-multi-image_gallery":[],"jnews_single_post":{"format":"standard","override":[{"template":"1","parallax":"1","fullscreen":"1","layout":"right-sidebar","sidebar":"mysidebar","second_sidebar":"default-sidebar","sticky_sidebar":"1","share_position":"float","share_float_style":"share-normal","show_share_counter":"1","show_view_counter":"1","show_featured":"1","show_post_meta":"1","show_post_author_image":"1","show_post_date":"1","post_date_format":"default","post_date_format_custom":"Y\/m\/d","show_post_reading_time":"0","post_reading_time_wpm":"300","post_calculate_word_method":"str_word_count","show_zoom_button":"0","zoom_button_out_step":"2","zoom_button_in_step":"3","show_prev_next_post":"1","show_comment_section":"1","number_popup_post":"3","show_author_box":"0","show_post_related":"0","show_inline_post_related":"0"}],"image_override":[{"single_post_thumbnail_size":"crop-500","single_post_gallery_size":"crop-500"}],"trending_post_position":"meta","trending_post_label":"Trending","sponsored_post_label":"Sponsored by","disable_ad":"0","subtitle":"Fenerbah\u00e7e Kad\u0131nlar CEV \u015eampiyonlar Ligi \u00c7eyrek Final ilk ma\u00e7\u0131nda deplasmanda Savino Del Bene Scandicci ile kar\u015f\u0131la\u015f\u0131yor."},"jnews_primary_category":{"id":"8"},"jnews_social_meta":[],"jnews_override_counter":{"view_counter_number":"0","share_counter_number":"0","like_counter_number":"0","dislike_counter_number":"0"},"footnotes":""},"categories":[2,10,8],"tags":[23,29],"class_list":["post-30352","post","type-post","status-publish","format-standard","has-post-thumbnail","hentry","category-haberler","category-kadin-voleybol","category-voleybol","tag-fenerbahce","tag-voleybol"],"amp_enabled":true,"_links":{"self":[{"href":"https:\/\/www.fener.org\/index.php\/wp-json\/wp\/v2\/posts\/30352","targetHints":{"allow":["GET"]}}],"collection":[{"href":"https:\/\/www.fener.org\/index.php\/wp-json\/wp\/v2\/posts"}],"about":[{"href":"https:\/\/www.fener.org\/index.php\/wp-json\/wp\/v2\/types\/post"}],"author":[{"embeddable":true,"href":"https:\/\/www.fener.org\/index.php\/wp-json\/wp\/v2\/users\/1"}],"replies":[{"embeddable":true,"href":"https:\/\/www.fener.org\/index.php\/wp-json\/wp\/v2\/comments?post=30352"}],"version-history":[{"count":1,"href":"https:\/\/www.fener.org\/index.php\/wp-json\/wp\/v2\/posts\/30352\/revisions"}],"predecessor-version":[{"id":30353,"href":"https:\/\/www.fener.org\/index.php\/wp-json\/wp\/v2\/posts\/30352\/revisions\/30353"}],"wp:featuredmedia":[{"embeddable":true,"href":"https:\/\/www.fener.org\/index.php\/wp-json\/wp\/v2\/media\/28840"}],"wp:attachment":[{"href":"https:\/\/www.fener.org\/index.php\/wp-json\/wp\/v2\/media?parent=30352"}],"wp:term":[{"taxonomy":"category","embeddable":true,"href":"https:\/\/www.fener.org\/index.php\/wp-json\/wp\/v2\/categories?post=30352"},{"taxonomy":"post_tag","embeddable":true,"href":"https:\/\/www.fener.org\/index.php\/wp-json\/wp\/v2\/tags?post=30352"}],"curies":[{"name":"wp","href":"https:\/\/api.w.org\/{rel}","templated":true}]}}