{"id":30346,"date":"2026-03-08T22:31:24","date_gmt":"2026-03-08T19:31:24","guid":{"rendered":"https:\/\/www.fener.org\/?p=30346"},"modified":"2026-03-09T00:29:04","modified_gmt":"2026-03-08T21:29:04","slug":"fenerbahce-3-2-samsunspor","status":"publish","type":"post","link":"https:\/\/www.fener.org\/index.php\/2026\/03\/08\/fenerbahce-3-2-samsunspor\/","title":{"rendered":"Fenerbah\u00e7e 3-2 Samsunspor"},"content":{"rendered":"\n<p>Fenerbah\u00e7emiz, Trendyol S\u00fcper Lig&#8217;in 25. hafta ma\u00e7\u0131nda konuk etti\u011fi Samsunspor\u2019u iki kere geriye d\u00fc\u015ft\u00fc\u011f\u00fc ma\u00e7ta 3-2 ma\u011flup etti ve puan\u0131n\u0131 57&#8217;ye y\u00fckseltti. Tak\u0131m\u0131m\u0131z\u0131n golleri 15. dakikada Matteo Guendouzi, 89. dakikada Dorgeles Nene ve 90+5. dakikada Sidiki Cherif\u2019ten geldi. Konuk ekibin gollerini ise 11. ve 23. dakikalarda M. Mouandilmadji kaydetti.<\/p>\n\n\n\n<p>Futbol Tak\u0131m\u0131m\u0131z, ligin 26. hafta ma\u00e7\u0131nda 13 Mart Cuma g\u00fcn\u00fc saat 20.00\u2019de Atat\u00fcrk Olimpiyat Stadyumu\u2019nda M. Fatih Karag\u00fcmr\u00fck\u2019e konuk olacak.<\/p>\n\n\n<p><strong>Ma\u00e7tan dakikalar<\/strong><br \/><br \/>11. dakikada Samsunspor \u00f6ne ge\u00e7ti. Sol kanatta topla bulu\u015fan Holse son \u00e7izgiye inip kale sahas\u0131 \u00f6n\u00fcne ortalad\u0131. Bu noktada savunman\u0131n aras\u0131nda y\u00fckselen Mouandilmadji kafa vuru\u015fuyla topu filelere yollad\u0131: 0-1.<br \/><br \/>15. dakikada Fenerbah\u00e7emiz beraberli\u011fi yakalad\u0131. Sa\u011f kanatta topla bulu\u015fan Musaba, ceza sahas\u0131 \u00e7izgisine gelip penalt\u0131 noktas\u0131na hareketlenen Matt\u00e9o Guendouzi&#8217;ye yerden pas\u0131n\u0131 yollad\u0131. Frans\u0131z futbolcunun bekletmeden vuru\u015funda top kaleci Okan Kocuk&#8217;un sa\u011f\u0131ndan a\u011flara gitti: 1-1.<br \/><br \/>21. dakikada Tak\u0131m\u0131m\u0131z gole yakla\u015ft\u0131. Kerem Akt\u00fcrko\u011flu&#8217;nun pas\u0131nda ceza yay\u0131 \u00f6n\u00fc sa\u011f \u00e7apraz\u0131nda topla bulu\u015fan Matt\u00e9o Guendouzi&#8217;nin uzaktan sert \u015futunda me\u015fin yuvarlak yan dire\u011fe \u00e7arparak oyun alan\u0131na geri d\u00f6nd\u00fc.<br \/><br \/>23. dakikada Samsunspor bir kez daha \u00f6ne ge\u00e7ti. Tomasson&#8217;un soldan ortas\u0131nda kale sahas\u0131 \u00f6n\u00fcnde topu alan Mouandilmadji d\u00fczeltip yerden vurdu, top k\u00f6\u015feden a\u011flarla bulu\u015ftu: 1-2.<br \/><br \/>35. dakikada Samsunspor yine sol kanattan geldi. \u00c7izgide topla bulu\u015fan Tomasson, ceza sahas\u0131na hareketlenen Holse&#8217;ye ortalad\u0131. Bu futbolcunun kafa vuru\u015funda top az farkla yandan d\u0131\u015far\u0131 \u00e7\u0131kt\u0131.<br \/><br \/>45+1. dakikada Kerem Akt\u00fcrko\u011flu&#8217;nun pas\u0131nda ceza sahas\u0131 d\u0131\u015f\u0131nda topla bulu\u015fan Archie Brown&#8217;\u0131n sert \u015futunda kaleci Okan Kocuk uzanarak me\u015fin yuvarla\u011f\u0131 kornere g\u00f6nderdi.<br \/><br \/>59. dakikada Samsunspor gole yakla\u015ft\u0131. Celil Y\u00fcksel&#8217;in soldan ceza sahas\u0131na g\u00f6nderdi\u011fi ortada iyi y\u00fckselen Eliyas Tavsan&#8217;\u0131n kafa vuru\u015funda Ederson gole izin vermedi. Samsunspor ayn\u0131 dakikada bir pozisyon daha yakalad\u0131. Holse&#8217;nin soldan pas\u0131nda ceza sahas\u0131 i\u00e7inde topla bulu\u015fan Ntcham&#8217;\u0131n penalt\u0131 noktas\u0131 \u00fczerinden sert \u015futunda Ederson topu kornere g\u00f6nderdi.<br \/><br \/>66. dakikada Celil Y\u00fcksel&#8217;in sa\u011fdan kulland\u0131\u011f\u0131 korner at\u0131\u015f\u0131nda savunman\u0131n uzakla\u015ft\u0131rmak istedi\u011fi top ceza sahas\u0131 d\u0131\u015f\u0131ndaki Ntcham&#8217;da kald\u0131. Bu futbolcunun yerden vuru\u015funda top az farkla yandan auta gitti.<br \/><br \/>68. dakikada Matt\u00e9o Guendouzi&#8217;nin pas\u0131nda topu alan N\u2019Golo Kante, sa\u011fdan ceza sahas\u0131na giren Sidiki Cherif&#8217;e pas\u0131n\u0131 aktard\u0131. Bu futbolcunun \u00e7aprazdan vuru\u015funda kaleci Okan Kocuk gole engel oldu.<br \/><br \/>70. dakikada \u0130smail Y\u00fcksek&#8217;in pas\u0131nda sa\u011f kanatta topla bulu\u015fan Levent Mercan 2 rakibinden s\u0131yr\u0131l\u0131p ceza yay\u0131 \u00f6n\u00fcne geldi. Bu futbolcunun plase vuru\u015funda top dire\u011fin dibinden auta \u00e7\u0131kt\u0131.<br \/><br \/>73. dakikada N\u2019Golo Kante&#8217;nin pas\u0131nda ceza sahas\u0131 i\u00e7i sol \u00e7apraz\u0131nda topla bulu\u015fan Kerem Akt\u00fcrko\u011flu&#8217;nun yerden vuru\u015funda top az farkla yandan d\u0131\u015far\u0131 gitti.<br \/><br \/>89. dakikada Fenerbah\u00e7emiz beraberli\u011fi yakalad\u0131. Marco Asensio&#8217;nun ara pas\u0131nda soldan ceza sahas\u0131na giren Nene, kaleciyle kar\u015f\u0131 kar\u015f\u0131ya kald\u0131\u011f\u0131 pozisyonda plase vuru\u015fla topu filelerle bulu\u015fturdu: 2-2.<br \/><br \/>90+5. dakikada Futbol Tak\u0131m\u0131m\u0131z \u00f6ne ge\u00e7ti. Sa\u011fdan kullan\u0131lan korner at\u0131\u015f\u0131nda Levent Mercan ceza sahas\u0131 i\u00e7ine ortalad\u0131. Savunman\u0131n \u0131skalad\u0131\u011f\u0131 me\u015fin yuvarlak arka dire\u011fe hareketlenen Sidiki Cherif\u2019in \u00f6n\u00fcnde kald\u0131 ve yak\u0131n mesafeden topu a\u011flara yollad\u0131: 3-2.<br \/><br \/>Kar\u015f\u0131la\u015fmada ba\u015fka gol olmad\u0131 ve Fenerbah\u00e7emiz rakibini 3-2 ma\u011flup etti.<\/p>","protected":false},"excerpt":{"rendered":"<p>Fenerbah\u00e7emiz, Trendyol S\u00fcper Lig&#8217;in 25. hafta ma\u00e7\u0131nda konuk etti\u011fi Samsunspor\u2019u iki kere geriye d\u00fc\u015ft\u00fc\u011f\u00fc ma\u00e7ta 3-2 ma\u011flup etti ve puan\u0131n\u0131 57&#8217;ye y\u00fckseltti. Tak\u0131m\u0131m\u0131z\u0131n golleri 15. dakikada Matteo Guendouzi, 89. dakikada Dorgeles Nene ve 90+5. dakikada Sidiki Cherif\u2019ten geldi. Konuk ekibin gollerini ise 11. ve 23. dakikalarda M. Mouandilmadji kaydetti. Futbol Tak\u0131m\u0131m\u0131z, ligin 26. hafta ma\u00e7\u0131nda [&hellip;]<\/p>\n","protected":false},"author":1,"featured_media":30345,"comment_status":"closed","ping_status":"closed","sticky":false,"template":"","format":"standard","meta":{"jnews-multi-image_gallery":[],"jnews_single_post":{"format":"standard","override":[{"template":"1","parallax":"1","fullscreen":"1","layout":"right-sidebar","sidebar":"mysidebar","second_sidebar":"default-sidebar","sticky_sidebar":"1","share_position":"float","share_float_style":"share-normal","show_share_counter":"1","show_view_counter":"1","show_featured":"1","show_post_meta":"1","show_post_author_image":"1","show_post_date":"1","post_date_format":"default","post_date_format_custom":"Y\/m\/d","show_post_reading_time":"0","post_reading_time_wpm":"300","post_calculate_word_method":"str_word_count","show_zoom_button":"0","zoom_button_out_step":"2","zoom_button_in_step":"3","show_prev_next_post":"1","show_comment_section":"1","number_popup_post":"3","show_author_box":"0","show_post_related":"0","show_inline_post_related":"0"}],"image_override":[{"single_post_thumbnail_size":"crop-500","single_post_gallery_size":"crop-500"}],"trending_post_position":"meta","trending_post_label":"Trending","sponsored_post_label":"Sponsored by","disable_ad":"0"},"jnews_primary_category":{"id":"4"},"jnews_social_meta":[],"jnews_override_counter":{"view_counter_number":"0","share_counter_number":"0","like_counter_number":"0","dislike_counter_number":"0"},"footnotes":""},"categories":[4,2,47],"tags":[23,54],"class_list":["post-30346","post","type-post","status-publish","format-standard","has-post-thumbnail","hentry","category-futbol","category-haberler","category-profesyonel-a-futbol-takimi","tag-fenerbahce","tag-futbol"],"amp_enabled":true,"_links":{"self":[{"href":"https:\/\/www.fener.org\/index.php\/wp-json\/wp\/v2\/posts\/30346","targetHints":{"allow":["GET"]}}],"collection":[{"href":"https:\/\/www.fener.org\/index.php\/wp-json\/wp\/v2\/posts"}],"about":[{"href":"https:\/\/www.fener.org\/index.php\/wp-json\/wp\/v2\/types\/post"}],"author":[{"embeddable":true,"href":"https:\/\/www.fener.org\/index.php\/wp-json\/wp\/v2\/users\/1"}],"replies":[{"embeddable":true,"href":"https:\/\/www.fener.org\/index.php\/wp-json\/wp\/v2\/comments?post=30346"}],"version-history":[{"count":2,"href":"https:\/\/www.fener.org\/index.php\/wp-json\/wp\/v2\/posts\/30346\/revisions"}],"predecessor-version":[{"id":30351,"href":"https:\/\/www.fener.org\/index.php\/wp-json\/wp\/v2\/posts\/30346\/revisions\/30351"}],"wp:featuredmedia":[{"embeddable":true,"href":"https:\/\/www.fener.org\/index.php\/wp-json\/wp\/v2\/media\/30345"}],"wp:attachment":[{"href":"https:\/\/www.fener.org\/index.php\/wp-json\/wp\/v2\/media?parent=30346"}],"wp:term":[{"taxonomy":"category","embeddable":true,"href":"https:\/\/www.fener.org\/index.php\/wp-json\/wp\/v2\/categories?post=30346"},{"taxonomy":"post_tag","embeddable":true,"href":"https:\/\/www.fener.org\/index.php\/wp-json\/wp\/v2\/tags?post=30346"}],"curies":[{"name":"wp","href":"https:\/\/api.w.org\/{rel}","templated":true}]}}