{"id":30339,"date":"2026-03-08T21:00:45","date_gmt":"2026-03-08T18:00:45","guid":{"rendered":"https:\/\/www.fener.org\/?p=30339"},"modified":"2026-03-08T21:00:50","modified_gmt":"2026-03-08T18:00:50","slug":"fenerbahce-beko-91-78-mersin-spor","status":"publish","type":"post","link":"https:\/\/www.fener.org\/index.php\/2026\/03\/08\/fenerbahce-beko-91-78-mersin-spor\/","title":{"rendered":"Fenerbah\u00e7e Beko 91-78 Mersin Spor"},"content":{"rendered":"\n<p>Fenerbah\u00e7e Beko Erkek Basketbol Tak\u0131m\u0131m\u0131z, T\u00fcrkiye Sigorta Basketbol S\u00fcper Ligi 21. hafta ma\u00e7\u0131nda Mersin Spor&#8217;u konuk etti. Kar\u015f\u0131la\u015fmay\u0131 91-78 kazanan Tak\u0131m\u0131m\u0131z, ligdeki 19. galibiyetini ald\u0131.<\/p>\n\n\n\n<p>Tak\u0131m\u0131m\u0131z ma\u00e7a; Wade Baldwin, Emre Ek\u015fio\u011flu, Bonzie Colson, Mikael Jantunen, Khem Birch be\u015fiyle ba\u015flad\u0131.<\/p>\n\n\n\n<p>Dengeli ge\u00e7en ilk periyodu 21-17 \u00f6nde tamamlayan Fenerbah\u00e7e Beko, savunmada agresif ba\u015flad\u0131\u011f\u0131 ikinci periyodun ilk 5 dakikal\u0131k b\u00f6l\u00fcm\u00fcnde rakibine yaln\u0131zca 1 say\u0131 \u015fans\u0131 tan\u0131rken, bu b\u00f6l\u00fcmde rakip potaya ise 17 say\u0131 b\u0131rakt\u0131 ve 38-18&#8217;lik skoru yakalad\u0131. Kar\u015f\u0131l\u0131kl\u0131 say\u0131lar\u0131n ard\u0131ndan soyunma odas\u0131na 46-32&#8217;lik skorla gidildi.<\/p>\n\n\n\n<p>Kontroll\u00fc oynad\u0131\u011f\u0131 \u00fc\u00e7\u00fcnc\u00fc periyotta fark\u0131 koruyan Fenerbah\u00e7e Beko, final periyoduna 68-51 \u00f6nde gitti. D\u00f6rd\u00fcnc\u00fc periyotta da rahat oyununu s\u00fcrd\u00fcren Fenerbah\u00e7emiz, kar\u015f\u0131la\u015fmadan 91-78 galip ayr\u0131ld\u0131 ve 19. galibiyetini kazand\u0131.<\/p>\n\n\n\n<p>\u00c7eyrek skorlar\u0131:<\/p>\n\n\n\n<p>1.\u00c7eyrek: 21-17<br>2.\u00c7eyrek: 25-15<br>3.\u00c7eyrek: 22-19<br>4.\u00c7eyrek: 23-27<\/p>\n\n\n\n<p>Skor da\u011f\u0131l\u0131m\u0131m\u0131z: Baldwin 14, Metecan 12, Colson 12, De Colo 11, Silva 10, Melih 10, Jantunen 9, Emre 7, Zagars 6.<\/p>\n","protected":false},"excerpt":{"rendered":"<p>Fenerbah\u00e7e Beko Erkek Basketbol Tak\u0131m\u0131m\u0131z, T\u00fcrkiye Sigorta Basketbol S\u00fcper Ligi 21. hafta ma\u00e7\u0131nda Mersin Spor&#8217;u konuk etti. Kar\u015f\u0131la\u015fmay\u0131 91-78 kazanan Tak\u0131m\u0131m\u0131z, ligdeki 19. galibiyetini ald\u0131. Tak\u0131m\u0131m\u0131z ma\u00e7a; Wade Baldwin, Emre Ek\u015fio\u011flu, Bonzie Colson, Mikael Jantunen, Khem Birch be\u015fiyle ba\u015flad\u0131. Dengeli ge\u00e7en ilk periyodu 21-17 \u00f6nde tamamlayan Fenerbah\u00e7e Beko, savunmada agresif ba\u015flad\u0131\u011f\u0131 ikinci periyodun ilk 5 [&hellip;]<\/p>\n","protected":false},"author":1,"featured_media":30341,"comment_status":"closed","ping_status":"closed","sticky":false,"template":"","format":"standard","meta":{"jnews-multi-image_gallery":[],"jnews_single_post":{"format":"standard","override":[{"template":"1","parallax":"1","fullscreen":"1","layout":"right-sidebar","sidebar":"mysidebar","second_sidebar":"default-sidebar","sticky_sidebar":"1","share_position":"float","share_float_style":"share-normal","show_share_counter":"1","show_view_counter":"1","show_featured":"1","show_post_meta":"1","show_post_author_image":"1","show_post_date":"1","post_date_format":"default","post_date_format_custom":"Y\/m\/d","show_post_reading_time":"0","post_reading_time_wpm":"300","post_calculate_word_method":"str_word_count","show_zoom_button":"0","zoom_button_out_step":"2","zoom_button_in_step":"3","show_prev_next_post":"1","show_comment_section":"1","number_popup_post":"3","show_author_box":"0","show_post_related":"0","show_inline_post_related":"0"}],"image_override":[{"single_post_thumbnail_size":"crop-500","single_post_gallery_size":"crop-500"}],"trending_post_position":"meta","trending_post_label":"Trending","sponsored_post_label":"Sponsored by","disable_ad":"0","subtitle":"Fenerbah\u00e7e Erkek Basketbol Tak\u0131m\u0131m\u0131z, Basketbol S\u00fcper Ligi 21. haftas\u0131nda sahas\u0131nda Mersin Spor ile oynad\u0131\u011f\u0131 ma\u00e7tan 91-78 galip ayr\u0131ld\u0131."},"jnews_primary_category":{"id":"5"},"jnews_social_meta":[],"jnews_override_counter":{"view_counter_number":"0","share_counter_number":"0","like_counter_number":"0","dislike_counter_number":"0"},"footnotes":""},"categories":[5,6,2],"tags":[24,23],"class_list":["post-30339","post","type-post","status-publish","format-standard","has-post-thumbnail","hentry","category-basketbol","category-erkek-basketbol","category-haberler","tag-basketbol","tag-fenerbahce"],"amp_enabled":true,"_links":{"self":[{"href":"https:\/\/www.fener.org\/index.php\/wp-json\/wp\/v2\/posts\/30339","targetHints":{"allow":["GET"]}}],"collection":[{"href":"https:\/\/www.fener.org\/index.php\/wp-json\/wp\/v2\/posts"}],"about":[{"href":"https:\/\/www.fener.org\/index.php\/wp-json\/wp\/v2\/types\/post"}],"author":[{"embeddable":true,"href":"https:\/\/www.fener.org\/index.php\/wp-json\/wp\/v2\/users\/1"}],"replies":[{"embeddable":true,"href":"https:\/\/www.fener.org\/index.php\/wp-json\/wp\/v2\/comments?post=30339"}],"version-history":[{"count":2,"href":"https:\/\/www.fener.org\/index.php\/wp-json\/wp\/v2\/posts\/30339\/revisions"}],"predecessor-version":[{"id":30342,"href":"https:\/\/www.fener.org\/index.php\/wp-json\/wp\/v2\/posts\/30339\/revisions\/30342"}],"wp:featuredmedia":[{"embeddable":true,"href":"https:\/\/www.fener.org\/index.php\/wp-json\/wp\/v2\/media\/30341"}],"wp:attachment":[{"href":"https:\/\/www.fener.org\/index.php\/wp-json\/wp\/v2\/media?parent=30339"}],"wp:term":[{"taxonomy":"category","embeddable":true,"href":"https:\/\/www.fener.org\/index.php\/wp-json\/wp\/v2\/categories?post=30339"},{"taxonomy":"post_tag","embeddable":true,"href":"https:\/\/www.fener.org\/index.php\/wp-json\/wp\/v2\/tags?post=30339"}],"curies":[{"name":"wp","href":"https:\/\/api.w.org\/{rel}","templated":true}]}}