{"id":30335,"date":"2026-03-08T18:48:34","date_gmt":"2026-03-08T15:48:34","guid":{"rendered":"https:\/\/www.fener.org\/?p=30335"},"modified":"2026-03-08T18:48:39","modified_gmt":"2026-03-08T15:48:39","slug":"ibb-spor-kulubu-0-3-fenerbahce-medicana","status":"publish","type":"post","link":"https:\/\/www.fener.org\/index.php\/2026\/03\/08\/ibb-spor-kulubu-0-3-fenerbahce-medicana\/","title":{"rendered":"\u0130BB Spor Kul\u00fcb\u00fc 0-3 Fenerbah\u00e7e Medicana"},"content":{"rendered":"\n<p>Fenerbah\u00e7e Medicana Erkek Voleybol Tak\u0131m\u0131m\u0131z, SMS Grup Efeler Ligi\u2019nin 23. haftas\u0131nda \u0130BB Spor Kul\u00fcb\u00fc\u2019ne konuk oldu.<\/p>\n\n\n\n<p>\u0130BB Cebeci Spor Kompleksi\u2019nde oynanan ma\u00e7\u0131 ekibimiz 3-0 kazand\u0131. Kar\u015f\u0131la\u015fman\u0131n setleri 22-25, 27-29 ve 24-26 tamamland\u0131.<\/p>\n\n\n\n<p>\u00dc\u00e7 oyuncumuzun \u00e7ift haneli say\u0131lara ula\u015ft\u0131\u011f\u0131 kar\u015f\u0131la\u015fmada Adis Lagumdzija kaydetti\u011fi 17 say\u0131yla galibiyete \u00f6nemli katk\u0131 verdi.<\/p>\n\n\n\n<p>Halit Kurtulu\u015f, Yi\u011fit G\u00fclmezo\u011flu, Earvin Ngapeth, Adis Lagumdzija, Marko Mert Matic, Julio Gomez ve libero Burutay Suba\u015f\u0131 ile ma\u00e7a ba\u015flayan Fenerbah\u00e7e Medicana, kar\u015f\u0131l\u0131kl\u0131 say\u0131lara sahne olan ilk seti 25-22 kazanarak 1-0 \u00f6ne ge\u00e7ti. B\u00fcy\u00fck bir m\u00fccadeleye sahne olan \u0130kinci seti de 29-27 kazanan tak\u0131m\u0131m\u0131z, durumu 2-0\u2019a getirdi. \u00dc\u00e7\u00fcnc\u00fc sette de iyi oyununu s\u00fcrd\u00fcren tak\u0131m\u0131m\u0131z, seti 26-24, ma\u00e7\u0131 da 3-0 kazand\u0131.<\/p>\n\n\n\n<p>Fenerbah\u00e7e Medicana, CEV Kupas\u0131 \u00c7eyrek Final R\u00f6van\u015f ma\u00e7\u0131nda 12 Mart Per\u015fembe g\u00fcn\u00fc saat 19.00\u2019da Ach Volley Ljubljana\u2019y\u0131 konuk edecek. M\u00fccadele FB TV\u2019den canl\u0131 yay\u0131nlanacak.<\/p>\n","protected":false},"excerpt":{"rendered":"<p>Fenerbah\u00e7e Medicana Erkek Voleybol Tak\u0131m\u0131m\u0131z, SMS Grup Efeler Ligi\u2019nin 23. haftas\u0131nda \u0130BB Spor Kul\u00fcb\u00fc\u2019ne konuk oldu. \u0130BB Cebeci Spor Kompleksi\u2019nde oynanan ma\u00e7\u0131 ekibimiz 3-0 kazand\u0131. Kar\u015f\u0131la\u015fman\u0131n setleri 22-25, 27-29 ve 24-26 tamamland\u0131. \u00dc\u00e7 oyuncumuzun \u00e7ift haneli say\u0131lara ula\u015ft\u0131\u011f\u0131 kar\u015f\u0131la\u015fmada Adis Lagumdzija kaydetti\u011fi 17 say\u0131yla galibiyete \u00f6nemli katk\u0131 verdi. Halit Kurtulu\u015f, Yi\u011fit G\u00fclmezo\u011flu, Earvin Ngapeth, Adis [&hellip;]<\/p>\n","protected":false},"author":1,"featured_media":30336,"comment_status":"closed","ping_status":"closed","sticky":false,"template":"","format":"standard","meta":{"jnews-multi-image_gallery":[],"jnews_single_post":{"format":"standard","override":[{"template":"1","parallax":"1","fullscreen":"1","layout":"right-sidebar","sidebar":"mysidebar","second_sidebar":"default-sidebar","sticky_sidebar":"1","share_position":"float","share_float_style":"share-normal","show_share_counter":"1","show_view_counter":"1","show_featured":"1","show_post_meta":"1","show_post_author_image":"1","show_post_date":"1","post_date_format":"default","post_date_format_custom":"Y\/m\/d","show_post_reading_time":"0","post_reading_time_wpm":"300","post_calculate_word_method":"str_word_count","show_zoom_button":"0","zoom_button_out_step":"2","zoom_button_in_step":"3","show_prev_next_post":"1","show_comment_section":"1","number_popup_post":"3","show_author_box":"0","show_post_related":"0","show_inline_post_related":"0"}],"image_override":[{"single_post_thumbnail_size":"crop-500","single_post_gallery_size":"crop-500"}],"trending_post_position":"meta","trending_post_label":"Trending","sponsored_post_label":"Sponsored by","disable_ad":"0","subtitle":"Fenerbah\u00e7e Erkek Voleybol Tak\u0131m\u0131m\u0131z, Efeler Ligi\u2019nin 23. haftas\u0131nda deplasmanda kar\u015f\u0131la\u015ft\u0131\u011f\u0131 \u0130BB Spor Kul\u00fcb\u00fc\u2019n\u00fc 3-0 ma\u011flup etti."},"jnews_primary_category":{"id":"8"},"jnews_social_meta":[],"jnews_override_counter":{"view_counter_number":"0","share_counter_number":"0","like_counter_number":"0","dislike_counter_number":"0"},"footnotes":""},"categories":[9,2,8],"tags":[23],"class_list":["post-30335","post","type-post","status-publish","format-standard","has-post-thumbnail","hentry","category-erkek-voleybol","category-haberler","category-voleybol","tag-fenerbahce"],"amp_enabled":true,"_links":{"self":[{"href":"https:\/\/www.fener.org\/index.php\/wp-json\/wp\/v2\/posts\/30335","targetHints":{"allow":["GET"]}}],"collection":[{"href":"https:\/\/www.fener.org\/index.php\/wp-json\/wp\/v2\/posts"}],"about":[{"href":"https:\/\/www.fener.org\/index.php\/wp-json\/wp\/v2\/types\/post"}],"author":[{"embeddable":true,"href":"https:\/\/www.fener.org\/index.php\/wp-json\/wp\/v2\/users\/1"}],"replies":[{"embeddable":true,"href":"https:\/\/www.fener.org\/index.php\/wp-json\/wp\/v2\/comments?post=30335"}],"version-history":[{"count":1,"href":"https:\/\/www.fener.org\/index.php\/wp-json\/wp\/v2\/posts\/30335\/revisions"}],"predecessor-version":[{"id":30337,"href":"https:\/\/www.fener.org\/index.php\/wp-json\/wp\/v2\/posts\/30335\/revisions\/30337"}],"wp:featuredmedia":[{"embeddable":true,"href":"https:\/\/www.fener.org\/index.php\/wp-json\/wp\/v2\/media\/30336"}],"wp:attachment":[{"href":"https:\/\/www.fener.org\/index.php\/wp-json\/wp\/v2\/media?parent=30335"}],"wp:term":[{"taxonomy":"category","embeddable":true,"href":"https:\/\/www.fener.org\/index.php\/wp-json\/wp\/v2\/categories?post=30335"},{"taxonomy":"post_tag","embeddable":true,"href":"https:\/\/www.fener.org\/index.php\/wp-json\/wp\/v2\/tags?post=30335"}],"curies":[{"name":"wp","href":"https:\/\/api.w.org\/{rel}","templated":true}]}}