{"id":30328,"date":"2026-03-07T18:37:38","date_gmt":"2026-03-07T15:37:38","guid":{"rendered":"https:\/\/www.fener.org\/?p=30328"},"modified":"2026-03-07T18:37:41","modified_gmt":"2026-03-07T15:37:41","slug":"goztepe-2-3-fenerbahce-medicana","status":"publish","type":"post","link":"https:\/\/www.fener.org\/index.php\/2026\/03\/07\/goztepe-2-3-fenerbahce-medicana\/","title":{"rendered":"G\u00f6ztepe 2-3 Fenerbah\u00e7e Medicana"},"content":{"rendered":"\n<p>Fenerbah\u00e7e Medicana Kad\u0131n Voleybol Tak\u0131m\u0131m\u0131z, Vodafone Sultanlar Ligi\u2019nin 25. haftas\u0131nda G\u00f6ztepe\u2019ye konuk oldu.<\/p>\n\n\n\n<p>\u0130zmir Atat\u00fcrk Voleybol Salonu\u2019nda oynanan ma\u00e7\u0131 0-0 kazanan ekibimiz, 25. ma\u00e7\u0131nda 21. galibiyetini elde etti. Kar\u015f\u0131la\u015fman\u0131n setleri 25-20, 19-25, 25-22, 23-25 ve 11-15 tamamland\u0131.<\/p>\n\n\n\n<p>\u00dc\u00e7 oyuncumuzun \u00e7ift haneli say\u0131lara ula\u015f\u0131rken, Arina Fedorovtseva 34 say\u0131yla ma\u00e7\u0131n skoreri oldu.<\/p>\n\n\n\n<p>Asl\u0131 Kala\u00e7, Hande Balad\u0131n, Yaasmeen Bedart-Ghani, Agnieszka Korneluk, Arina Fedorovtseva, Arelya Karasoy ve libero G\u00fclce G\u00fc\u00e7tekin ile ma\u00e7a ba\u015flayan Fenerbah\u00e7e Medicana, ilk seti 25-20 geride tamamlayarak 1-0 geriye d\u00fc\u015ft\u00fc.<\/p>\n\n\n\n<p>\u0130kinci sette ise Hande Balad\u0131n ve Yaasmeen ile say\u0131 \u00fcreten tak\u0131m\u0131m\u0131z, oyun \u00fcst\u00fcnl\u00fc\u011f\u00fcn\u00fc eline alarak seti 25-19 \u00f6nde tamamlayarak ma\u00e7ta e\u015fitli\u011fi yakalad\u0131: 1-1.<\/p>\n\n\n\n<p>\u00dc\u00e7\u00fcnc\u00fc sete de kar\u015f\u0131l\u0131kl\u0131 say\u0131larla ba\u015flayan iki ekip setin ilk b\u00f6l\u00fcmlerini 17-17 e\u015fitlikle ge\u00e7ti. Kalan b\u00f6l\u00fcmlerde de Rea Haneline ile etkili olan ev sahibi ekip seti 25-22 kazanarak 2-1 \u00f6ne ge\u00e7ti.<\/p>\n\n\n\n<p>D\u00f6rd\u00fcnc\u00fc sette ise Korneluk ve Arina ile rakibine \u00fcst\u00fcnl\u00fck kuran Fenerbah\u00e7e Medicana, seti 25-23 ile ge\u00e7erek tekrardan ma\u00e7ta e\u015fitli\u011fi yakalad\u0131: 2-2.<\/p>\n\n\n\n<p>Karar setinde de Arina ile rakibine \u015fans tan\u0131mayan Fenerbah\u00e7e Medicana, seti 15-11, ma\u00e7\u0131 da 3-2 kazanarak ligdeki 21. galibiyetini elde etti.<\/p>\n\n\n\n<p>Fenerbah\u00e7e Medicana, CEV Kad\u0131nlar \u015eampiyonlar Ligi \u00c7eyrek Final ilk ma\u00e7\u0131nda 11 Mart \u00c7ar\u015famba g\u00fcn\u00fc saat 21.00\u2019de Savino Del Bene Scandicci\u2019ye konuk olacak.<\/p>\n","protected":false},"excerpt":{"rendered":"<p>Fenerbah\u00e7e Medicana Kad\u0131n Voleybol Tak\u0131m\u0131m\u0131z, Vodafone Sultanlar Ligi\u2019nin 25. haftas\u0131nda G\u00f6ztepe\u2019ye konuk oldu. \u0130zmir Atat\u00fcrk Voleybol Salonu\u2019nda oynanan ma\u00e7\u0131 0-0 kazanan ekibimiz, 25. ma\u00e7\u0131nda 21. galibiyetini elde etti. Kar\u015f\u0131la\u015fman\u0131n setleri 25-20, 19-25, 25-22, 23-25 ve 11-15 tamamland\u0131. \u00dc\u00e7 oyuncumuzun \u00e7ift haneli say\u0131lara ula\u015f\u0131rken, Arina Fedorovtseva 34 say\u0131yla ma\u00e7\u0131n skoreri oldu. Asl\u0131 Kala\u00e7, Hande Balad\u0131n, Yaasmeen [&hellip;]<\/p>\n","protected":false},"author":1,"featured_media":30329,"comment_status":"closed","ping_status":"closed","sticky":false,"template":"","format":"standard","meta":{"jnews-multi-image_gallery":[],"jnews_single_post":{"format":"standard","override":[{"template":"1","parallax":"1","fullscreen":"1","layout":"right-sidebar","sidebar":"mysidebar","second_sidebar":"default-sidebar","sticky_sidebar":"1","share_position":"float","share_float_style":"share-normal","show_share_counter":"1","show_view_counter":"1","show_featured":"1","show_post_meta":"1","show_post_author_image":"1","show_post_date":"1","post_date_format":"default","post_date_format_custom":"Y\/m\/d","show_post_reading_time":"0","post_reading_time_wpm":"300","post_calculate_word_method":"str_word_count","show_zoom_button":"0","zoom_button_out_step":"2","zoom_button_in_step":"3","show_prev_next_post":"1","show_comment_section":"1","number_popup_post":"3","show_author_box":"0","show_post_related":"0","show_inline_post_related":"0"}],"image_override":[{"single_post_thumbnail_size":"crop-500","single_post_gallery_size":"crop-500"}],"trending_post_position":"meta","trending_post_label":"Trending","sponsored_post_label":"Sponsored by","disable_ad":"0","subtitle":"Fenerbah\u00e7e Kad\u0131n Voleybol Tak\u0131m\u0131m\u0131z, Sultanlar Ligi\u2019nin 25. haftas\u0131nda deplasmanda kar\u015f\u0131la\u015ft\u0131\u011f\u0131 G\u00f6ztepe\u2019yi 3-2 ma\u011flup etti."},"jnews_primary_category":{"id":"8"},"jnews_social_meta":[],"jnews_override_counter":{"view_counter_number":"0","share_counter_number":"0","like_counter_number":"0","dislike_counter_number":"0"},"footnotes":""},"categories":[2,10,8],"tags":[23,29],"class_list":["post-30328","post","type-post","status-publish","format-standard","has-post-thumbnail","hentry","category-haberler","category-kadin-voleybol","category-voleybol","tag-fenerbahce","tag-voleybol"],"amp_enabled":true,"_links":{"self":[{"href":"https:\/\/www.fener.org\/index.php\/wp-json\/wp\/v2\/posts\/30328","targetHints":{"allow":["GET"]}}],"collection":[{"href":"https:\/\/www.fener.org\/index.php\/wp-json\/wp\/v2\/posts"}],"about":[{"href":"https:\/\/www.fener.org\/index.php\/wp-json\/wp\/v2\/types\/post"}],"author":[{"embeddable":true,"href":"https:\/\/www.fener.org\/index.php\/wp-json\/wp\/v2\/users\/1"}],"replies":[{"embeddable":true,"href":"https:\/\/www.fener.org\/index.php\/wp-json\/wp\/v2\/comments?post=30328"}],"version-history":[{"count":1,"href":"https:\/\/www.fener.org\/index.php\/wp-json\/wp\/v2\/posts\/30328\/revisions"}],"predecessor-version":[{"id":30330,"href":"https:\/\/www.fener.org\/index.php\/wp-json\/wp\/v2\/posts\/30328\/revisions\/30330"}],"wp:featuredmedia":[{"embeddable":true,"href":"https:\/\/www.fener.org\/index.php\/wp-json\/wp\/v2\/media\/30329"}],"wp:attachment":[{"href":"https:\/\/www.fener.org\/index.php\/wp-json\/wp\/v2\/media?parent=30328"}],"wp:term":[{"taxonomy":"category","embeddable":true,"href":"https:\/\/www.fener.org\/index.php\/wp-json\/wp\/v2\/categories?post=30328"},{"taxonomy":"post_tag","embeddable":true,"href":"https:\/\/www.fener.org\/index.php\/wp-json\/wp\/v2\/tags?post=30328"}],"curies":[{"name":"wp","href":"https:\/\/api.w.org\/{rel}","templated":true}]}}