{"id":30320,"date":"2026-03-06T01:02:30","date_gmt":"2026-03-05T22:02:30","guid":{"rendered":"https:\/\/www.fener.org\/?p=30320"},"modified":"2026-03-06T01:02:33","modified_gmt":"2026-03-05T22:02:33","slug":"ach-volley-ljubljana-3-2-fenerbahce-medicana","status":"publish","type":"post","link":"https:\/\/www.fener.org\/index.php\/2026\/03\/06\/ach-volley-ljubljana-3-2-fenerbahce-medicana\/","title":{"rendered":"ACH Volley Ljubljana 3-2 Fenerbah\u00e7e Medicana"},"content":{"rendered":"\n<p>Fenerbah\u00e7e Medicana Erkek Voleybol Tak\u0131m\u0131m\u0131z, CEV Cup \u00c7eyrek Final ilk ma\u00e7\u0131nda Slovenya ekibi ACH Volley Ljubljana\u2019ya konuk oldu. M\u00fcsabaka 3-2 ev sahibi ekibin \u00fcst\u00fcnl\u00fc\u011f\u00fcyle sonu\u00e7land\u0131. Kar\u015f\u0131la\u015fman\u0131n setleri; 25-17, 21-25, 25-16, 23-25, 16-14 tamamland\u0131.<\/p>\n\n\n\n<p>Adis Lagumdzija kaydetti\u011fi 19 say\u0131yla tak\u0131m\u0131n skoreri oldu. Luka Marttila 14, Halit Kurtulu\u015f, Earvin Ngapeth ve B. Chinenyeze de 11\u2019er say\u0131yla oynad\u0131.<\/p>\n\n\n\n<p>Bu kar\u015f\u0131la\u015fman\u0131n r\u00f6van\u015f\u0131, 12 Mart Per\u015fembe g\u00fcn\u00fc Burhan Felek Vestel Voleybol Salonu\u2019nda oynanacak.<\/p>\n\n\n\n<p>Sportna Dvorana Tivoli\u2019de oynanan ma\u00e7a Tak\u0131m\u0131m\u0131z; B. Chinenyeze, Luka Marttila, Earvin Ngapeth, Adis Lagumdzija, Fabian Drzyzga, Halit Kurtulu\u015f alt\u0131s\u0131 ve libero Burutay Suba\u015f\u0131 ile ba\u015flad\u0131.<\/p>\n\n\n\n<p>\u0130stedi\u011fi oyunu parkeye yans\u0131tamad\u0131\u011f\u0131 ilk seti 25-17 geride tamamlayan Tak\u0131m\u0131m\u0131z, ba\u015ftan sona \u00fcst\u00fcn oynad\u0131\u011f\u0131 ikinci seti 21-25 kazand\u0131 ve ma\u00e7 skorunu dengeledi: 1-1. \u00dc\u00e7\u00fcnc\u00fc seti 25-16 geride tamamlayan Fenerbah\u00e7e Medicana, dengeli ge\u00e7en d\u00f6rd\u00fcnc\u00fc setin son b\u00f6l\u00fcm\u00fcnde rakibine 23-25 \u00fcst\u00fcnl\u00fck kurarak kar\u015f\u0131la\u015fmaya bir kez daha denge getirdi: 2-2 Saha de\u011fi\u015fiminin 8-7\u2019lik skorla ge\u00e7ildi\u011fi be\u015finci set 16-14 ev sahibi ekibin \u00fcst\u00fcnl\u00fc\u011f\u00fcyle tamamland\u0131.<\/p>\n","protected":false},"excerpt":{"rendered":"<p>Fenerbah\u00e7e Medicana Erkek Voleybol Tak\u0131m\u0131m\u0131z, CEV Cup \u00c7eyrek Final ilk ma\u00e7\u0131nda Slovenya ekibi ACH Volley Ljubljana\u2019ya konuk oldu. M\u00fcsabaka 3-2 ev sahibi ekibin \u00fcst\u00fcnl\u00fc\u011f\u00fcyle sonu\u00e7land\u0131. Kar\u015f\u0131la\u015fman\u0131n setleri; 25-17, 21-25, 25-16, 23-25, 16-14 tamamland\u0131. Adis Lagumdzija kaydetti\u011fi 19 say\u0131yla tak\u0131m\u0131n skoreri oldu. Luka Marttila 14, Halit Kurtulu\u015f, Earvin Ngapeth ve B. Chinenyeze de 11\u2019er say\u0131yla oynad\u0131. [&hellip;]<\/p>\n","protected":false},"author":1,"featured_media":29935,"comment_status":"closed","ping_status":"closed","sticky":false,"template":"","format":"standard","meta":{"jnews-multi-image_gallery":[],"jnews_single_post":{"format":"standard","override":[{"template":"1","parallax":"1","fullscreen":"1","layout":"right-sidebar","sidebar":"mysidebar","second_sidebar":"default-sidebar","sticky_sidebar":"1","share_position":"float","share_float_style":"share-normal","show_share_counter":"1","show_view_counter":"1","show_featured":"1","show_post_meta":"1","show_post_author_image":"1","show_post_date":"1","post_date_format":"default","post_date_format_custom":"Y\/m\/d","show_post_reading_time":"0","post_reading_time_wpm":"300","post_calculate_word_method":"str_word_count","show_zoom_button":"0","zoom_button_out_step":"2","zoom_button_in_step":"3","show_prev_next_post":"1","show_comment_section":"1","number_popup_post":"3","show_author_box":"0","show_post_related":"0","show_inline_post_related":"0"}],"image_override":[{"single_post_thumbnail_size":"crop-500","single_post_gallery_size":"crop-500"}],"trending_post_position":"meta","trending_post_label":"Trending","sponsored_post_label":"Sponsored by","disable_ad":"0","subtitle":"Fenerbah\u00e7e Erkek Voleybol Tak\u0131m\u0131m\u0131z, CEV Cup \u00c7eyrek Final ilk ma\u00e7\u0131nda deplasmanda ACH Volley Ljubljana ile oynad\u0131\u011f\u0131 ma\u00e7tan 3-2 ma\u011flup ayr\u0131ld\u0131"},"jnews_primary_category":{"id":"8"},"jnews_social_meta":[],"jnews_override_counter":{"view_counter_number":"0","share_counter_number":"0","like_counter_number":"0","dislike_counter_number":"0"},"footnotes":""},"categories":[9,2,8],"tags":[23,29],"class_list":["post-30320","post","type-post","status-publish","format-standard","has-post-thumbnail","hentry","category-erkek-voleybol","category-haberler","category-voleybol","tag-fenerbahce","tag-voleybol"],"amp_enabled":true,"_links":{"self":[{"href":"https:\/\/www.fener.org\/index.php\/wp-json\/wp\/v2\/posts\/30320","targetHints":{"allow":["GET"]}}],"collection":[{"href":"https:\/\/www.fener.org\/index.php\/wp-json\/wp\/v2\/posts"}],"about":[{"href":"https:\/\/www.fener.org\/index.php\/wp-json\/wp\/v2\/types\/post"}],"author":[{"embeddable":true,"href":"https:\/\/www.fener.org\/index.php\/wp-json\/wp\/v2\/users\/1"}],"replies":[{"embeddable":true,"href":"https:\/\/www.fener.org\/index.php\/wp-json\/wp\/v2\/comments?post=30320"}],"version-history":[{"count":1,"href":"https:\/\/www.fener.org\/index.php\/wp-json\/wp\/v2\/posts\/30320\/revisions"}],"predecessor-version":[{"id":30321,"href":"https:\/\/www.fener.org\/index.php\/wp-json\/wp\/v2\/posts\/30320\/revisions\/30321"}],"wp:featuredmedia":[{"embeddable":true,"href":"https:\/\/www.fener.org\/index.php\/wp-json\/wp\/v2\/media\/29935"}],"wp:attachment":[{"href":"https:\/\/www.fener.org\/index.php\/wp-json\/wp\/v2\/media?parent=30320"}],"wp:term":[{"taxonomy":"category","embeddable":true,"href":"https:\/\/www.fener.org\/index.php\/wp-json\/wp\/v2\/categories?post=30320"},{"taxonomy":"post_tag","embeddable":true,"href":"https:\/\/www.fener.org\/index.php\/wp-json\/wp\/v2\/tags?post=30320"}],"curies":[{"name":"wp","href":"https:\/\/api.w.org\/{rel}","templated":true}]}}