{"id":30316,"date":"2026-03-06T00:01:44","date_gmt":"2026-03-05T21:01:44","guid":{"rendered":"https:\/\/www.fener.org\/?p=30316"},"modified":"2026-03-06T00:01:49","modified_gmt":"2026-03-05T21:01:49","slug":"sarunas-jasikevicius-istikrarli-bir-performans-ortaya-koyduk","status":"publish","type":"post","link":"https:\/\/www.fener.org\/index.php\/2026\/03\/06\/sarunas-jasikevicius-istikrarli-bir-performans-ortaya-koyduk\/","title":{"rendered":"Sarunas Jasikevicius: \u0130stikrarl\u0131 bir performans ortaya koyduk"},"content":{"rendered":"\n<p>Ba\u015fantren\u00f6r\u00fcm\u00fcz Sarunas Jasikevicius, Fenerbah\u00e7e Beko Erkek Basketbol Tak\u0131m\u0131m\u0131z\u0131n, AS Monaco\u2019yu 88-70 ma\u011flup etti\u011fi EuroLeague 30. hafta ma\u00e7\u0131n\u0131n ard\u0131ndan d\u00fczenlenen bas\u0131n toplant\u0131s\u0131nda \u015fu a\u00e7\u0131klamalarda bulundu:<\/p>\n\n\n\n<blockquote class=\"wp-block-quote is-layout-flow wp-block-quote-is-layout-flow\">\n<p>\u201c\u00d6ncelikle tak\u0131m\u0131 ve taraftarlar\u0131m\u0131z\u0131 bir kez daha tebrik ediyorum. Taraftarlar\u0131m\u0131z a ne kadar te\u015fekk\u00fcr etsem az \u00e7\u00fcnk\u00fc bir kez daha t\u00fcm biletleri t\u00fckettiler ve b\u00f6yle bir atmosferde oynayarak harika bir duygu. Kar\u015f\u0131la\u015fma genelinde savunmada \u00e7ok istikrarl\u0131 bir performans ortaya koyduk. Monaco tehlikeli bir tak\u0131m, \u00f6zellikle guardlar\u0131n\u0131 durdurmak \u00e7ok zor. \u0130lk ayr\u0131da k\u00f6t\u00fc yapt\u0131\u011f\u0131m\u0131z i\u015flerden biri onlara \u00e7ok fazla faul at\u0131\u015f\u0131 vermemizdi. Buralarda k\u00f6t\u00fc te4rcihler yapt\u0131k. Belki harika bir basketbol sergilemedik ama iyiydik. Monaco\u2019yu ge\u00e7mek ger\u00e7ekten zor \u00e7\u00fcnk\u00fc uzunlar, atletikler ve \u00e7abuklar. Genel olarak bizim i\u00e7in \u00e7ok iyi bir galibiyet.<\/p>\n\n\n\n<p>Hayatta kalmaya \u00e7al\u0131\u015f\u0131yoruz. T\u00fcm tak\u0131m\u0131 sa\u011fl\u0131kl\u0131 olup bir arada kullanabildi\u011fimiz bir d\u00f6nem olmad\u0131 ama burada \u00f6zellikle kul\u00fcb\u00fcm\u00fcz\u00fcn eforunu da takdir etmeliyim. Baz\u0131 uzun soluklu sakatl\u0131klar\u0131m\u0131z oldu ama do\u011fru par\u00e7alar\u0131 yerine koymaya \u00e7al\u0131\u015ft\u0131k. Elbette geli\u015ftirmemiz gereken \u00e7ok fazla \u015fey var, bunu biliyoruz. M\u00fckemmel de\u011filiz ama sava\u015f\u0131yoruz. Belki de en \u00f6nemli \u015fey bu. \u015eu an i\u00e7in hayatta kal\u0131yoruz ama bir noktada tabii ki tak\u0131m olarak t\u00fcm kadro sa\u011fl\u0131kl\u0131 olarak kalma potansiyelimizi g\u00f6rmek istiyoruz. \u015eu ana kadar bu ger\u00e7ekle\u015fmedi. \u015eu ana kadar tak\u0131m olarak hayatta kalmaya \u00e7al\u0131\u015ft\u0131k.<\/p>\n\n\n\n<p>Talen iki harika Monaco kar\u015f\u0131la\u015fmas\u0131 oynad\u0131. \u0130lk ma\u00e7ta da bize \u00e7ok yard\u0131mc\u0131 olmu\u015ftu, 17 say\u0131 geriden gelmemizde b\u00fcy\u00fck katk\u0131s\u0131 vard\u0131. Bug\u00fcn sahada iki tak\u0131m da k\u0131sa 5\u2019lerle yer ald\u0131. Onun durdurulamaz oyununa etkisi vard\u0131 bunun \u00e7\u00fcnk\u00fc sahada onun hareket edebilece\u011fi alan vard\u0131, boyal\u0131 alan buna uygundu. \u00d6zellikle Mika\u2019n\u0131n 5 numarada oynad\u0131\u011f\u0131 b\u00f6l\u00fcmlerde elimizdeki as\u0131l pozisyonu 5 numara olan oyuncular\u0131n yakla\u015f\u0131k 25 dakika s\u00fcre ald\u0131\u011f\u0131n\u0131 g\u00f6rd\u00fck. Dolay\u0131s\u0131yla onun i\u00e7in yeterli alan vard\u0131 sahada o da hakikaten durdurulamaz bir performans sergiledi.<\/p>\n\n\n\n<p>Kesinlikle Chris bug\u00fcn bize \u00e7ok katk\u0131 verdi. \u00d6zellikle adam de\u011fi\u015fme savunmas\u0131na kar\u015f\u0131 \u00e7ok etkiliydi. Asl\u0131nda 2 ayd\u0131r hareket bile edemiyor, hareket etmesini engelleyen bir sakatl\u0131\u011f\u0131 vard\u0131. Onun en b\u00fcy\u00fck \u00f6zelli\u011fi atletizmi ve enerjisi ama bu sakatl\u0131k onun idman yapmas\u0131n\u0131 engelledi. Fenerbah\u00e7e Beko\u2019ya geldikten sonra yanl\u0131\u015f hat\u0131rlam\u0131yorsam 3 kar\u015f\u0131la\u015fmada forma giymi\u015fti ama bu sakatl\u0131k onu idmanlardan ve ma\u00e7lardan uzak tuttu. \u0130lk yapmas\u0131 gereken atletizmine ve enerjisine kavu\u015fmas\u0131. Ondan sonra basketbol anlam\u0131nda ondan neler alabilece\u011fimizi g\u00f6rece\u011fiz. Bug\u00fcnk\u00fc performans\u0131n\u0131 beklemiyorduk ama bug\u00fcn kesinlikle neler yapabilece\u011fine dair bir \u015feyler g\u00f6sterdi.\u201d<\/p>\n<\/blockquote>\n","protected":false},"excerpt":{"rendered":"<p>Ba\u015fantren\u00f6r\u00fcm\u00fcz Sarunas Jasikevicius, Fenerbah\u00e7e Beko Erkek Basketbol Tak\u0131m\u0131m\u0131z\u0131n, AS Monaco\u2019yu 88-70 ma\u011flup etti\u011fi EuroLeague 30. hafta ma\u00e7\u0131n\u0131n ard\u0131ndan d\u00fczenlenen bas\u0131n toplant\u0131s\u0131nda \u015fu a\u00e7\u0131klamalarda bulundu: \u201c\u00d6ncelikle tak\u0131m\u0131 ve taraftarlar\u0131m\u0131z\u0131 bir kez daha tebrik ediyorum. Taraftarlar\u0131m\u0131z a ne kadar te\u015fekk\u00fcr etsem az \u00e7\u00fcnk\u00fc bir kez daha t\u00fcm biletleri t\u00fckettiler ve b\u00f6yle bir atmosferde oynayarak harika bir duygu. [&hellip;]<\/p>\n","protected":false},"author":1,"featured_media":30317,"comment_status":"closed","ping_status":"closed","sticky":false,"template":"","format":"standard","meta":{"jnews-multi-image_gallery":[],"jnews_single_post":{"format":"standard","override":[{"template":"1","parallax":"1","fullscreen":"1","layout":"right-sidebar","sidebar":"mysidebar","second_sidebar":"default-sidebar","sticky_sidebar":"1","share_position":"float","share_float_style":"share-normal","show_share_counter":"1","show_view_counter":"1","show_featured":"1","show_post_meta":"1","show_post_author_image":"1","show_post_date":"1","post_date_format":"default","post_date_format_custom":"Y\/m\/d","show_post_reading_time":"0","post_reading_time_wpm":"300","post_calculate_word_method":"str_word_count","show_zoom_button":"0","zoom_button_out_step":"2","zoom_button_in_step":"3","show_prev_next_post":"1","show_comment_section":"1","number_popup_post":"3","show_author_box":"0","show_post_related":"0","show_inline_post_related":"0"}],"image_override":[{"single_post_thumbnail_size":"crop-500","single_post_gallery_size":"crop-500"}],"trending_post_position":"meta","trending_post_label":"Trending","sponsored_post_label":"Sponsored by","disable_ad":"0","subtitle":"Ba\u015fantren\u00f6r\u00fcm\u00fcz Sarunas Jasikevicius, AS Monaco galibiyetininin ard\u0131ndan de\u011ferlendirmelerde bulundu."},"jnews_primary_category":{"id":"5"},"jnews_social_meta":[],"jnews_override_counter":{"view_counter_number":"0","share_counter_number":"0","like_counter_number":"0","dislike_counter_number":"0"},"footnotes":""},"categories":[5,6,2],"tags":[24,23],"class_list":["post-30316","post","type-post","status-publish","format-standard","has-post-thumbnail","hentry","category-basketbol","category-erkek-basketbol","category-haberler","tag-basketbol","tag-fenerbahce"],"amp_enabled":true,"_links":{"self":[{"href":"https:\/\/www.fener.org\/index.php\/wp-json\/wp\/v2\/posts\/30316","targetHints":{"allow":["GET"]}}],"collection":[{"href":"https:\/\/www.fener.org\/index.php\/wp-json\/wp\/v2\/posts"}],"about":[{"href":"https:\/\/www.fener.org\/index.php\/wp-json\/wp\/v2\/types\/post"}],"author":[{"embeddable":true,"href":"https:\/\/www.fener.org\/index.php\/wp-json\/wp\/v2\/users\/1"}],"replies":[{"embeddable":true,"href":"https:\/\/www.fener.org\/index.php\/wp-json\/wp\/v2\/comments?post=30316"}],"version-history":[{"count":2,"href":"https:\/\/www.fener.org\/index.php\/wp-json\/wp\/v2\/posts\/30316\/revisions"}],"predecessor-version":[{"id":30319,"href":"https:\/\/www.fener.org\/index.php\/wp-json\/wp\/v2\/posts\/30316\/revisions\/30319"}],"wp:featuredmedia":[{"embeddable":true,"href":"https:\/\/www.fener.org\/index.php\/wp-json\/wp\/v2\/media\/30317"}],"wp:attachment":[{"href":"https:\/\/www.fener.org\/index.php\/wp-json\/wp\/v2\/media?parent=30316"}],"wp:term":[{"taxonomy":"category","embeddable":true,"href":"https:\/\/www.fener.org\/index.php\/wp-json\/wp\/v2\/categories?post=30316"},{"taxonomy":"post_tag","embeddable":true,"href":"https:\/\/www.fener.org\/index.php\/wp-json\/wp\/v2\/tags?post=30316"}],"curies":[{"name":"wp","href":"https:\/\/api.w.org\/{rel}","templated":true}]}}