{"id":30313,"date":"2026-03-05T22:51:08","date_gmt":"2026-03-05T19:51:08","guid":{"rendered":"https:\/\/www.fener.org\/?p=30313"},"modified":"2026-03-05T22:51:13","modified_gmt":"2026-03-05T19:51:13","slug":"fenerbahce-beko-88-70-as-monaco","status":"publish","type":"post","link":"https:\/\/www.fener.org\/index.php\/2026\/03\/05\/fenerbahce-beko-88-70-as-monaco\/","title":{"rendered":"Fenerbah\u00e7e Beko 88-70 AS Monaco"},"content":{"rendered":"\n<p>Fenerbah\u00e7e Beko Erkek Basketbol Tak\u0131m\u0131m\u0131z, EuroLeague 30. hafta ma\u00e7\u0131nda AS Monaco\u2019yu konuk etti. Kar\u015f\u0131la\u015fmay\u0131 88-70 kazanan Tak\u0131m\u0131m\u0131z 22. galibiyetine imza att\u0131 ve puan cetvelinin ilk s\u0131ras\u0131ndaki yerini korudu.<br>\u00a0<br>Talen Horton-Tucker kaydetti\u011fi 28 say\u0131yla ma\u00e7\u0131n skoreri olurken; Bonzie Colson 14, Tar\u0131k Biberovic, Mikael Jantunen ve Wade Baldwin de 10\u2019ar say\u0131yla galibiyete \u00f6nemli katk\u0131 verdiler.<br>\u00a0<br>Tak\u0131m\u0131m\u0131z ma\u00e7a; Mikael Jantunen, Bonzie Colson, Wade Baldwin, Tar\u0131k Biberovic, Khem Birch be\u015fiyle ba\u015flad\u0131.<br>\u00a0<br>\u0130lk periyotta yakalad\u0131\u011f\u0131 12-4 \u00fcst\u00fcnl\u00fc\u011f\u00fcn ard\u0131ndan televizyon molas\u0131n\u0131 14-10 \u00f6nde ge\u00e7en Fenerbah\u00e7e Beko, kalan b\u00f6l\u00fcmde avantaj\u0131n\u0131 korudu ve periyodu 20-15 \u00f6nde tamamlad\u0131. \u0130kinci periyotta topu h\u00fccumda iyi payla\u015fan Tak\u0131m\u0131m\u0131z, ilk yar\u0131n\u0131n bitimine 3 bu\u00e7uk dakika kala fark\u0131 10 say\u0131ya \u00e7\u0131kararak rakibine mola ald\u0131rd\u0131: 34-24 Fenerbah\u00e7e Beko soyunma odas\u0131na 44-36 \u00f6nde gitti.<br>\u00a0<br>\u00dc\u00e7\u00fcnc\u00fc periyotta pota alt\u0131ndan Talen Horton-Tucker, \u00e7izgi gerisinden ise Bonzie Colson\u2019un etkili oyunuyla fark\u0131 16 say\u0131ya (64-48) kadar y\u00fckselten Tak\u0131m\u0131m\u0131z, final periyoduna 66-52 \u00f6nde girdi. D\u00f6rd\u00fcnc\u00fc periyotta ise kontroll\u00fc oyun oynayan Fenerbah\u00e7e Beko, kar\u015f\u0131la\u015fmay\u0131 88-70 kazand\u0131 ve EuroLeague\u2019de 22 galibiyetle liderli\u011fini s\u00fcrd\u00fcrd\u00fc.<br>\u00a0<br><strong>\u00c7eyrek skorlar\u0131:<\/strong><br><br>1.\u00c7eyrek: 20-15<br>2.\u00c7eyrek: 24-21<br>3.\u00c7eyrek: 22-16<br>4.\u00c7eyrek: 22-18<br>\u00a0<br>Fenerbah\u00e7e Beko, EuroLeague\u2019de gelecek hafta K\u0131z\u0131ly\u0131ld\u0131z\u2019a konuk olacak.<\/p>\n","protected":false},"excerpt":{"rendered":"<p>Fenerbah\u00e7e Beko Erkek Basketbol Tak\u0131m\u0131m\u0131z, EuroLeague 30. hafta ma\u00e7\u0131nda AS Monaco\u2019yu konuk etti. Kar\u015f\u0131la\u015fmay\u0131 88-70 kazanan Tak\u0131m\u0131m\u0131z 22. galibiyetine imza att\u0131 ve puan cetvelinin ilk s\u0131ras\u0131ndaki yerini korudu.\u00a0Talen Horton-Tucker kaydetti\u011fi 28 say\u0131yla ma\u00e7\u0131n skoreri olurken; Bonzie Colson 14, Tar\u0131k Biberovic, Mikael Jantunen ve Wade Baldwin de 10\u2019ar say\u0131yla galibiyete \u00f6nemli katk\u0131 verdiler.\u00a0Tak\u0131m\u0131m\u0131z ma\u00e7a; Mikael Jantunen, [&hellip;]<\/p>\n","protected":false},"author":1,"featured_media":30314,"comment_status":"closed","ping_status":"closed","sticky":false,"template":"","format":"standard","meta":{"jnews-multi-image_gallery":[],"jnews_single_post":{"format":"standard","override":[{"template":"1","parallax":"1","fullscreen":"1","layout":"right-sidebar","sidebar":"mysidebar","second_sidebar":"default-sidebar","sticky_sidebar":"1","share_position":"float","share_float_style":"share-normal","show_share_counter":"1","show_view_counter":"1","show_featured":"1","show_post_meta":"1","show_post_author_image":"1","show_post_date":"1","post_date_format":"default","post_date_format_custom":"Y\/m\/d","show_post_reading_time":"0","post_reading_time_wpm":"300","post_calculate_word_method":"str_word_count","show_zoom_button":"0","zoom_button_out_step":"2","zoom_button_in_step":"3","show_prev_next_post":"1","show_comment_section":"1","number_popup_post":"3","show_author_box":"0","show_post_related":"0","show_inline_post_related":"0"}],"image_override":[{"single_post_thumbnail_size":"crop-500","single_post_gallery_size":"crop-500"}],"trending_post_position":"meta","trending_post_label":"Trending","sponsored_post_label":"Sponsored by","disable_ad":"0","subtitle":"Fenerbah\u00e7e Erkek Basketbol Tak\u0131m\u0131m\u0131z, EuroLeague 30. haftas\u0131nda sahas\u0131nda AS Monaco ile oynad\u0131\u011f\u0131 ma\u00e7\u0131 88-70 kazand\u0131."},"jnews_primary_category":{"id":"5"},"jnews_social_meta":[],"jnews_override_counter":{"view_counter_number":"0","share_counter_number":"0","like_counter_number":"0","dislike_counter_number":"0"},"footnotes":""},"categories":[5,6,2],"tags":[24,23],"class_list":["post-30313","post","type-post","status-publish","format-standard","has-post-thumbnail","hentry","category-basketbol","category-erkek-basketbol","category-haberler","tag-basketbol","tag-fenerbahce"],"amp_enabled":true,"_links":{"self":[{"href":"https:\/\/www.fener.org\/index.php\/wp-json\/wp\/v2\/posts\/30313","targetHints":{"allow":["GET"]}}],"collection":[{"href":"https:\/\/www.fener.org\/index.php\/wp-json\/wp\/v2\/posts"}],"about":[{"href":"https:\/\/www.fener.org\/index.php\/wp-json\/wp\/v2\/types\/post"}],"author":[{"embeddable":true,"href":"https:\/\/www.fener.org\/index.php\/wp-json\/wp\/v2\/users\/1"}],"replies":[{"embeddable":true,"href":"https:\/\/www.fener.org\/index.php\/wp-json\/wp\/v2\/comments?post=30313"}],"version-history":[{"count":1,"href":"https:\/\/www.fener.org\/index.php\/wp-json\/wp\/v2\/posts\/30313\/revisions"}],"predecessor-version":[{"id":30315,"href":"https:\/\/www.fener.org\/index.php\/wp-json\/wp\/v2\/posts\/30313\/revisions\/30315"}],"wp:featuredmedia":[{"embeddable":true,"href":"https:\/\/www.fener.org\/index.php\/wp-json\/wp\/v2\/media\/30314"}],"wp:attachment":[{"href":"https:\/\/www.fener.org\/index.php\/wp-json\/wp\/v2\/media?parent=30313"}],"wp:term":[{"taxonomy":"category","embeddable":true,"href":"https:\/\/www.fener.org\/index.php\/wp-json\/wp\/v2\/categories?post=30313"},{"taxonomy":"post_tag","embeddable":true,"href":"https:\/\/www.fener.org\/index.php\/wp-json\/wp\/v2\/tags?post=30313"}],"curies":[{"name":"wp","href":"https:\/\/api.w.org\/{rel}","templated":true}]}}