{"id":30307,"date":"2026-03-04T23:50:13","date_gmt":"2026-03-04T20:50:13","guid":{"rendered":"https:\/\/www.fener.org\/?p=30307"},"modified":"2026-03-04T23:50:18","modified_gmt":"2026-03-04T20:50:18","slug":"fenerbahce-beko-as-monacoyu-konuk-ediyor-2","status":"publish","type":"post","link":"https:\/\/www.fener.org\/index.php\/2026\/03\/04\/fenerbahce-beko-as-monacoyu-konuk-ediyor-2\/","title":{"rendered":"Fenerbah\u00e7e Beko, AS Monaco\u2019yu konuk ediyor"},"content":{"rendered":"\n<p>Fenerbah\u00e7e Beko Erkek Basketbol Tak\u0131m\u0131m\u0131z, EuroLeague 30. hafta ma\u00e7\u0131nda AS Monaco\u2019yu konuk ediyor. 5 Mart Per\u015fembe g\u00fcn\u00fc (yar\u0131n) \u00dclker Spor ve Etkinlik Salonu\u2019nda oynanacak m\u00fccadele 20.45\u2019te ba\u015flayacak ve S Sport\u2019tan canl\u0131 yay\u0131nlanacak. M\u00fccadeleyi Sreten Radovic (H\u0131rvatistan), Carlos Cortes (\u0130spanya) ve Saulius Racys (Litvanya) hakem \u00fc\u00e7l\u00fcs\u00fc y\u00f6netecek.<\/p>\n\n\n\n<p>Fenerbah\u00e7e Beko, EuroLeague\u2019de oynad\u0131\u011f\u0131 28 ma\u00e7ta 21 galibiyetle puan cetvelinin ilk s\u0131ras\u0131nda yer al\u0131yor. Son olarak 25 \u015eubat\u2019ta Partizan\u2019\u0131 konuk eden ekibimiz sahadan 81-78\u2019lik skorla galip ayr\u0131ld\u0131.<\/p>\n\n\n\n<p>T\u00fcrkiye Sigorta Basketbol S\u00fcper Ligi\u2019nde de liderli\u011fini s\u00fcrd\u00fcren tak\u0131m\u0131m\u0131z, 20 ma\u00e7ta 18 galibiyet ald\u0131. Son lig ma\u00e7\u0131nda T\u00fcrk Telekom\u2019a konuk olan Fenerbah\u00e7e Beko, rakibini 88-76\u2019l\u0131k skorla ge\u00e7ti.<\/p>\n\n\n\n<p>Tedavileri devam eden Nicolo Melli ve Devon Hall, AS Monaco kar\u015f\u0131s\u0131nda forma giyemeyecek. Tak\u0131mla antrenmanlara ba\u015flayan Chris Silva\u2019n\u0131n durumu ise ma\u00e7 saatinde netle\u015fecek.<\/p>\n\n\n\n<p>Antren\u00f6r Vassilis Spanoulis taraf\u0131ndan \u00e7al\u0131\u015ft\u0131r\u0131lan AS Monaco, EuroLeague\u2019de oynad\u0131\u011f\u0131 29 ma\u00e7ta 16 galibiyetle puan cetvelinin dokuzuncu s\u0131ras\u0131nda yer al\u0131yor. Son olarak Maccabi Rapyd Tel Aviv\u2019i konuk eden rakibimiz sahadan 91-86\u2019l\u0131k skorla ma\u011flup ayr\u0131ld\u0131.<\/p>\n\n\n\n<p>LNB Ligi\u2019nde oynad\u0131\u011f\u0131 20 ma\u00e7ta ald\u0131\u011f\u0131 17 galibiyetle puan cetvelinin zirvesinde yer alan AS Monaco, son ma\u00e7\u0131nda Nanterre\u2019e konuk oldu. Parkeden 81-76\u2019l\u0131k galibiyetle ayr\u0131lan rakibimizde Elie Okobo 17, Daniel Theis 12 ve Jaron Blossomgame 11 say\u0131 \u00fcretti.<\/p>\n\n\n\n<p>\u0130ki tak\u0131m ge\u00e7mi\u015fte 15 kez kar\u015f\u0131 kar\u015f\u0131ya geldi. Fenerbah\u00e7e Beko dokuz ma\u00e7ta sahadan galibiyetle ayr\u0131ld\u0131.<\/p>\n","protected":false},"excerpt":{"rendered":"<p>Fenerbah\u00e7e Beko Erkek Basketbol Tak\u0131m\u0131m\u0131z, EuroLeague 30. hafta ma\u00e7\u0131nda AS Monaco\u2019yu konuk ediyor. 5 Mart Per\u015fembe g\u00fcn\u00fc (yar\u0131n) \u00dclker Spor ve Etkinlik Salonu\u2019nda oynanacak m\u00fccadele 20.45\u2019te ba\u015flayacak ve S Sport\u2019tan canl\u0131 yay\u0131nlanacak. M\u00fccadeleyi Sreten Radovic (H\u0131rvatistan), Carlos Cortes (\u0130spanya) ve Saulius Racys (Litvanya) hakem \u00fc\u00e7l\u00fcs\u00fc y\u00f6netecek. Fenerbah\u00e7e Beko, EuroLeague\u2019de oynad\u0131\u011f\u0131 28 ma\u00e7ta 21 galibiyetle puan [&hellip;]<\/p>\n","protected":false},"author":1,"featured_media":29851,"comment_status":"closed","ping_status":"closed","sticky":false,"template":"","format":"standard","meta":{"jnews-multi-image_gallery":[],"jnews_single_post":{"format":"standard","override":[{"template":"1","parallax":"1","fullscreen":"1","layout":"right-sidebar","sidebar":"mysidebar","second_sidebar":"default-sidebar","sticky_sidebar":"1","share_position":"float","share_float_style":"share-normal","show_share_counter":"1","show_view_counter":"1","show_featured":"1","show_post_meta":"1","show_post_author_image":"1","show_post_date":"1","post_date_format":"default","post_date_format_custom":"Y\/m\/d","show_post_reading_time":"0","post_reading_time_wpm":"300","post_calculate_word_method":"str_word_count","show_zoom_button":"0","zoom_button_out_step":"2","zoom_button_in_step":"3","show_prev_next_post":"1","show_comment_section":"1","number_popup_post":"3","show_author_box":"0","show_post_related":"0","show_inline_post_related":"0"}],"image_override":[{"single_post_thumbnail_size":"crop-500","single_post_gallery_size":"crop-500"}],"trending_post_position":"meta","trending_post_label":"Trending","sponsored_post_label":"Sponsored by","disable_ad":"0","subtitle":"Fenerbah\u00e7e Erkek Basketbol Tak\u0131m\u0131m\u0131z, EuroLeague 30. haftas\u0131nda sahas\u0131nda AS Monaco ile kar\u015f\u0131la\u015f\u0131yor."},"jnews_primary_category":{"id":"5"},"jnews_social_meta":[],"jnews_override_counter":{"view_counter_number":"0","share_counter_number":"0","like_counter_number":"0","dislike_counter_number":"0"},"footnotes":""},"categories":[5,6,2],"tags":[24,74,23],"class_list":["post-30307","post","type-post","status-publish","format-standard","has-post-thumbnail","hentry","category-basketbol","category-erkek-basketbol","category-haberler","tag-basketbol","tag-euroleague","tag-fenerbahce"],"amp_enabled":true,"_links":{"self":[{"href":"https:\/\/www.fener.org\/index.php\/wp-json\/wp\/v2\/posts\/30307","targetHints":{"allow":["GET"]}}],"collection":[{"href":"https:\/\/www.fener.org\/index.php\/wp-json\/wp\/v2\/posts"}],"about":[{"href":"https:\/\/www.fener.org\/index.php\/wp-json\/wp\/v2\/types\/post"}],"author":[{"embeddable":true,"href":"https:\/\/www.fener.org\/index.php\/wp-json\/wp\/v2\/users\/1"}],"replies":[{"embeddable":true,"href":"https:\/\/www.fener.org\/index.php\/wp-json\/wp\/v2\/comments?post=30307"}],"version-history":[{"count":1,"href":"https:\/\/www.fener.org\/index.php\/wp-json\/wp\/v2\/posts\/30307\/revisions"}],"predecessor-version":[{"id":30308,"href":"https:\/\/www.fener.org\/index.php\/wp-json\/wp\/v2\/posts\/30307\/revisions\/30308"}],"wp:featuredmedia":[{"embeddable":true,"href":"https:\/\/www.fener.org\/index.php\/wp-json\/wp\/v2\/media\/29851"}],"wp:attachment":[{"href":"https:\/\/www.fener.org\/index.php\/wp-json\/wp\/v2\/media?parent=30307"}],"wp:term":[{"taxonomy":"category","embeddable":true,"href":"https:\/\/www.fener.org\/index.php\/wp-json\/wp\/v2\/categories?post=30307"},{"taxonomy":"post_tag","embeddable":true,"href":"https:\/\/www.fener.org\/index.php\/wp-json\/wp\/v2\/tags?post=30307"}],"curies":[{"name":"wp","href":"https:\/\/api.w.org\/{rel}","templated":true}]}}