{"id":3025,"date":"2018-11-11T07:00:45","date_gmt":"2018-11-11T04:00:45","guid":{"rendered":"https:\/\/www.fener.org\/?p=3025"},"modified":"2018-11-10T18:12:02","modified_gmt":"2018-11-10T15:12:02","slug":"fenerbahcemiz-bahcesehir-koleji-karsisinda","status":"publish","type":"post","link":"https:\/\/www.fener.org\/index.php\/2018\/11\/11\/fenerbahcemiz-bahcesehir-koleji-karsisinda\/","title":{"rendered":"Fenerbah\u00e7emiz Bah\u00e7e\u015fehir Koleji kar\u015f\u0131s\u0131nda"},"content":{"rendered":"<p>Fenerbah\u00e7e Erkek Basketbol Tak\u0131m\u0131m\u0131z, Tahincio\u011flu Basketbol S\u00fcper Ligi 6. hafta ma\u00e7\u0131nda Bah\u00e7e\u015fehir Koleji\u2019ne konuk oluyor. Bug\u00fcn (11 Kas\u0131m Pazar g\u00fcn\u00fc) saat 20:00\u2019de Ayhan \u015eahenk Spor Salonu\u2019nda oynanacak m\u00fccadeleyi Zafer Y\u0131lmaz, Alper \u00d6zg\u00f6k, \u00d6zge \u015eent\u00fcrk hakem \u00fc\u00e7l\u00fcs\u00fc y\u00f6netecek. Kar\u015f\u0131la\u015fma Tivibu Spor ekranlar\u0131ndan canl\u0131 yay\u0131nlanacak<\/p>\n<p>Tak\u0131m\u0131m\u0131z son resmi ma\u00e7\u0131nda EuroLeague m\u00fccadesi i\u00e7in 9 Kas\u0131m Cuma g\u00fcn\u00fc Kirolbet Baskonia\u2019ya konuk oldu. Fenerbah\u00e7emiz, b\u00fcy\u00fck \u00e7eki\u015fmeye sahne olan kar\u015f\u0131la\u015fmadan 72-74 galip ayr\u0131larak alt\u0131nc\u0131 ma\u00e7\u0131nda be\u015finci galibiyetini ald\u0131.<\/p>\n<p>Sar\u0131-lacivertli ekibimiz, Tahincio\u011flu Basketbol S\u00fcper Ligi\u2019ndeki son m\u00fccadelesinde Anadolu Efes\u2019i konuk etti\u011fi m\u00fccadelede, rakibini uzatma b\u00f6l\u00fcm\u00fcnde 86-79 yendi ve bu sonu\u00e7la ligdeki be\u015finci m\u00fccadelesini de kazanm\u0131\u015f oldu.<\/p>\n<p>Ligimizin yeni ekibi Bah\u00e7e\u015fehir Koleji kurdu\u011fu iddial\u0131 kadroyla dikkat \u00e7ekiyor. Tecr\u00fcbeli \u00e7al\u0131\u015ft\u0131r\u0131c\u0131 Stefanos Dedas\u2019\u0131n antren\u00f6rl\u00fc\u011f\u00fcn\u00fc yapt\u0131\u011f\u0131 Bah\u00e7e\u015fehir\u2019in kadrosunda eski oyuncular\u0131m\u0131z Emir Preldzic ve Can Alt\u0131nt\u0131\u011f\u2019\u0131n yan\u0131 s\u0131ra Quino Colom, Marcus Slaughter, Chris Babb, D.J. White, Andy Rautins, Hakan Yapar, Yi\u011fitcan Turna, Alper \u00d6zcan ve Hadi \u00d6zdemir gibi isimler yer al\u0131yor.<\/p>\n<p>Bah\u00e7e\u015fehir Koleji bu sezon ligimizde oynad\u0131\u011f\u0131 be\u015f ma\u00e7ta \u00fc\u00e7 galibiyet elde etti.Rakibimiz son m\u00fccadelesinde Sakarya\u2019ya ma\u011flup oldu.<\/p>\n","protected":false},"excerpt":{"rendered":"<p>Fenerbah\u00e7e Erkek Basketbol Tak\u0131m\u0131m\u0131z, Tahincio\u011flu Basketbol S\u00fcper Ligi 6. hafta ma\u00e7\u0131nda Bah\u00e7e\u015fehir Koleji\u2019ne konuk oluyor. Bug\u00fcn (11 Kas\u0131m Pazar g\u00fcn\u00fc) saat 20:00\u2019de Ayhan \u015eahenk Spor Salonu\u2019nda oynanacak m\u00fccadeleyi Zafer Y\u0131lmaz, Alper \u00d6zg\u00f6k, \u00d6zge \u015eent\u00fcrk hakem \u00fc\u00e7l\u00fcs\u00fc y\u00f6netecek. Kar\u015f\u0131la\u015fma Tivibu Spor ekranlar\u0131ndan canl\u0131 yay\u0131nlanacak Tak\u0131m\u0131m\u0131z son resmi ma\u00e7\u0131nda EuroLeague m\u00fccadesi i\u00e7in 9 Kas\u0131m Cuma g\u00fcn\u00fc Kirolbet [&hellip;]<\/p>\n","protected":false},"author":1,"featured_media":3026,"comment_status":"closed","ping_status":"closed","sticky":false,"template":"","format":"standard","meta":{"jnews-multi-image_gallery":[],"jnews_single_post":{"override_template":"0","override":[{"template":"1","single_blog_custom":"","parallax":"1","fullscreen":"0","layout":"right-sidebar","sidebar":"default-sidebar","second_sidebar":"default-sidebar","sticky_sidebar":"1","share_position":"top","share_float_style":"share-monocrhome","show_share_counter":"1","show_view_counter":"1","show_featured":"1","show_post_meta":"1","show_post_author":"1","show_post_author_image":"1","show_post_date":"1","post_date_format":"default","post_date_format_custom":"Y\/m\/d","show_post_category":"1","show_post_tag":"1","show_prev_next_post":"1","show_popup_post":"1","number_popup_post":"1","show_author_box":"0","show_post_related":"1","show_inline_post_related":"0"}],"override_image_size":"0","image_override":[{"single_post_thumbnail_size":"crop-500","single_post_gallery_size":"crop-500"}],"trending_post":"0","trending_post_position":"meta","trending_post_label":"Trending"},"jnews_primary_category":{"id":"5"},"jnews_social_meta":{"fb_title":"","fb_description":"","fb_image":"","twitter_title":"","twitter_description":"","twitter_image":""},"jnews_override_counter":{"override_view_counter":"0","view_counter_number":"0","override_share_counter":"0","share_counter_number":"0","override_like_counter":"0","like_counter_number":"0","override_dislike_counter":"0","dislike_counter_number":"0"},"footnotes":""},"categories":[5,6,2],"tags":[24,25],"class_list":["post-3025","post","type-post","status-publish","format-standard","has-post-thumbnail","hentry","category-basketbol","category-erkek-basketbol","category-haberler","tag-basketbol","tag-erkek-basketbol"],"amp_enabled":true,"_links":{"self":[{"href":"https:\/\/www.fener.org\/index.php\/wp-json\/wp\/v2\/posts\/3025","targetHints":{"allow":["GET"]}}],"collection":[{"href":"https:\/\/www.fener.org\/index.php\/wp-json\/wp\/v2\/posts"}],"about":[{"href":"https:\/\/www.fener.org\/index.php\/wp-json\/wp\/v2\/types\/post"}],"author":[{"embeddable":true,"href":"https:\/\/www.fener.org\/index.php\/wp-json\/wp\/v2\/users\/1"}],"replies":[{"embeddable":true,"href":"https:\/\/www.fener.org\/index.php\/wp-json\/wp\/v2\/comments?post=3025"}],"version-history":[{"count":3,"href":"https:\/\/www.fener.org\/index.php\/wp-json\/wp\/v2\/posts\/3025\/revisions"}],"predecessor-version":[{"id":3029,"href":"https:\/\/www.fener.org\/index.php\/wp-json\/wp\/v2\/posts\/3025\/revisions\/3029"}],"wp:featuredmedia":[{"embeddable":true,"href":"https:\/\/www.fener.org\/index.php\/wp-json\/wp\/v2\/media\/3026"}],"wp:attachment":[{"href":"https:\/\/www.fener.org\/index.php\/wp-json\/wp\/v2\/media?parent=3025"}],"wp:term":[{"taxonomy":"category","embeddable":true,"href":"https:\/\/www.fener.org\/index.php\/wp-json\/wp\/v2\/categories?post=3025"},{"taxonomy":"post_tag","embeddable":true,"href":"https:\/\/www.fener.org\/index.php\/wp-json\/wp\/v2\/tags?post=3025"}],"curies":[{"name":"wp","href":"https:\/\/api.w.org\/{rel}","templated":true}]}}