{"id":29881,"date":"2026-01-25T23:31:24","date_gmt":"2026-01-25T20:31:24","guid":{"rendered":"https:\/\/www.fener.org\/?p=29881"},"modified":"2026-01-27T23:36:00","modified_gmt":"2026-01-27T20:36:00","slug":"atletizm-subemizden-turkiye-u20-salon-sampiyonasinda-22-madalya","status":"publish","type":"post","link":"https:\/\/www.fener.org\/index.php\/2026\/01\/25\/atletizm-subemizden-turkiye-u20-salon-sampiyonasinda-22-madalya\/","title":{"rendered":"Atletizm \u015eubemizden T\u00fcrkiye U20 Salon \u015eampiyonas\u0131\u2019nda 22 madalya"},"content":{"rendered":"\n<p>T\u00fcrkiye U20 Atletizm Salon \u015eampiyonas\u0131 24\u201325 Ocak 2026 tarihlerinde d\u00fczenlendi.<br>\u00a0<br>\u0130stanbul\u2019daki organizasyonda Fenerbah\u00e7e Atletizm \u015eubesi sporcular\u0131 \u00f6nemli bir ba\u015far\u0131ya imza att\u0131.<br>\u00a0<br>Kul\u00fcb\u00fcm\u00fcz ad\u0131na 18 sporcu, 12 bran\u015fta yar\u0131\u015farak 9\u2019u alt\u0131n, 6\u2019s\u0131 g\u00fcm\u00fc\u015f, 7\u2019si de bronz olmak \u00fczere toplamda 22 madalya kazand\u0131.<br>\u00a0<br>Atletlerimiz; U20 Erkeklerde 4 alt\u0131n, 2 g\u00fcm\u00fc\u015f, 2 bronz; U20 Kad\u0131nlarda ise 5 alt\u0131n, 4 g\u00fcm\u00fc\u015f, 5 de bronz madalyan\u0131n sahibi oldu.<br>\u00a0<br><strong>Atletlerimizin elde etti\u011fi dereceler ve kazand\u0131klar\u0131 madalyalar \u015fu \u015fekilde:<\/strong><br>\u00a0<br><strong>U20 Erkeklerde \u00f6ne \u00e7\u0131kan dereceler:<\/strong><br>\u00a0<br>Akif K\u00f6se (Adana) \u2014 S\u0131r\u0131kla Atlama: 4.50 \/ Alt\u0131n Madalya<br>\u00a0<br>Emir Y\u0131lmaz (Sivas) \u2014 Y\u00fcksek Atlama: 2.02 \/ Alt\u0131n Madalya<br>\u00a0<br>Arda Akel (Bursa) \u2014 200 m (Final): 21.82 \/ Alt\u0131n Madalya | 400 m: 48.85 \/ Alt\u0131n Madalya<br>\u00a0<br>Ali Efe \u00d6zer (Bal\u0131kesir) \u2014 Uzun Atlama: 6.82 \/ G\u00fcm\u00fc\u015f Madalya<br>\u00a0<br>Toprak Ege \u00d6zdemir (Adana) \u2014 200 m (Final): 22.13 \/ G\u00fcm\u00fc\u015f Madalya<br>\u00a0<br>Fetullah G\u00f6k (\u0130stanbul) \u2014 G\u00fclle Atma (A\u011f\u0131rl\u0131k 6 kg): 16.12 \/ Bronz Madalya<br>\u00a0<br>\u00dcmre Azat Seyito\u011flu (Kayseri) \u2014 3000 m: 8:51.15 \/ Bronz Madalya<br>\u00a0<br><strong>U20 Kad\u0131nlarda \u00f6ne \u00e7\u0131kan dereceler:<\/strong><br>\u00a0<br>Sude Naz Bayar (Ayd\u0131n) \u2014 60 m (Final): 7.70 \/ Alt\u0131n Madalya | 200 m (Final): 25.31 \/ Alt\u0131n Madalya<br>\u00a0<br>Serin Korucu (\u0130zmir) \u2014 G\u00fclle Atma (A\u011f\u0131rl\u0131k 4 kg): 12.24 \/ Alt\u0131n Madalya<br>\u00a0<br>Ada Kafa (KKTC) \u2014 800 m: 2:13.16 \/ Alt\u0131n Madalya | 400 m: 58.32 \/ Bronz Madalya<br>\u00a0<br>\u00d6zg\u00fc \u00c7olak (Trabzon) \u2014 \u00a0Y\u00fcksek Atlama: 1.71 \/ Alt\u0131n Madalya<br>\u00a0<br>Z\u00fclal G\u00fcltepe (Bal\u0131kesir) \u2014 200 m (Final): 25.31 \/ G\u00fcm\u00fc\u015f Madalya<br>\u00a0<br>Azra Aky\u00fcz (Adana) \u2014 S\u0131r\u0131kla Atlama: 3.20 \/ G\u00fcm\u00fc\u015f Madalya<br>\u00a0<br>Esma Saniye Sat\u0131lm\u0131\u015f (Trabzon) \u2014 G\u00fclle Atma (A\u011f\u0131rl\u0131k 4 kg): 11.53 \/ G\u00fcm\u00fc\u015f Madalya<br>\u00a0<br>Tu\u011fba Yan\u0131lmaz (Bursa) \u2014 60 m Engelli (Final): 8.79 \/ G\u00fcm\u00fc\u015f Madalya<br>\u00a0<br>Azra Di\u015fbudak (Bursa) \u2014 \u00dc\u00e7 ad\u0131m Atlama: 12.14 \/ Bronz Madalya<br>\u00a0<br>Ceylin Naz P\u0131nar (\u0130zmir) \u2014 Uzun Atlama: 5.45 \/ Bronz Madalya<br>\u00a0<br>D\u00f6nd\u00fc K\u00fcbra Boyraz (Kayseri) \u2014 1500 m: 4:37.03 \/ Bronz Madalya | 3000 m: 9:47.86 \/ Bronz Madalya<\/p>\n","protected":false},"excerpt":{"rendered":"<p>T\u00fcrkiye U20 Atletizm Salon \u015eampiyonas\u0131 24\u201325 Ocak 2026 tarihlerinde d\u00fczenlendi.\u00a0\u0130stanbul\u2019daki organizasyonda Fenerbah\u00e7e Atletizm \u015eubesi sporcular\u0131 \u00f6nemli bir ba\u015far\u0131ya imza att\u0131.\u00a0Kul\u00fcb\u00fcm\u00fcz ad\u0131na 18 sporcu, 12 bran\u015fta yar\u0131\u015farak 9\u2019u alt\u0131n, 6\u2019s\u0131 g\u00fcm\u00fc\u015f, 7\u2019si de bronz olmak \u00fczere toplamda 22 madalya kazand\u0131.\u00a0Atletlerimiz; U20 Erkeklerde 4 alt\u0131n, 2 g\u00fcm\u00fc\u015f, 2 bronz; U20 Kad\u0131nlarda ise 5 alt\u0131n, 4 g\u00fcm\u00fc\u015f, 5 [&hellip;]<\/p>\n","protected":false},"author":1,"featured_media":1279,"comment_status":"closed","ping_status":"closed","sticky":false,"template":"","format":"standard","meta":{"jnews-multi-image_gallery":[],"jnews_single_post":{"format":"standard","override":[{"template":"1","parallax":"1","fullscreen":"1","layout":"right-sidebar","sidebar":"mysidebar","second_sidebar":"default-sidebar","sticky_sidebar":"1","share_position":"float","share_float_style":"share-normal","show_share_counter":"1","show_view_counter":"1","show_featured":"1","show_post_meta":"1","show_post_author_image":"1","show_post_date":"1","post_date_format":"default","post_date_format_custom":"Y\/m\/d","show_post_reading_time":"0","post_reading_time_wpm":"300","post_calculate_word_method":"str_word_count","show_zoom_button":"0","zoom_button_out_step":"2","zoom_button_in_step":"3","show_prev_next_post":"1","show_comment_section":"1","number_popup_post":"3","show_author_box":"0","show_post_related":"0","show_inline_post_related":"0"}],"image_override":[{"single_post_thumbnail_size":"crop-500","single_post_gallery_size":"crop-500"}],"trending_post_position":"meta","trending_post_label":"Trending","sponsored_post_label":"Sponsored by","disable_ad":"0"},"jnews_primary_category":{"id":"13"},"jnews_social_meta":[],"jnews_override_counter":{"view_counter_number":"0","share_counter_number":"0","like_counter_number":"0","dislike_counter_number":"0"},"footnotes":""},"categories":[13,2],"tags":[32,23],"class_list":["post-29881","post","type-post","status-publish","format-standard","has-post-thumbnail","hentry","category-atletizm","category-haberler","tag-atletizm","tag-fenerbahce"],"amp_enabled":true,"_links":{"self":[{"href":"https:\/\/www.fener.org\/index.php\/wp-json\/wp\/v2\/posts\/29881","targetHints":{"allow":["GET"]}}],"collection":[{"href":"https:\/\/www.fener.org\/index.php\/wp-json\/wp\/v2\/posts"}],"about":[{"href":"https:\/\/www.fener.org\/index.php\/wp-json\/wp\/v2\/types\/post"}],"author":[{"embeddable":true,"href":"https:\/\/www.fener.org\/index.php\/wp-json\/wp\/v2\/users\/1"}],"replies":[{"embeddable":true,"href":"https:\/\/www.fener.org\/index.php\/wp-json\/wp\/v2\/comments?post=29881"}],"version-history":[{"count":1,"href":"https:\/\/www.fener.org\/index.php\/wp-json\/wp\/v2\/posts\/29881\/revisions"}],"predecessor-version":[{"id":29882,"href":"https:\/\/www.fener.org\/index.php\/wp-json\/wp\/v2\/posts\/29881\/revisions\/29882"}],"wp:featuredmedia":[{"embeddable":true,"href":"https:\/\/www.fener.org\/index.php\/wp-json\/wp\/v2\/media\/1279"}],"wp:attachment":[{"href":"https:\/\/www.fener.org\/index.php\/wp-json\/wp\/v2\/media?parent=29881"}],"wp:term":[{"taxonomy":"category","embeddable":true,"href":"https:\/\/www.fener.org\/index.php\/wp-json\/wp\/v2\/categories?post=29881"},{"taxonomy":"post_tag","embeddable":true,"href":"https:\/\/www.fener.org\/index.php\/wp-json\/wp\/v2\/tags?post=29881"}],"curies":[{"name":"wp","href":"https:\/\/api.w.org\/{rel}","templated":true}]}}