{"id":29872,"date":"2026-01-25T22:33:17","date_gmt":"2026-01-25T19:33:17","guid":{"rendered":"https:\/\/www.fener.org\/?p=29872"},"modified":"2026-01-25T22:33:22","modified_gmt":"2026-01-25T19:33:22","slug":"fenerbahce-1-1-goztepe","status":"publish","type":"post","link":"https:\/\/www.fener.org\/index.php\/2026\/01\/25\/fenerbahce-1-1-goztepe\/","title":{"rendered":"Fenerbah\u00e7e 1-1 G\u00f6ztepe"},"content":{"rendered":"\n<p>Fenerbah\u00e7emiz, Trendyol S\u00fcper Lig\u2019in 19. haftas\u0131nda G\u00f6ztepe\u2019yi konuk etti. Chobani Stadyumu Fenerbah\u00e7e \u015e\u00fckr\u00fc Saraco\u011flu Spor Kompleksi\u2019nde oynanan kar\u015f\u0131la\u015fma 1-1 e\u015fitlikle sona erdi.<\/p>\n\n\n\n<p>Tak\u0131m\u0131m\u0131z\u0131n gol\u00fcn\u00fc 17. dakikada Dorgeles Nene kaydetti. Konuk ekibin gol\u00fc ise 24. dakikada Janderson\u2019la e\u015fitli\u011fi yakalad\u0131. Bu sonu\u00e7la ligde yoluna nama\u011flup devam eden Futbol Tak\u0131m\u0131m\u0131z, puan\u0131n\u0131 43\u2019e y\u00fckseltti.<\/p>\n\n\n\n<p>Tak\u0131m\u0131m\u0131z, 29 Ocak Per\u015fembe g\u00fcn\u00fc UEFA Avrupa Ligi\u2019nin 8. haftas\u0131nda FCSB ile deplasmanda kar\u015f\u0131la\u015facak.<\/p>\n\n\n<p><strong>Ma\u00e7tan dakikalar:<\/strong><br \/><br \/>16. dakikada Semedo&#8217;nun pas\u0131nda sol kanatta topla bulu\u015fan Musaba son \u00e7izgiye inip kale sahas\u0131na yerden sert ortalad\u0131, savunman\u0131n arkas\u0131nda kendisini unutturan Nene topu bo\u015f kaleye g\u00f6nderdi: 1-0.<br \/>\u00a0<br \/>18. dakikada Asensio&#8217;nun pas\u0131nda savunman\u0131n arkas\u0131na hareketlenen Nene, soldan ata\u011fa kat\u0131lan Musaba&#8217;ya pas\u0131n\u0131 aktard\u0131. Bu futbolcunun ceza sahas\u0131 i\u00e7i sol \u00e7apraz\u0131ndan \u015futunda top dire\u011fe \u00e7arp\u0131p oyun alan\u0131na geri d\u00f6nd\u00fc.<br \/>\u00a0<br \/>24. dakikada G\u00f6ztepe ata\u011f\u0131nda Yi\u011fit Efe Demir&#8217;in pas\u0131nda araya giren Efkan Bekiro\u011flu, soldan ata\u011fa kat\u0131lan Arda Okan Kurtulan&#8217;\u0131 topla bulu\u015fturdu. Bu futbolcunun kale sahas\u0131na ortas\u0131nda Janderson yak\u0131n mesafeden topu filelere yollad\u0131: 1-1.<br \/>\u00a0<br \/>27. dakikada sol kanatta topla bulu\u015fan Musaba son \u00e7izgiye inip ceza sahas\u0131 i\u00e7i sa\u011f \u00e7apraz\u0131ndaki Nene&#8217;ye ortalad\u0131. Bu futbolcunun geli\u015fine vuru\u015funda kaleci Lis uzanarak gole engel oldu.<br \/>\u00a0<br \/>29. dakikada sol kanatta topu alan Asensio, ceza sahas\u0131 i\u00e7ine ortas\u0131n\u0131 yapt\u0131. Savunman\u0131n aras\u0131ndan iyi y\u00fckselen Skriniar&#8217;\u0131n kafa vuru\u015funda top az farkla yandan auta \u00e7\u0131kt\u0131.<br \/>\u00a0<br \/>31. dakikada G\u00f6ztepe ata\u011f\u0131nda Olaitan&#8217;\u0131n pas\u0131nda solda topla bulu\u015fan Janderson&#8217;un \u00e7aprazdan \u015futunda savunmadan seken top ceza sahas\u0131 i\u00e7i sa\u011f \u00e7apraz\u0131ndaki Efkar Bekiro\u011flu&#8217;nda kald\u0131. Bu oyuncunun \u015futunda Ederson gole izin vermedi.<br \/>\u00a0<br \/>36. dakikada Guendouzi&#8217;nin soldan kulland\u0131\u011f\u0131 korner at\u0131\u015f\u0131nda kaleci Lis&#8217;in sektirdi\u011fi top Talisca&#8217;n\u0131n \u00f6n\u00fcne d\u00fc\u015ft\u00fc. Bu futbolcunun kafa vuru\u015funda top az farkla yandan d\u0131\u015far\u0131 gitti.<br \/>\u00a0<br \/>45+5. dakikada G\u00f6ztepe ata\u011f\u0131nda sa\u011fdan kullan\u0131lan korner at\u0131\u015f\u0131nda savunman\u0131n uzakla\u015ft\u0131rmak istedi\u011fi top Olaitan&#8217;da kald\u0131. Bu futbolcunun ceza sahas\u0131 i\u00e7ine g\u00f6nderdi\u011fi ortada Arda Okan Kurtulan kafay\u0131 vurdu, top \u00fcst dire\u011fe \u00e7arp\u0131p oyun alan\u0131na geri d\u00f6nd\u00fc.<br \/>\u00a0<br \/>49. dakikada G\u00f6ztepe ata\u011f\u0131nda Fenerbah\u00e7e orta sahas\u0131n\u0131n kaybetti\u011fi topu kapan Olaitan, ceza sahas\u0131 d\u0131\u015f\u0131 sa\u011f \u00e7apraz\u0131ndan sert vurdu ancak top az farkla yandan auta \u00e7\u0131kt\u0131.<br \/>\u00a0<br \/>59. dakikada sol kanatta topla bulu\u015fan Musaba, 2 rakibinden s\u0131yr\u0131l\u0131p son \u00e7izgiye indi. Bu futbolcunun yerden ortas\u0131nda G\u00f6ztepe savunmas\u0131 son anda araya girerek tehlikeyi uzakla\u015ft\u0131rd\u0131.<br \/><br \/>60. dakikada Mert M\u00fcld\u00fcr&#8217;\u00fcn pas\u0131nda topu alan Asensio ceza sahas\u0131 d\u0131\u015f\u0131 sa\u011f \u00e7apraz\u0131ndan \u00e7ok sert vurdu, kaleci Lis uzanarak gole engel oldu.<br \/>\u00a0<br \/>90+5. dakikada sol kanatta topla bulu\u015fan Asensio kale \u00f6n\u00fcne ortalad\u0131. Bu noktada y\u00fckselen Mert M\u00fcld\u00fcr&#8217;\u00fcn kafa vuru\u015funda top yandan auta \u00e7\u0131kt\u0131.<br \/>\u00a0<br \/>Kar\u015f\u0131la\u015fma 1-1 e\u015fitlikle sona erdi.<\/p>","protected":false},"excerpt":{"rendered":"<p>Fenerbah\u00e7emiz, Trendyol S\u00fcper Lig\u2019in 19. haftas\u0131nda G\u00f6ztepe\u2019yi konuk etti. Chobani Stadyumu Fenerbah\u00e7e \u015e\u00fckr\u00fc Saraco\u011flu Spor Kompleksi\u2019nde oynanan kar\u015f\u0131la\u015fma 1-1 e\u015fitlikle sona erdi. Tak\u0131m\u0131m\u0131z\u0131n gol\u00fcn\u00fc 17. dakikada Dorgeles Nene kaydetti. Konuk ekibin gol\u00fc ise 24. dakikada Janderson\u2019la e\u015fitli\u011fi yakalad\u0131. Bu sonu\u00e7la ligde yoluna nama\u011flup devam eden Futbol Tak\u0131m\u0131m\u0131z, puan\u0131n\u0131 43\u2019e y\u00fckseltti. Tak\u0131m\u0131m\u0131z, 29 Ocak Per\u015fembe g\u00fcn\u00fc [&hellip;]<\/p>\n","protected":false},"author":1,"featured_media":29873,"comment_status":"closed","ping_status":"closed","sticky":false,"template":"","format":"standard","meta":{"jnews-multi-image_gallery":[],"jnews_single_post":{"format":"standard","override":[{"template":"1","parallax":"1","fullscreen":"1","layout":"right-sidebar","sidebar":"mysidebar","second_sidebar":"default-sidebar","sticky_sidebar":"1","share_position":"float","share_float_style":"share-normal","show_share_counter":"1","show_view_counter":"1","show_featured":"1","show_post_meta":"1","show_post_author_image":"1","show_post_date":"1","post_date_format":"default","post_date_format_custom":"Y\/m\/d","show_post_reading_time":"0","post_reading_time_wpm":"300","post_calculate_word_method":"str_word_count","show_zoom_button":"0","zoom_button_out_step":"2","zoom_button_in_step":"3","show_prev_next_post":"1","show_comment_section":"1","number_popup_post":"3","show_author_box":"0","show_post_related":"0","show_inline_post_related":"0"}],"image_override":[{"single_post_thumbnail_size":"crop-500","single_post_gallery_size":"crop-500"}],"trending_post_position":"meta","trending_post_label":"Trending","sponsored_post_label":"Sponsored by","disable_ad":"0","subtitle":"Fenerbah\u00e7e, S\u00fcper Lig\u2019in 19. haftas\u0131nda G\u00f6ztepe\u2019yi konuk etti\u011fi kar\u015f\u0131la\u015fmadan 1-1 e\u015fitlikle ayr\u0131ld\u0131"},"jnews_primary_category":{"id":"4"},"jnews_social_meta":[],"jnews_override_counter":{"view_counter_number":"0","share_counter_number":"0","like_counter_number":"0","dislike_counter_number":"0"},"footnotes":""},"categories":[4,2,47],"tags":[23,54],"class_list":["post-29872","post","type-post","status-publish","format-standard","has-post-thumbnail","hentry","category-futbol","category-haberler","category-profesyonel-a-futbol-takimi","tag-fenerbahce","tag-futbol"],"amp_enabled":true,"_links":{"self":[{"href":"https:\/\/www.fener.org\/index.php\/wp-json\/wp\/v2\/posts\/29872","targetHints":{"allow":["GET"]}}],"collection":[{"href":"https:\/\/www.fener.org\/index.php\/wp-json\/wp\/v2\/posts"}],"about":[{"href":"https:\/\/www.fener.org\/index.php\/wp-json\/wp\/v2\/types\/post"}],"author":[{"embeddable":true,"href":"https:\/\/www.fener.org\/index.php\/wp-json\/wp\/v2\/users\/1"}],"replies":[{"embeddable":true,"href":"https:\/\/www.fener.org\/index.php\/wp-json\/wp\/v2\/comments?post=29872"}],"version-history":[{"count":1,"href":"https:\/\/www.fener.org\/index.php\/wp-json\/wp\/v2\/posts\/29872\/revisions"}],"predecessor-version":[{"id":29874,"href":"https:\/\/www.fener.org\/index.php\/wp-json\/wp\/v2\/posts\/29872\/revisions\/29874"}],"wp:featuredmedia":[{"embeddable":true,"href":"https:\/\/www.fener.org\/index.php\/wp-json\/wp\/v2\/media\/29873"}],"wp:attachment":[{"href":"https:\/\/www.fener.org\/index.php\/wp-json\/wp\/v2\/media?parent=29872"}],"wp:term":[{"taxonomy":"category","embeddable":true,"href":"https:\/\/www.fener.org\/index.php\/wp-json\/wp\/v2\/categories?post=29872"},{"taxonomy":"post_tag","embeddable":true,"href":"https:\/\/www.fener.org\/index.php\/wp-json\/wp\/v2\/tags?post=29872"}],"curies":[{"name":"wp","href":"https:\/\/api.w.org\/{rel}","templated":true}]}}