{"id":29845,"date":"2026-01-24T12:47:41","date_gmt":"2026-01-24T09:47:41","guid":{"rendered":"https:\/\/www.fener.org\/?p=29845"},"modified":"2026-01-24T12:47:45","modified_gmt":"2026-01-24T09:47:45","slug":"fenerbahce-medicana-eczacibasi-dynaviti-konuk-ediyor","status":"publish","type":"post","link":"https:\/\/www.fener.org\/index.php\/2026\/01\/24\/fenerbahce-medicana-eczacibasi-dynaviti-konuk-ediyor\/","title":{"rendered":"Fenerbah\u00e7e Medicana, Eczac\u0131ba\u015f\u0131 Dynavit\u2019i konuk ediyor"},"content":{"rendered":"\n<p>Fenerbah\u00e7e Medicana Kad\u0131n Voleybol Tak\u0131m\u0131m\u0131z, Vodafone Sultanlar Ligi\u2019nin 18. hafta ma\u00e7\u0131nda Eczac\u0131ba\u015f\u0131 Dynavit\u2019i konuk ediyor.<\/p>\n\n\n\n<p>24 Ocak Cumartesi g\u00fcn\u00fc Burhan Felek Vestel Voleybol Salonu\u2019nda oynanacak kar\u015f\u0131la\u015fma saat 19.00\u2019da ba\u015flayacak ve TRT Spor Y\u0131ld\u0131z\u2019dan canl\u0131 yay\u0131nlanacak.<\/p>\n\n\n\n<p>Ligde geride kalan 17 ma\u00e7ta 14 galibiyet elde eden Sar\u0131 Melekler puan cetvelinin 2. s\u0131ras\u0131nda yer al\u0131rken ayn\u0131 galibiyet ve ma\u011flubiyete sahip Eczac\u0131ba\u015f\u0131 Dynavit ise haftaya 3. s\u0131rada girdi.<\/p>\n","protected":false},"excerpt":{"rendered":"<p>Fenerbah\u00e7e Medicana Kad\u0131n Voleybol Tak\u0131m\u0131m\u0131z, Vodafone Sultanlar Ligi\u2019nin 18. hafta ma\u00e7\u0131nda Eczac\u0131ba\u015f\u0131 Dynavit\u2019i konuk ediyor. 24 Ocak Cumartesi g\u00fcn\u00fc Burhan Felek Vestel Voleybol Salonu\u2019nda oynanacak kar\u015f\u0131la\u015fma saat 19.00\u2019da ba\u015flayacak ve TRT Spor Y\u0131ld\u0131z\u2019dan canl\u0131 yay\u0131nlanacak. Ligde geride kalan 17 ma\u00e7ta 14 galibiyet elde eden Sar\u0131 Melekler puan cetvelinin 2. s\u0131ras\u0131nda yer al\u0131rken ayn\u0131 galibiyet ve [&hellip;]<\/p>\n","protected":false},"author":1,"featured_media":28764,"comment_status":"closed","ping_status":"closed","sticky":false,"template":"","format":"standard","meta":{"jnews-multi-image_gallery":[],"jnews_single_post":{"format":"standard","override":[{"template":"1","parallax":"1","fullscreen":"1","layout":"right-sidebar","sidebar":"mysidebar","second_sidebar":"default-sidebar","sticky_sidebar":"1","share_position":"float","share_float_style":"share-normal","show_share_counter":"1","show_view_counter":"1","show_featured":"1","show_post_meta":"1","show_post_author_image":"1","show_post_date":"1","post_date_format":"default","post_date_format_custom":"Y\/m\/d","show_post_reading_time":"0","post_reading_time_wpm":"300","post_calculate_word_method":"str_word_count","show_zoom_button":"0","zoom_button_out_step":"2","zoom_button_in_step":"3","show_prev_next_post":"1","show_comment_section":"1","number_popup_post":"3","show_author_box":"0","show_post_related":"0","show_inline_post_related":"0"}],"image_override":[{"single_post_thumbnail_size":"crop-500","single_post_gallery_size":"crop-500"}],"trending_post_position":"meta","trending_post_label":"Trending","sponsored_post_label":"Sponsored by","disable_ad":"0","subtitle":"Fenerbah\u00e7e Kad\u0131n Voleybol Tak\u0131m\u0131m\u0131z, Sultanlar Ligi\u2019nin 18. haftas\u0131nda sahas\u0131nda Eczac\u0131ba\u015f\u0131 ile kar\u015f\u0131la\u015f\u0131yor."},"jnews_primary_category":{"id":"8"},"jnews_social_meta":[],"jnews_override_counter":{"view_counter_number":"0","share_counter_number":"0","like_counter_number":"0","dislike_counter_number":"0"},"footnotes":""},"categories":[2,10,8],"tags":[23,29],"class_list":["post-29845","post","type-post","status-publish","format-standard","has-post-thumbnail","hentry","category-haberler","category-kadin-voleybol","category-voleybol","tag-fenerbahce","tag-voleybol"],"amp_enabled":true,"_links":{"self":[{"href":"https:\/\/www.fener.org\/index.php\/wp-json\/wp\/v2\/posts\/29845","targetHints":{"allow":["GET"]}}],"collection":[{"href":"https:\/\/www.fener.org\/index.php\/wp-json\/wp\/v2\/posts"}],"about":[{"href":"https:\/\/www.fener.org\/index.php\/wp-json\/wp\/v2\/types\/post"}],"author":[{"embeddable":true,"href":"https:\/\/www.fener.org\/index.php\/wp-json\/wp\/v2\/users\/1"}],"replies":[{"embeddable":true,"href":"https:\/\/www.fener.org\/index.php\/wp-json\/wp\/v2\/comments?post=29845"}],"version-history":[{"count":1,"href":"https:\/\/www.fener.org\/index.php\/wp-json\/wp\/v2\/posts\/29845\/revisions"}],"predecessor-version":[{"id":29846,"href":"https:\/\/www.fener.org\/index.php\/wp-json\/wp\/v2\/posts\/29845\/revisions\/29846"}],"wp:featuredmedia":[{"embeddable":true,"href":"https:\/\/www.fener.org\/index.php\/wp-json\/wp\/v2\/media\/28764"}],"wp:attachment":[{"href":"https:\/\/www.fener.org\/index.php\/wp-json\/wp\/v2\/media?parent=29845"}],"wp:term":[{"taxonomy":"category","embeddable":true,"href":"https:\/\/www.fener.org\/index.php\/wp-json\/wp\/v2\/categories?post=29845"},{"taxonomy":"post_tag","embeddable":true,"href":"https:\/\/www.fener.org\/index.php\/wp-json\/wp\/v2\/tags?post=29845"}],"curies":[{"name":"wp","href":"https:\/\/api.w.org\/{rel}","templated":true}]}}