{"id":29841,"date":"2026-01-23T23:31:50","date_gmt":"2026-01-23T20:31:50","guid":{"rendered":"https:\/\/www.fener.org\/?p=29841"},"modified":"2026-01-23T23:31:54","modified_gmt":"2026-01-23T20:31:54","slug":"sarunas-jasikevicius-takimimi-ve-taraftarlarimi-tebrik-ediyorum","status":"publish","type":"post","link":"https:\/\/www.fener.org\/index.php\/2026\/01\/23\/sarunas-jasikevicius-takimimi-ve-taraftarlarimi-tebrik-ediyorum\/","title":{"rendered":"Sarunas Jasikevicius: Tak\u0131m\u0131m\u0131 ve taraftarlar\u0131m\u0131 tebrik ediyorum"},"content":{"rendered":"\n<p>Ba\u015fantren\u00f6r\u00fcm\u00fcz Sarunas Jasikevicius, Fenerbah\u00e7e Beko Erkek Basketbol Tak\u0131m\u0131m\u0131z\u0131n Kosner Baskonia Vitoria-Gasteiz\u2019i 84-71 ma\u011flup etti\u011fi ma\u00e7\u0131n ard\u0131ndan d\u00fczenlenen bas\u0131n toplant\u0131s\u0131nda \u015funlar\u0131 s\u00f6yledi:<\/p>\n\n\n\n<blockquote class=\"wp-block-quote is-layout-flow wp-block-quote-is-layout-flow\">\n<p>\u201c\u00d6ncelikle tak\u0131m\u0131m\u0131 ve taraftarlar\u0131m\u0131 tebrik ediyorum. \u00d6zellikle de t\u00fcm biletlerin sat\u0131ld\u0131\u011f\u0131 bir ak\u015famd\u0131. B\u00f6yle ak\u015famlar hep kul\u00fcp hem de oyuncular\u0131m\u0131z i\u00e7in \u00e7ok faydal\u0131 oluyor. \u0130lk yar\u0131 k\u00f6t\u00fc bir oyun sergiledik. \u0130yi de\u011fildik ve tabii ki eksikliklerimiz var.<\/p>\n\n\n\n<p>48 saat \u00f6nce de \u00e7ok b\u00fcy\u00fck bir karakter ortaya koyarak \u00e7ok zor \u015fartlar alt\u0131nda bir galibiyete ula\u015fm\u0131\u015ft\u0131k. Enerjimiz eksik ve bu da sahada verilen kararlara yans\u0131yor ama genel olarak \u00fc\u00e7\u00fcnc\u00fc \u00e7eyre\u011fi iyi oynad\u0131\u011f\u0131m\u0131z\u0131 ve burada elde etti\u011fimiz avantajlarla ma\u00e7\u0131 kazand\u0131\u011f\u0131m\u0131z\u0131 s\u00f6yleyebilirim.<\/p>\n\n\n\n<p>Talen \u00e7ok iyi bir performans sergiliyor ama geli\u015ftirebilecek \u00e7ok fazla y\u00f6n\u00fc de var. Bize ma\u00e7lar kazand\u0131r\u0131yor ama tak\u0131m olarak da bakmam\u0131z gerekiyor. \u0130lk yar\u0131da yedi\u011fimiz 38 say\u0131 vard\u0131 ve bunun \u00f6nemli bir k\u0131sm\u0131 bizim taraf\u0131m\u0131zdan engellenebilirdi. H\u0131zl\u0131 h\u00fccumlarda kolay say\u0131lar yedik. Ama tekrardan Talen\u2019\u0131n performans\u0131na d\u00f6necek olursak bizi dinliyor, geli\u015fiyor. Saha i\u00e7erisinde do\u011fru yerleri ve pozisyonlar\u0131 da buluyor. Onun performans\u0131n\u0131n \u00e7ok iyi olaca\u011f\u0131na inan\u0131yorum.<\/p>\n\n\n\n<p>(Onuralp Bitim) Ben tek bir oyuncunun performans\u0131 \u00fczerinden konu\u015fmuyorum. Bizim i\u00e7in \u00f6nemli olan tak\u0131m\u0131n neye ihtiyac\u0131 oldu\u011funun oyuncular taraf\u0131ndan anla\u015f\u0131lmas\u0131. H\u00fccumda etkili \u00e7ok fazla oyuncum var. Bu anlamda 10-12 oyuncudan bahsedebilirim. Bazen bir faul veya tek bir alan\u0131 iyi yapt\u0131\u011f\u0131n\u0131zda tak\u0131mda fark yaratabiliyorsunuz. A\u00e7\u0131k\u00e7as\u0131 guard rotasyonumuz \u00e7ok iyi ve geni\u015f. Bizim a\u00e7\u0131m\u0131zdan da t\u00fcm oyuncular\u0131 kullanmak kolay de\u011fil. Bazen k\u00fc\u00e7\u00fck ve kritik i\u015fler sahada olmak i\u00e7in gerekli oluyor. Onuralp Bitim de bu konuda iyi i\u015f yapan oyuncular\u0131mdan biri. Genel olarak hangi oyuncum tak\u0131ma katk\u0131 verdi\u011fini anlamal\u0131 ve bunu yapan oyuncular da parkede oluyorlar.\u201d<\/p>\n<\/blockquote>\n","protected":false},"excerpt":{"rendered":"<p>Ba\u015fantren\u00f6r\u00fcm\u00fcz Sarunas Jasikevicius, Fenerbah\u00e7e Beko Erkek Basketbol Tak\u0131m\u0131m\u0131z\u0131n Kosner Baskonia Vitoria-Gasteiz\u2019i 84-71 ma\u011flup etti\u011fi ma\u00e7\u0131n ard\u0131ndan d\u00fczenlenen bas\u0131n toplant\u0131s\u0131nda \u015funlar\u0131 s\u00f6yledi: \u201c\u00d6ncelikle tak\u0131m\u0131m\u0131 ve taraftarlar\u0131m\u0131 tebrik ediyorum. \u00d6zellikle de t\u00fcm biletlerin sat\u0131ld\u0131\u011f\u0131 bir ak\u015famd\u0131. B\u00f6yle ak\u015famlar hep kul\u00fcp hem de oyuncular\u0131m\u0131z i\u00e7in \u00e7ok faydal\u0131 oluyor. \u0130lk yar\u0131 k\u00f6t\u00fc bir oyun sergiledik. \u0130yi de\u011fildik ve tabii [&hellip;]<\/p>\n","protected":false},"author":1,"featured_media":29842,"comment_status":"closed","ping_status":"closed","sticky":false,"template":"","format":"standard","meta":{"jnews-multi-image_gallery":[],"jnews_single_post":{"format":"standard","override":[{"template":"1","parallax":"1","fullscreen":"1","layout":"right-sidebar","sidebar":"mysidebar","second_sidebar":"default-sidebar","sticky_sidebar":"1","share_position":"float","share_float_style":"share-normal","show_share_counter":"1","show_view_counter":"1","show_featured":"1","show_post_meta":"1","show_post_author_image":"1","show_post_date":"1","post_date_format":"default","post_date_format_custom":"Y\/m\/d","show_post_reading_time":"0","post_reading_time_wpm":"300","post_calculate_word_method":"str_word_count","show_zoom_button":"0","zoom_button_out_step":"2","zoom_button_in_step":"3","show_prev_next_post":"1","show_comment_section":"1","number_popup_post":"3","show_author_box":"0","show_post_related":"0","show_inline_post_related":"0"}],"image_override":[{"single_post_thumbnail_size":"crop-500","single_post_gallery_size":"crop-500"}],"trending_post_position":"meta","trending_post_label":"Trending","sponsored_post_label":"Sponsored by","disable_ad":"0","subtitle":"Ba\u015fantren\u00f6r\u00fcm\u00fcz Sarunas Jasikevicius, Baskonia ma\u00e7\u0131n\u0131n ard\u0131ndan de\u011ferlendirmelerde bulundu."},"jnews_primary_category":{"id":"5"},"jnews_social_meta":[],"jnews_override_counter":{"view_counter_number":"0","share_counter_number":"0","like_counter_number":"0","dislike_counter_number":"0"},"footnotes":""},"categories":[5,6,2],"tags":[24,74,23],"class_list":["post-29841","post","type-post","status-publish","format-standard","has-post-thumbnail","hentry","category-basketbol","category-erkek-basketbol","category-haberler","tag-basketbol","tag-euroleague","tag-fenerbahce"],"amp_enabled":true,"_links":{"self":[{"href":"https:\/\/www.fener.org\/index.php\/wp-json\/wp\/v2\/posts\/29841","targetHints":{"allow":["GET"]}}],"collection":[{"href":"https:\/\/www.fener.org\/index.php\/wp-json\/wp\/v2\/posts"}],"about":[{"href":"https:\/\/www.fener.org\/index.php\/wp-json\/wp\/v2\/types\/post"}],"author":[{"embeddable":true,"href":"https:\/\/www.fener.org\/index.php\/wp-json\/wp\/v2\/users\/1"}],"replies":[{"embeddable":true,"href":"https:\/\/www.fener.org\/index.php\/wp-json\/wp\/v2\/comments?post=29841"}],"version-history":[{"count":2,"href":"https:\/\/www.fener.org\/index.php\/wp-json\/wp\/v2\/posts\/29841\/revisions"}],"predecessor-version":[{"id":29844,"href":"https:\/\/www.fener.org\/index.php\/wp-json\/wp\/v2\/posts\/29841\/revisions\/29844"}],"wp:featuredmedia":[{"embeddable":true,"href":"https:\/\/www.fener.org\/index.php\/wp-json\/wp\/v2\/media\/29842"}],"wp:attachment":[{"href":"https:\/\/www.fener.org\/index.php\/wp-json\/wp\/v2\/media?parent=29841"}],"wp:term":[{"taxonomy":"category","embeddable":true,"href":"https:\/\/www.fener.org\/index.php\/wp-json\/wp\/v2\/categories?post=29841"},{"taxonomy":"post_tag","embeddable":true,"href":"https:\/\/www.fener.org\/index.php\/wp-json\/wp\/v2\/tags?post=29841"}],"curies":[{"name":"wp","href":"https:\/\/api.w.org\/{rel}","templated":true}]}}