{"id":29835,"date":"2026-01-23T11:01:16","date_gmt":"2026-01-23T08:01:16","guid":{"rendered":"https:\/\/www.fener.org\/?p=29835"},"modified":"2026-01-23T11:01:19","modified_gmt":"2026-01-23T08:01:19","slug":"fenerbahce-beko-kosner-baskonia-vitoria-gasteizi-konuk-ediyor","status":"publish","type":"post","link":"https:\/\/www.fener.org\/index.php\/2026\/01\/23\/fenerbahce-beko-kosner-baskonia-vitoria-gasteizi-konuk-ediyor\/","title":{"rendered":"Fenerbah\u00e7e Beko, Kosner Baskonia Vitoria-Gasteiz\u2019i konuk ediyor"},"content":{"rendered":"\n<p>Fenerbah\u00e7e Beko Erkek Basketbol Tak\u0131m\u0131m\u0131z, EuroLeague 24. hafta ma\u00e7\u0131nda Kosner Baskonia Vitoria-Gasteiz\u2019i konuk ediyor. 23 Ocak Cuma g\u00fcn\u00fc (yar\u0131n) \u00dclker Spor ve Etkinlik Salonu\u2019nda oynanacak m\u00fccadele 20.45\u2019te ba\u015flayacak ve S Sport\u2019tan canl\u0131 yay\u0131nlanacak. M\u00fccadeleyi Tomislav Hordov (H\u0131rvatistan), Gytis Vilius (Litvanya) ve Robert Vyklicky (\u00c7ekya) hakem \u00fc\u00e7l\u00fcs\u00fc y\u00f6netecek.<\/p>\n\n\n\n<p>Fenerbah\u00e7e Beko Erkek Basketbol Tak\u0131m\u0131m\u0131z, EuroLeague\u2019de oynad\u0131\u011f\u0131 22 ma\u00e7ta 15 galibiyet elde etti. Son olarak Virtus Bologna\u2019ya konuk olan ekibimiz sahadan 85-80\u2019lik skorla galip ayr\u0131ld\u0131.<\/p>\n\n\n\n<p>T\u00fcrkiye Sigorta Basketbol S\u00fcper Ligi\u2019nde ise 16 ma\u00e7ta ald\u0131\u011f\u0131 14 galibiyetle zirvede bulunan tak\u0131m\u0131m\u0131z, son ma\u00e7\u0131nda kar\u015f\u0131la\u015ft\u0131\u011f\u0131 Tofa\u015f\u2019\u0131 90-82\u2019lik skorla ge\u00e7ti.<\/p>\n\n\n\n<p>Tedavileri devam eden Arturs Zagars, Scottie Wilbekin, Bonzie Colson ve Chris Silva, Kosner Baskonia Vitoria-Gasteiz kar\u015f\u0131s\u0131nda forma giyemeyecek. Wade Baldwin IV ve Brandon Boston Jr\u2019\u0131n durumu ma\u00e7 saatinde netlik kazanacak.<\/p>\n\n\n\n<p>Antren\u00f6r Paolo Galbiati taraf\u0131ndan \u00e7al\u0131\u015ft\u0131r\u0131lan Kosner Baskonia Vitoria-Gasteiz, EuroLeague\u2019de oynad\u0131\u011f\u0131 23 ma\u00e7ta sekiz galibiyetle puan cetvelinin 15. s\u0131ras\u0131nda yer al\u0131yor. Son olarak Panathinaikos Aktor\u2019a konuk olan rakibimiz, 93-74\u2019l\u00fck skorla sahadan ma\u011flup ayr\u0131ld\u0131.<\/p>\n\n\n\n<p>Fenerbah\u00e7e Beko, rakibiyle EuroLeague\u2019de oynad\u0131\u011f\u0131 36 ma\u00e7ta 18 galibiyet elde etti.<\/p>\n\n\n\n<p>2025-26 sezonun ilk yar\u0131s\u0131nda 2 Ocak 2026 tarihinde Vitoria-Gasteiz\u2019de oynanan m\u00fcsabakay\u0131 tak\u0131m\u0131m\u0131z 108-93\u2019l\u00fck skorla kazand\u0131.<\/p>\n","protected":false},"excerpt":{"rendered":"<p>Fenerbah\u00e7e Beko Erkek Basketbol Tak\u0131m\u0131m\u0131z, EuroLeague 24. hafta ma\u00e7\u0131nda Kosner Baskonia Vitoria-Gasteiz\u2019i konuk ediyor. 23 Ocak Cuma g\u00fcn\u00fc (yar\u0131n) \u00dclker Spor ve Etkinlik Salonu\u2019nda oynanacak m\u00fccadele 20.45\u2019te ba\u015flayacak ve S Sport\u2019tan canl\u0131 yay\u0131nlanacak. M\u00fccadeleyi Tomislav Hordov (H\u0131rvatistan), Gytis Vilius (Litvanya) ve Robert Vyklicky (\u00c7ekya) hakem \u00fc\u00e7l\u00fcs\u00fc y\u00f6netecek. Fenerbah\u00e7e Beko Erkek Basketbol Tak\u0131m\u0131m\u0131z, EuroLeague\u2019de oynad\u0131\u011f\u0131 22 [&hellip;]<\/p>\n","protected":false},"author":1,"featured_media":29753,"comment_status":"closed","ping_status":"closed","sticky":false,"template":"","format":"standard","meta":{"jnews-multi-image_gallery":[],"jnews_single_post":{"format":"standard","override":[{"template":"1","parallax":"1","fullscreen":"1","layout":"right-sidebar","sidebar":"mysidebar","second_sidebar":"default-sidebar","sticky_sidebar":"1","share_position":"float","share_float_style":"share-normal","show_share_counter":"1","show_view_counter":"1","show_featured":"1","show_post_meta":"1","show_post_author_image":"1","show_post_date":"1","post_date_format":"default","post_date_format_custom":"Y\/m\/d","show_post_reading_time":"0","post_reading_time_wpm":"300","post_calculate_word_method":"str_word_count","show_zoom_button":"0","zoom_button_out_step":"2","zoom_button_in_step":"3","show_prev_next_post":"1","show_comment_section":"1","number_popup_post":"3","show_author_box":"0","show_post_related":"0","show_inline_post_related":"0"}],"image_override":[{"single_post_thumbnail_size":"crop-500","single_post_gallery_size":"crop-500"}],"trending_post_position":"meta","trending_post_label":"Trending","sponsored_post_label":"Sponsored by","disable_ad":"0","subtitle":"Fenerbah\u00e7e Erkek Basketbol Tak\u0131m\u0131m\u0131z, EuroLeague 24. hafta ma\u00e7\u0131nda Kosner Baskonia Vitoria-Gasteiz\u2019i konuk ediyor."},"jnews_primary_category":[],"jnews_social_meta":[],"jnews_override_counter":{"view_counter_number":"0","share_counter_number":"0","like_counter_number":"0","dislike_counter_number":"0"},"footnotes":""},"categories":[5,6,2],"tags":[24,74,23],"class_list":["post-29835","post","type-post","status-publish","format-standard","has-post-thumbnail","hentry","category-basketbol","category-erkek-basketbol","category-haberler","tag-basketbol","tag-euroleague","tag-fenerbahce"],"amp_enabled":true,"_links":{"self":[{"href":"https:\/\/www.fener.org\/index.php\/wp-json\/wp\/v2\/posts\/29835","targetHints":{"allow":["GET"]}}],"collection":[{"href":"https:\/\/www.fener.org\/index.php\/wp-json\/wp\/v2\/posts"}],"about":[{"href":"https:\/\/www.fener.org\/index.php\/wp-json\/wp\/v2\/types\/post"}],"author":[{"embeddable":true,"href":"https:\/\/www.fener.org\/index.php\/wp-json\/wp\/v2\/users\/1"}],"replies":[{"embeddable":true,"href":"https:\/\/www.fener.org\/index.php\/wp-json\/wp\/v2\/comments?post=29835"}],"version-history":[{"count":1,"href":"https:\/\/www.fener.org\/index.php\/wp-json\/wp\/v2\/posts\/29835\/revisions"}],"predecessor-version":[{"id":29836,"href":"https:\/\/www.fener.org\/index.php\/wp-json\/wp\/v2\/posts\/29835\/revisions\/29836"}],"wp:featuredmedia":[{"embeddable":true,"href":"https:\/\/www.fener.org\/index.php\/wp-json\/wp\/v2\/media\/29753"}],"wp:attachment":[{"href":"https:\/\/www.fener.org\/index.php\/wp-json\/wp\/v2\/media?parent=29835"}],"wp:term":[{"taxonomy":"category","embeddable":true,"href":"https:\/\/www.fener.org\/index.php\/wp-json\/wp\/v2\/categories?post=29835"},{"taxonomy":"post_tag","embeddable":true,"href":"https:\/\/www.fener.org\/index.php\/wp-json\/wp\/v2\/tags?post=29835"}],"curies":[{"name":"wp","href":"https:\/\/api.w.org\/{rel}","templated":true}]}}