{"id":29830,"date":"2026-01-23T01:04:00","date_gmt":"2026-01-22T22:04:00","guid":{"rendered":"https:\/\/www.fener.org\/?p=29830"},"modified":"2026-01-23T10:52:44","modified_gmt":"2026-01-23T07:52:44","slug":"sebastian-szymanski-rennese-transfer-oldu","status":"publish","type":"post","link":"https:\/\/www.fener.org\/index.php\/2026\/01\/23\/sebastian-szymanski-rennese-transfer-oldu\/","title":{"rendered":"Sebastian Szymanski Rennes&#8217;e transfer oldu"},"content":{"rendered":"\n<p>Fenerbah\u00e7emiz, 26 ya\u015f\u0131ndaki orta saha oyuncusu Sebastian Szymanski&#8217;nin Frans\u0131z ekibi Rennes&#8217;e transfer oldu\u011funu duyurdu.<\/p>\n\n\n\n<p>Polonyal\u0131 futbolcu, 2023 y\u0131l\u0131ndan bu yana giydi\u011fi Fenerbah\u00e7e formas\u0131yla 134 ma\u00e7ta 22 gol kaydetti.<\/p>\n\n\n\n<p>Kul\u00fcb\u00fcm\u00fczden yap\u0131lan a\u00e7\u0131klamada \u015fu ifadeler yer ald\u0131:<\/p>\n\n\n\n<blockquote class=\"wp-block-quote is-layout-flow wp-block-quote-is-layout-flow\">\n<p>Futbolcumuz Sebastian Szymanski\u2019nin, Fransa Ligue 1 ekiplerinden Stade Rennais FC\u2019ye transferi konusunda anla\u015fmaya var\u0131lm\u0131\u015ft\u0131r.<\/p>\n\n\n\n<p>Sar\u0131 lacivertli formam\u0131z alt\u0131nda verdi\u011fi emek, att\u0131\u011f\u0131 kritik goller ile ya\u015fad\u0131\u011f\u0131 ve ya\u015fatt\u0131\u011f\u0131 unutulmaz anlar i\u00e7in Sebastian Szymanski\u2019ye te\u015fekk\u00fcr ediyor; kariyerinin bundan sonraki b\u00f6l\u00fcm\u00fcnde kendisine ba\u015far\u0131lar diliyoruz.<\/p>\n<\/blockquote>\n","protected":false},"excerpt":{"rendered":"<p>Fenerbah\u00e7emiz, 26 ya\u015f\u0131ndaki orta saha oyuncusu Sebastian Szymanski&#8217;nin Frans\u0131z ekibi Rennes&#8217;e transfer oldu\u011funu duyurdu. Polonyal\u0131 futbolcu, 2023 y\u0131l\u0131ndan bu yana giydi\u011fi Fenerbah\u00e7e formas\u0131yla 134 ma\u00e7ta 22 gol kaydetti. Kul\u00fcb\u00fcm\u00fczden yap\u0131lan a\u00e7\u0131klamada \u015fu ifadeler yer ald\u0131: Futbolcumuz Sebastian Szymanski\u2019nin, Fransa Ligue 1 ekiplerinden Stade Rennais FC\u2019ye transferi konusunda anla\u015fmaya var\u0131lm\u0131\u015ft\u0131r. Sar\u0131 lacivertli formam\u0131z alt\u0131nda verdi\u011fi emek, [&hellip;]<\/p>\n","protected":false},"author":1,"featured_media":29831,"comment_status":"closed","ping_status":"closed","sticky":false,"template":"","format":"standard","meta":{"jnews-multi-image_gallery":[],"jnews_single_post":{"format":"standard","override":[{"template":"1","parallax":"1","fullscreen":"1","layout":"right-sidebar","sidebar":"mysidebar","second_sidebar":"default-sidebar","sticky_sidebar":"1","share_position":"float","share_float_style":"share-normal","show_share_counter":"1","show_view_counter":"1","show_featured":"1","show_post_meta":"1","show_post_author_image":"1","show_post_date":"1","post_date_format":"default","post_date_format_custom":"Y\/m\/d","show_post_reading_time":"0","post_reading_time_wpm":"300","post_calculate_word_method":"str_word_count","show_zoom_button":"0","zoom_button_out_step":"2","zoom_button_in_step":"3","show_prev_next_post":"1","show_comment_section":"1","number_popup_post":"3","show_author_box":"0","show_post_related":"0","show_inline_post_related":"0"}],"image_override":[{"single_post_thumbnail_size":"crop-500","single_post_gallery_size":"crop-500"}],"trending_post_position":"meta","trending_post_label":"Trending","sponsored_post_label":"Sponsored by","disable_ad":"0","subtitle":"Fenerbah\u00e7e, Sebastian Szymanski'nin Rennes'e transfer oldu\u011funu a\u00e7\u0131klad\u0131."},"jnews_primary_category":{"id":"4"},"jnews_social_meta":[],"jnews_override_counter":{"view_counter_number":"0","share_counter_number":"0","like_counter_number":"0","dislike_counter_number":"0"},"footnotes":""},"categories":[4,2,47],"tags":[23,54],"class_list":["post-29830","post","type-post","status-publish","format-standard","has-post-thumbnail","hentry","category-futbol","category-haberler","category-profesyonel-a-futbol-takimi","tag-fenerbahce","tag-futbol"],"amp_enabled":true,"_links":{"self":[{"href":"https:\/\/www.fener.org\/index.php\/wp-json\/wp\/v2\/posts\/29830","targetHints":{"allow":["GET"]}}],"collection":[{"href":"https:\/\/www.fener.org\/index.php\/wp-json\/wp\/v2\/posts"}],"about":[{"href":"https:\/\/www.fener.org\/index.php\/wp-json\/wp\/v2\/types\/post"}],"author":[{"embeddable":true,"href":"https:\/\/www.fener.org\/index.php\/wp-json\/wp\/v2\/users\/1"}],"replies":[{"embeddable":true,"href":"https:\/\/www.fener.org\/index.php\/wp-json\/wp\/v2\/comments?post=29830"}],"version-history":[{"count":2,"href":"https:\/\/www.fener.org\/index.php\/wp-json\/wp\/v2\/posts\/29830\/revisions"}],"predecessor-version":[{"id":29833,"href":"https:\/\/www.fener.org\/index.php\/wp-json\/wp\/v2\/posts\/29830\/revisions\/29833"}],"wp:featuredmedia":[{"embeddable":true,"href":"https:\/\/www.fener.org\/index.php\/wp-json\/wp\/v2\/media\/29831"}],"wp:attachment":[{"href":"https:\/\/www.fener.org\/index.php\/wp-json\/wp\/v2\/media?parent=29830"}],"wp:term":[{"taxonomy":"category","embeddable":true,"href":"https:\/\/www.fener.org\/index.php\/wp-json\/wp\/v2\/categories?post=29830"},{"taxonomy":"post_tag","embeddable":true,"href":"https:\/\/www.fener.org\/index.php\/wp-json\/wp\/v2\/tags?post=29830"}],"curies":[{"name":"wp","href":"https:\/\/api.w.org\/{rel}","templated":true}]}}