{"id":29826,"date":"2026-01-22T23:30:00","date_gmt":"2026-01-22T20:30:00","guid":{"rendered":"https:\/\/www.fener.org\/?p=29826"},"modified":"2026-01-23T09:47:41","modified_gmt":"2026-01-23T06:47:41","slug":"domenico-tedesco-iyi-bir-oyun-sergiledik","status":"publish","type":"post","link":"https:\/\/www.fener.org\/index.php\/2026\/01\/22\/domenico-tedesco-iyi-bir-oyun-sergiledik\/","title":{"rendered":"Domenico Tedesco: \u0130yi bir oyun sergiledik"},"content":{"rendered":"\n<p>Fenerbah\u00e7emizin, UEFA Avrupa Ligi 7. Hafta m\u00fcsabakas\u0131nda Aston Villa\u2019ya 1-0 ma\u011flup oldu\u011fu ma\u00e7\u0131n ard\u0131ndan Teknik Direkt\u00f6r\u00fcm\u00fcz Domenico Tedesco, yay\u0131nc\u0131 kurulu\u015fa \u015fu a\u00e7\u0131klamalarda bulundu:<\/p>\n\n\n\n<blockquote class=\"wp-block-quote is-layout-flow wp-block-quote-is-layout-flow\">\n<p>\u201cTak\u0131m sava\u015ft\u0131 ama ayn\u0131 zamanda da iyi bir oyun sergiledik. Premier Lig \u00fc\u00e7\u00fcnc\u00fcs\u00fcne kar\u015f\u0131 oyunu kontrol edebildik, topuk saklayabildik ve y\u00f6n de\u011fi\u015ftirebildik. \u0130lk yar\u0131n\u0131n sonlar\u0131na do\u011fru rakibimizin kontra atak yapmas\u0131na izin verdik \u00e7\u00fcnk\u00fc sahadaki dizili\u015fimizi biraz bozduk. B\u00f6yle bir rakibe kar\u015f\u0131 cesur ve a\u00e7\u0131k oynad\u0131\u011f\u0131n\u0131z zaman tabii ki onlar da bu bo\u015fluklar\u0131 bularak de\u011ferlendirebiliyorlar. Sonu\u00e7tan dolay\u0131 ve gol atamad\u0131\u011f\u0131m\u0131z i\u00e7in \u00fczg\u00fcn\u00fcm. Asl\u0131nda Kerem o gol\u00fc atm\u0131\u015f olsayd\u0131 hem bizim hem de onun i\u00e7in iyi olacakt\u0131. Ama kafam\u0131z\u0131 kald\u0131rmam\u0131z laz\u0131m. \u0130ki g\u00fcn sonra yine g\u00fc\u00e7l\u00fc bir rakibe kar\u015f\u0131 oynayaca\u011f\u0131z. Onlar da buraya %100 bir \u015fekilde gelecekler.<\/p>\n\n\n\n<p>Buna kat\u0131lm\u0131yorum. Bug\u00fcn, iyi bir ilk yar\u0131 ge\u00e7irdi\u011fimizi d\u00fc\u015f\u00fcn\u00fcyorum. \u00d6zellikle ilk yar\u0131 rakibimiz topa dokunamad\u0131. Aston Villa\u2019n\u0131n yakla\u015f\u0131k son sekiz ma\u00e7\u0131n\u0131 izledim. Manchester United, Tottenham, Manchester City, Chelsea gibi\u2026 Hi\u00e7bir tak\u0131m bizim \u00fcretti\u011fimiz kadar pozisyona giremedi. Ama bizim \u015fu an sakin ve ger\u00e7ek\u00e7i olarak pozitif bakmam\u0131z gerekiyor. Ma\u00e7\u0131n sonucunu \u015fu an de\u011fi\u015ftiremiyoruz ama teknik direkt\u00f6r olarak benim i\u00e7in ba\u015fka \u00f6nemli \u015feyler de var. Talisca i\u00e7inse elimizde ba\u015fka bir se\u00e7enek yoktu. \u00c7\u00fcnk\u00fc sakatl\u0131ktan d\u00f6nd\u00fc ve bug\u00fcn oynayabilece\u011fi maksimum s\u00fcre 35-40 dakikayd\u0131.\u201d<\/p>\n<\/blockquote>\n","protected":false},"excerpt":{"rendered":"<p>Fenerbah\u00e7emizin, UEFA Avrupa Ligi 7. Hafta m\u00fcsabakas\u0131nda Aston Villa\u2019ya 1-0 ma\u011flup oldu\u011fu ma\u00e7\u0131n ard\u0131ndan Teknik Direkt\u00f6r\u00fcm\u00fcz Domenico Tedesco, yay\u0131nc\u0131 kurulu\u015fa \u015fu a\u00e7\u0131klamalarda bulundu: \u201cTak\u0131m sava\u015ft\u0131 ama ayn\u0131 zamanda da iyi bir oyun sergiledik. Premier Lig \u00fc\u00e7\u00fcnc\u00fcs\u00fcne kar\u015f\u0131 oyunu kontrol edebildik, topuk saklayabildik ve y\u00f6n de\u011fi\u015ftirebildik. \u0130lk yar\u0131n\u0131n sonlar\u0131na do\u011fru rakibimizin kontra atak yapmas\u0131na izin verdik [&hellip;]<\/p>\n","protected":false},"author":1,"featured_media":29828,"comment_status":"closed","ping_status":"closed","sticky":false,"template":"","format":"standard","meta":{"jnews-multi-image_gallery":[],"jnews_single_post":{"format":"standard","override":[{"template":"1","parallax":"1","fullscreen":"1","layout":"right-sidebar","sidebar":"mysidebar","second_sidebar":"default-sidebar","sticky_sidebar":"1","share_position":"float","share_float_style":"share-normal","show_share_counter":"1","show_view_counter":"1","show_featured":"1","show_post_meta":"1","show_post_author_image":"1","show_post_date":"1","post_date_format":"default","post_date_format_custom":"Y\/m\/d","show_post_reading_time":"0","post_reading_time_wpm":"300","post_calculate_word_method":"str_word_count","show_zoom_button":"0","zoom_button_out_step":"2","zoom_button_in_step":"3","show_prev_next_post":"1","show_comment_section":"1","number_popup_post":"3","show_author_box":"0","show_post_related":"0","show_inline_post_related":"0"}],"image_override":[{"single_post_thumbnail_size":"crop-500","single_post_gallery_size":"crop-500"}],"trending_post_position":"meta","trending_post_label":"Trending","sponsored_post_label":"Sponsored by","disable_ad":"0","subtitle":"Teknik Direkt\u00f6r\u00fcm\u00fcz Domenico Tedesco, Aston Villa ma\u00e7\u0131n\u0131n ard\u0131ndan a\u00e7\u0131klamalarda bulundu."},"jnews_primary_category":{"id":"4"},"jnews_social_meta":[],"jnews_override_counter":{"view_counter_number":"0","share_counter_number":"0","like_counter_number":"0","dislike_counter_number":"0"},"footnotes":""},"categories":[4,2,47],"tags":[23,54],"class_list":["post-29826","post","type-post","status-publish","format-standard","has-post-thumbnail","hentry","category-futbol","category-haberler","category-profesyonel-a-futbol-takimi","tag-fenerbahce","tag-futbol"],"amp_enabled":true,"_links":{"self":[{"href":"https:\/\/www.fener.org\/index.php\/wp-json\/wp\/v2\/posts\/29826","targetHints":{"allow":["GET"]}}],"collection":[{"href":"https:\/\/www.fener.org\/index.php\/wp-json\/wp\/v2\/posts"}],"about":[{"href":"https:\/\/www.fener.org\/index.php\/wp-json\/wp\/v2\/types\/post"}],"author":[{"embeddable":true,"href":"https:\/\/www.fener.org\/index.php\/wp-json\/wp\/v2\/users\/1"}],"replies":[{"embeddable":true,"href":"https:\/\/www.fener.org\/index.php\/wp-json\/wp\/v2\/comments?post=29826"}],"version-history":[{"count":1,"href":"https:\/\/www.fener.org\/index.php\/wp-json\/wp\/v2\/posts\/29826\/revisions"}],"predecessor-version":[{"id":29829,"href":"https:\/\/www.fener.org\/index.php\/wp-json\/wp\/v2\/posts\/29826\/revisions\/29829"}],"wp:featuredmedia":[{"embeddable":true,"href":"https:\/\/www.fener.org\/index.php\/wp-json\/wp\/v2\/media\/29828"}],"wp:attachment":[{"href":"https:\/\/www.fener.org\/index.php\/wp-json\/wp\/v2\/media?parent=29826"}],"wp:term":[{"taxonomy":"category","embeddable":true,"href":"https:\/\/www.fener.org\/index.php\/wp-json\/wp\/v2\/categories?post=29826"},{"taxonomy":"post_tag","embeddable":true,"href":"https:\/\/www.fener.org\/index.php\/wp-json\/wp\/v2\/tags?post=29826"}],"curies":[{"name":"wp","href":"https:\/\/api.w.org\/{rel}","templated":true}]}}