{"id":29819,"date":"2026-01-22T23:08:06","date_gmt":"2026-01-22T20:08:06","guid":{"rendered":"https:\/\/www.fener.org\/?p=29819"},"modified":"2026-01-22T23:30:59","modified_gmt":"2026-01-22T20:30:59","slug":"fenerbahce-0-1-aston-villa","status":"publish","type":"post","link":"https:\/\/www.fener.org\/index.php\/2026\/01\/22\/fenerbahce-0-1-aston-villa\/","title":{"rendered":"Fenerbah\u00e7e 0-1 Aston Villa"},"content":{"rendered":"\n<p>Fenerbah\u00e7emiz, UEFA Avrupa Ligi\u2019nin 7. haftas\u0131nda konuk etti\u011fi \u0130ngiltere temsilcisi Aston Villa\u2019ya 1-0 ma\u011flup oldu. Ma\u00e7taki tek gol 25. dakikada konuk tak\u0131m ad\u0131na Sancho\u2019dan geldi. Bu sonu\u00e7la 11 puanda kalan Futbol A Tak\u0131m\u0131m\u0131z, 8. ve son hafta ma\u00e7\u0131nda 29 Ocak Per\u015fembe ak\u015fam\u0131 B\u00fckre\u015f ekibi FCSB\u2019ye konuk olacak.<\/p>\n\n\n\n<p>Ma\u00e7 \u00f6ncesinde stad\u0131m\u0131z ay y\u0131ld\u0131zl\u0131 bayraklarla donat\u0131ld\u0131 ve g\u00f6rsel \u015f\u00f6len olu\u015fturuldu.<\/p>\n\n\n<p><strong>Ma\u00e7tan dakikalar:<\/strong><\/p>\n<p>19. dakikada kazan\u0131lan korner at\u0131\u015f\u0131nda Tielemans topun ba\u015f\u0131na ge\u00e7ti. Bu futbolcunun ortas\u0131nda Watkins y\u00fckselip kafay\u0131 vurdu, Mert M\u00fcld\u00fcr topu \u00e7izgiden \u00e7\u0131kard\u0131.<\/p>\n<p>20. dakikada ceza sahas\u0131 i\u00e7inde topla bulu\u015fan Jhon Duran, yay \u00fczerinde m\u00fcsait pozisyondaki Asensio&#8217;ya pas\u0131n\u0131 aktard\u0131. \u0130spanyol futbolcunun bekletmeden vuru\u015funda kaleci Bizot topu kontrol etti.<\/p>\n<p>25. dakikada sa\u011f kanatta topla bulu\u015fan Rogers, ceza sahas\u0131 i\u00e7ine ortalad\u0131. \u0130smail Y\u00fcksek&#8217;in kafas\u0131ndan seken me\u015fin yuvarlak arka dire\u011fe hareketlenen Sancho&#8217;nun \u00f6n\u00fcnde kald\u0131. Bu futbolcu kafayla topu filelere g\u00f6nderdi: 0-1.<\/p>\n<p>42. dakikada Buendia&#8217;n\u0131n pas\u0131nda soldan ata\u011fa kalkan Rogers, ceza sahas\u0131 i\u00e7i sa\u011f \u00e7apraz\u0131ndaki Sancho&#8217;yu g\u00f6rd\u00fc. Bu futbolcu, kaleci Ederson&#8217;dan s\u0131yr\u0131l\u0131p yerden vurdu ancak Skriniar kayarak gole engel oldu. Pozisyonun devam\u0131nda top, ma\u00e7\u0131n hakemi Godinho&#8217;ya \u00e7arp\u0131p Rogers&#8217;\u0131n \u00f6n\u00fcnde kald\u0131. Rogers, topu a\u011flarla bulu\u015fturdu ancak hakem, topun kendisine \u00e7arpt\u0131\u011f\u0131n\u0131 belirterek gol\u00fc iptal etti.<\/p>\n<p>60. dakikada Duran&#8217;\u0131n pas\u0131nda topla bulu\u015fan Fred, sa\u011fdan savunman\u0131n arkas\u0131na sarkan Talisca&#8217;ya pas\u0131n\u0131 att\u0131. Brezilyal\u0131 futbolcunun kar\u015f\u0131 kar\u015f\u0131ya pozisyonda yerden vuru\u015funda kaleci Bizot gole izin vermedi.<\/p>\n<p>63. dakikada pasla\u015f\u0131larak kullan\u0131lan korner at\u0131\u015f\u0131nda top son olarak ceza yay\u0131 \u00f6n\u00fcndeki Cash&#8217;te kald\u0131. Bu futbolcunun sert \u015futunda yan dire\u011fe \u00e7arpan top oyun alan\u0131na geri d\u00f6nd\u00fc.<\/p>\n<p>67. dakikada Asensio&#8217;nun uzun pas\u0131nda savunman\u0131n arkas\u0131na hareketlenen Kerem Akt\u00fcrko\u011flu d\u00fczeltip sert vurdu ancak kaleci Bizot ayaklar\u0131yla gole izin vermedi.<\/p>\n<p>71. dakikada Aston Villa savunmas\u0131na bask\u0131 yaparak topu kapan \u0130smail Y\u00fcksek, ceza sahas\u0131 d\u0131\u015f\u0131 sol \u00e7apraz\u0131ndan bekletmeden vurdu, kaleci Bizot son anda topu kornere \u00e7eldi.<\/p>\n<p>75. dakikada Mert M\u00fcld\u00fcr&#8217;\u00fcn ortas\u0131nda Jhon Duran, soldan ceza sahas\u0131na giren Kerem Akt\u00fcrko\u011flu&#8217;na indirdi. Bu futbolcunun \u015futunda kaleci Bizot&#8217;tan d\u00f6nen topu Kerem tamamlayarak filelere g\u00f6nderdi ancak VAR uyar\u0131s\u0131 sonras\u0131nda ofsayt gerek\u00e7esiyle gol iptal edildi.<\/p>\n<p>88. dakikada pasla\u015f\u0131larak kullan\u0131lan korner at\u0131\u015f\u0131nda Mert M\u00fcld\u00fcr kale sahas\u0131 \u00f6n\u00fcne ortalad\u0131. Bu noktada y\u00fckselen Jhon Duran&#8217;\u0131n kafa vuru\u015funda top Bizot&#8217;ta kald\u0131.<\/p>\n<p>Kalan dakikalarda ba\u015fka gol olmad\u0131 ve ma\u00e7 konuk tak\u0131m\u0131n 1-0\u2019l\u0131k \u00fcst\u00fcnl\u00fc\u011f\u00fcyle sonu\u00e7land\u0131.<\/p>","protected":false},"excerpt":{"rendered":"<p>Fenerbah\u00e7emiz, UEFA Avrupa Ligi\u2019nin 7. haftas\u0131nda konuk etti\u011fi \u0130ngiltere temsilcisi Aston Villa\u2019ya 1-0 ma\u011flup oldu. Ma\u00e7taki tek gol 25. dakikada konuk tak\u0131m ad\u0131na Sancho\u2019dan geldi. Bu sonu\u00e7la 11 puanda kalan Futbol A Tak\u0131m\u0131m\u0131z, 8. ve son hafta ma\u00e7\u0131nda 29 Ocak Per\u015fembe ak\u015fam\u0131 B\u00fckre\u015f ekibi FCSB\u2019ye konuk olacak. Ma\u00e7 \u00f6ncesinde stad\u0131m\u0131z ay y\u0131ld\u0131zl\u0131 bayraklarla donat\u0131ld\u0131 ve [&hellip;]<\/p>\n","protected":false},"author":1,"featured_media":29820,"comment_status":"closed","ping_status":"closed","sticky":false,"template":"","format":"standard","meta":{"jnews-multi-image_gallery":[],"jnews_single_post":{"format":"standard","override":[{"template":"1","parallax":"1","fullscreen":"1","layout":"right-sidebar","sidebar":"mysidebar","second_sidebar":"default-sidebar","sticky_sidebar":"1","share_position":"float","share_float_style":"share-normal","show_share_counter":"1","show_view_counter":"1","show_featured":"1","show_post_meta":"1","show_post_author_image":"1","show_post_date":"1","post_date_format":"default","post_date_format_custom":"Y\/m\/d","show_post_reading_time":"0","post_reading_time_wpm":"300","post_calculate_word_method":"str_word_count","show_zoom_button":"0","zoom_button_out_step":"2","zoom_button_in_step":"3","show_prev_next_post":"1","show_comment_section":"1","number_popup_post":"3","show_author_box":"0","show_post_related":"0","show_inline_post_related":"0"}],"image_override":[{"single_post_thumbnail_size":"crop-500","single_post_gallery_size":"crop-500"}],"trending_post_position":"meta","trending_post_label":"Trending","sponsored_post_label":"Sponsored by","disable_ad":"0","subtitle":"Fenerbah\u00e7e, UEFA Avrupa Ligi\u2019nin 7. haftas\u0131nda sahas\u0131nda Aston Villa ile oynad\u0131\u011f\u0131 ma\u00e7tan 1-0 ma\u011flup ayr\u0131ld\u0131."},"jnews_primary_category":{"id":"4"},"jnews_social_meta":[],"jnews_override_counter":{"view_counter_number":"0","share_counter_number":"0","like_counter_number":"0","dislike_counter_number":"0"},"footnotes":""},"categories":[4,2,47],"tags":[23,54],"class_list":["post-29819","post","type-post","status-publish","format-standard","has-post-thumbnail","hentry","category-futbol","category-haberler","category-profesyonel-a-futbol-takimi","tag-fenerbahce","tag-futbol"],"amp_enabled":true,"_links":{"self":[{"href":"https:\/\/www.fener.org\/index.php\/wp-json\/wp\/v2\/posts\/29819","targetHints":{"allow":["GET"]}}],"collection":[{"href":"https:\/\/www.fener.org\/index.php\/wp-json\/wp\/v2\/posts"}],"about":[{"href":"https:\/\/www.fener.org\/index.php\/wp-json\/wp\/v2\/types\/post"}],"author":[{"embeddable":true,"href":"https:\/\/www.fener.org\/index.php\/wp-json\/wp\/v2\/users\/1"}],"replies":[{"embeddable":true,"href":"https:\/\/www.fener.org\/index.php\/wp-json\/wp\/v2\/comments?post=29819"}],"version-history":[{"count":2,"href":"https:\/\/www.fener.org\/index.php\/wp-json\/wp\/v2\/posts\/29819\/revisions"}],"predecessor-version":[{"id":29822,"href":"https:\/\/www.fener.org\/index.php\/wp-json\/wp\/v2\/posts\/29819\/revisions\/29822"}],"wp:featuredmedia":[{"embeddable":true,"href":"https:\/\/www.fener.org\/index.php\/wp-json\/wp\/v2\/media\/29820"}],"wp:attachment":[{"href":"https:\/\/www.fener.org\/index.php\/wp-json\/wp\/v2\/media?parent=29819"}],"wp:term":[{"taxonomy":"category","embeddable":true,"href":"https:\/\/www.fener.org\/index.php\/wp-json\/wp\/v2\/categories?post=29819"},{"taxonomy":"post_tag","embeddable":true,"href":"https:\/\/www.fener.org\/index.php\/wp-json\/wp\/v2\/tags?post=29819"}],"curies":[{"name":"wp","href":"https:\/\/api.w.org\/{rel}","templated":true}]}}