{"id":29817,"date":"2026-01-22T01:40:00","date_gmt":"2026-01-21T22:40:00","guid":{"rendered":"https:\/\/www.fener.org\/?p=29817"},"modified":"2026-01-22T07:51:52","modified_gmt":"2026-01-22T04:51:52","slug":"sarunas-jasikevicius-karakter-koyularak-kazanilan-bir-galibiyet","status":"publish","type":"post","link":"https:\/\/www.fener.org\/index.php\/2026\/01\/22\/sarunas-jasikevicius-karakter-koyularak-kazanilan-bir-galibiyet\/","title":{"rendered":"Sarunas Jasikevicius: Karakter koyularak kazan\u0131lan bir galibiyet"},"content":{"rendered":"\n<p>Ba\u015fantren\u00f6r\u00fcm\u00fcz Sarunas Jasikevicius, Fenerbah\u00e7e Beko Erkek Basketbol Tak\u0131m\u0131m\u0131z\u0131n Virtus Bologna\u2019y\u0131 80-85 ma\u011flup etti\u011fi EuroLeague 23. hafta ma\u00e7\u0131n\u0131n ard\u0131ndan yay\u0131nc\u0131 kurulu\u015fa \u015fu a\u00e7\u0131klamalar\u0131 yapt\u0131:<\/p>\n\n\n\n<blockquote class=\"wp-block-quote is-layout-flow wp-block-quote-is-layout-flow\">\n<p>\u201cTak\u0131m\u0131m\u0131z i\u00e7in karakter koyularak kazan\u0131lan bir galibiyet. Rakibimizi ikinci yar\u0131da 33 say\u0131da tutmay\u0131 ba\u015fard\u0131k. Bu da ilk yar\u0131ya g\u00f6re ikinci yar\u0131da tamamen farkl\u0131 bir foto\u011fraf koyuyor \u00f6n\u00fcm\u00fcze.<\/p>\n\n\n\n<p>Herkese (Horton-Tucker) yard\u0131m ediyor. Bu bir s\u00fcre\u00e7. \u0130yi i\u015f yap\u0131yor. Onunla ilgili en iyi \u015fey s\u00fcrekli geli\u015fim kaydediyor olmas\u0131.\u201d<\/p>\n<\/blockquote>\n","protected":false},"excerpt":{"rendered":"<p>Ba\u015fantren\u00f6r\u00fcm\u00fcz Sarunas Jasikevicius, Fenerbah\u00e7e Beko Erkek Basketbol Tak\u0131m\u0131m\u0131z\u0131n Virtus Bologna\u2019y\u0131 80-85 ma\u011flup etti\u011fi EuroLeague 23. hafta ma\u00e7\u0131n\u0131n ard\u0131ndan yay\u0131nc\u0131 kurulu\u015fa \u015fu a\u00e7\u0131klamalar\u0131 yapt\u0131: \u201cTak\u0131m\u0131m\u0131z i\u00e7in karakter koyularak kazan\u0131lan bir galibiyet. Rakibimizi ikinci yar\u0131da 33 say\u0131da tutmay\u0131 ba\u015fard\u0131k. Bu da ilk yar\u0131ya g\u00f6re ikinci yar\u0131da tamamen farkl\u0131 bir foto\u011fraf koyuyor \u00f6n\u00fcm\u00fcze. Herkese (Horton-Tucker) yard\u0131m ediyor. Bu [&hellip;]<\/p>\n","protected":false},"author":1,"featured_media":29548,"comment_status":"closed","ping_status":"closed","sticky":false,"template":"","format":"standard","meta":{"jnews-multi-image_gallery":[],"jnews_single_post":{"format":"standard","override":[{"template":"1","parallax":"1","fullscreen":"1","layout":"right-sidebar","sidebar":"mysidebar","second_sidebar":"default-sidebar","sticky_sidebar":"1","share_position":"float","share_float_style":"share-normal","show_share_counter":"1","show_view_counter":"1","show_featured":"1","show_post_meta":"1","show_post_author_image":"1","show_post_date":"1","post_date_format":"default","post_date_format_custom":"Y\/m\/d","show_post_reading_time":"0","post_reading_time_wpm":"300","post_calculate_word_method":"str_word_count","show_zoom_button":"0","zoom_button_out_step":"2","zoom_button_in_step":"3","show_prev_next_post":"1","show_comment_section":"1","number_popup_post":"3","show_author_box":"0","show_post_related":"0","show_inline_post_related":"0"}],"image_override":[{"single_post_thumbnail_size":"crop-500","single_post_gallery_size":"crop-500"}],"trending_post_position":"meta","trending_post_label":"Trending","sponsored_post_label":"Sponsored by","disable_ad":"0","subtitle":"Ba\u015fantren\u00f6r\u00fcm\u00fcz Sarunas Jasikevicius, Virtus Bologna galibiyetini de\u011ferlendirdi."},"jnews_primary_category":{"id":"5"},"jnews_social_meta":[],"jnews_override_counter":{"view_counter_number":"0","share_counter_number":"0","like_counter_number":"0","dislike_counter_number":"0"},"footnotes":""},"categories":[5,6,2],"tags":[24,74,23],"class_list":["post-29817","post","type-post","status-publish","format-standard","has-post-thumbnail","hentry","category-basketbol","category-erkek-basketbol","category-haberler","tag-basketbol","tag-euroleague","tag-fenerbahce"],"amp_enabled":true,"_links":{"self":[{"href":"https:\/\/www.fener.org\/index.php\/wp-json\/wp\/v2\/posts\/29817","targetHints":{"allow":["GET"]}}],"collection":[{"href":"https:\/\/www.fener.org\/index.php\/wp-json\/wp\/v2\/posts"}],"about":[{"href":"https:\/\/www.fener.org\/index.php\/wp-json\/wp\/v2\/types\/post"}],"author":[{"embeddable":true,"href":"https:\/\/www.fener.org\/index.php\/wp-json\/wp\/v2\/users\/1"}],"replies":[{"embeddable":true,"href":"https:\/\/www.fener.org\/index.php\/wp-json\/wp\/v2\/comments?post=29817"}],"version-history":[{"count":1,"href":"https:\/\/www.fener.org\/index.php\/wp-json\/wp\/v2\/posts\/29817\/revisions"}],"predecessor-version":[{"id":29818,"href":"https:\/\/www.fener.org\/index.php\/wp-json\/wp\/v2\/posts\/29817\/revisions\/29818"}],"wp:featuredmedia":[{"embeddable":true,"href":"https:\/\/www.fener.org\/index.php\/wp-json\/wp\/v2\/media\/29548"}],"wp:attachment":[{"href":"https:\/\/www.fener.org\/index.php\/wp-json\/wp\/v2\/media?parent=29817"}],"wp:term":[{"taxonomy":"category","embeddable":true,"href":"https:\/\/www.fener.org\/index.php\/wp-json\/wp\/v2\/categories?post=29817"},{"taxonomy":"post_tag","embeddable":true,"href":"https:\/\/www.fener.org\/index.php\/wp-json\/wp\/v2\/tags?post=29817"}],"curies":[{"name":"wp","href":"https:\/\/api.w.org\/{rel}","templated":true}]}}