{"id":29814,"date":"2026-01-22T00:48:05","date_gmt":"2026-01-21T21:48:05","guid":{"rendered":"https:\/\/www.fener.org\/?p=29814"},"modified":"2026-01-22T00:48:09","modified_gmt":"2026-01-21T21:48:09","slug":"virtus-bologna-80-85-fenerbahce-beko","status":"publish","type":"post","link":"https:\/\/www.fener.org\/index.php\/2026\/01\/22\/virtus-bologna-80-85-fenerbahce-beko\/","title":{"rendered":"Virtus Bologna 80-85 Fenerbah\u00e7e Beko"},"content":{"rendered":"\n<p>Fenerbah\u00e7e Beko Erkek Basketbol Tak\u0131m\u0131m\u0131z, EuroLeague 23. hafta ma\u00e7\u0131nda Virtus Bologna\u2019ya konuk oldu. Kar\u015f\u0131la\u015fmay\u0131 80-85 kazanan Tak\u0131m\u0131m\u0131z, EuroLeague\u2019deki 15. galibiyetine imza att\u0131.<br>\u00a0<br>Talen Horton Tucker\u2019\u0131n kaydetti\u011fi 28 say\u0131yla tak\u0131m\u0131n skoreri oldu\u011fu ma\u00e7ta Tar\u0131k Biberovic 15, Nando De Colo da 12 say\u0131yla galibiyete \u00f6nemli katk\u0131 verdi.<br>\u00a0<br>Virtus Arena\u2019da oynanan kar\u015f\u0131la\u015fmay\u0131 Y\u00f6netim Kurulu \u00dcyemiz G\u00fcrhan Ta\u015fkaya ile Fenerbah\u00e7e Futbol A.\u015e. Y\u00f6netim Kurulu \u00dcyemiz Bora Bur\u00e7ak Kaya da izledi.<br>\u00a0<br>Fenerbah\u00e7e Beko ma\u00e7a; Devon Hall, Tar\u0131k Biberovic, Khem Birch, Melih Mahmuto\u011flu, Nicolo Melli be\u015fiyle ba\u015flad\u0131.<br>\u00a0<br>Tak\u0131m\u0131m\u0131z, 19-9 geri d\u00fc\u015ft\u00fc\u011f\u00fc ilk periyotta bitime 2 dakika kala Tucker\u2019\u0131n kaydetti\u011fi 5-0\u2018l\u0131k seriyle fark\u0131 3 say\u0131ya indirerek rakibine mola ald\u0131rsa da periyodu 25-22 geride tamamlad\u0131. \u0130kinci periyodu 22-18 \u00e7eyrek skoruyla ge\u00e7en Fenerbah\u00e7e Beko, soyunma odas\u0131na 47-40 geride gitti.<br>\u00a0<br>\u0130kinci yar\u0131ya savunmada agresif ba\u015flayan Tak\u0131m\u0131m\u0131z, ilk 4,5 dakikal\u0131k b\u00f6l\u00fcmde potas\u0131nda say\u0131 g\u00f6rmezken, h\u00fccumlar\u0131n\u0131 Tar\u0131k, Tucker ve Jantunen\u2019le bitirerek skoru 47-47\u2019de e\u015fitledi. Tar\u0131k\u2019\u0131n \u00fc\u00e7l\u00fc\u011f\u00fcyle \u00fc\u00e7\u00fcnc\u00fc periyottaki serisini 9-1\u2019e (48-49) getirerek rakibine mola ald\u0131ran (04:36) Fenerbah\u00e7e Beko, kar\u015f\u0131l\u0131kl\u0131 say\u0131lar\u0131n ard\u0131ndan final periyoduna 60-65 \u00f6nde girdi. Savunmadaki temasl\u0131 oyununu d\u00f6rd\u00fcnc\u00fc periyoda da ta\u015f\u0131yarak oyunun kontrol\u00fcn\u00fc elinde bulunduran Tak\u0131m\u0131m\u0131z, Onuralp Bitim\u2019in \u00fc\u00e7l\u00fc\u011f\u00fcyle televizyon molas\u0131n\u0131 63-68 \u00f6nde ge\u00e7ti. (05:17) Son b\u00f6l\u00fcm\u00fc b\u00fcy\u00fck \u00e7eki\u015fmeye sahne olan ma\u00e7\u0131 80-85 kazanan Fenerbah\u00e7e Beko, 15. galibiyetine imza att\u0131.<br>\u00a0<br><strong>\u00c7eyrek skorlar\u0131:<\/strong><br><br>1.\u00c7eyrek: 25-22<br>2.\u00c7eyrek: 22-18<br>3.\u00c7eyrek: 13-25<br>4.\u00c7eyrek: 20-20<br>\u00a0<br>Tak\u0131m\u0131m\u0131z, EuroLeague 24. hafta ma\u00e7\u0131nda 23 Ocak Cuma g\u00fcn\u00fc Kosner Baskonia Vitoria Gasteiz\u2019i a\u011f\u0131rlayacak.<\/p>\n","protected":false},"excerpt":{"rendered":"<p>Fenerbah\u00e7e Beko Erkek Basketbol Tak\u0131m\u0131m\u0131z, EuroLeague 23. hafta ma\u00e7\u0131nda Virtus Bologna\u2019ya konuk oldu. Kar\u015f\u0131la\u015fmay\u0131 80-85 kazanan Tak\u0131m\u0131m\u0131z, EuroLeague\u2019deki 15. galibiyetine imza att\u0131.\u00a0Talen Horton Tucker\u2019\u0131n kaydetti\u011fi 28 say\u0131yla tak\u0131m\u0131n skoreri oldu\u011fu ma\u00e7ta Tar\u0131k Biberovic 15, Nando De Colo da 12 say\u0131yla galibiyete \u00f6nemli katk\u0131 verdi.\u00a0Virtus Arena\u2019da oynanan kar\u015f\u0131la\u015fmay\u0131 Y\u00f6netim Kurulu \u00dcyemiz G\u00fcrhan Ta\u015fkaya ile Fenerbah\u00e7e Futbol [&hellip;]<\/p>\n","protected":false},"author":1,"featured_media":29815,"comment_status":"closed","ping_status":"closed","sticky":false,"template":"","format":"standard","meta":{"jnews-multi-image_gallery":[],"jnews_single_post":{"format":"standard","override":[{"template":"1","parallax":"1","fullscreen":"1","layout":"right-sidebar","sidebar":"mysidebar","second_sidebar":"default-sidebar","sticky_sidebar":"1","share_position":"float","share_float_style":"share-normal","show_share_counter":"1","show_view_counter":"1","show_featured":"1","show_post_meta":"1","show_post_author_image":"1","show_post_date":"1","post_date_format":"default","post_date_format_custom":"Y\/m\/d","show_post_reading_time":"0","post_reading_time_wpm":"300","post_calculate_word_method":"str_word_count","show_zoom_button":"0","zoom_button_out_step":"2","zoom_button_in_step":"3","show_prev_next_post":"1","show_comment_section":"1","number_popup_post":"3","show_author_box":"0","show_post_related":"0","show_inline_post_related":"0"}],"image_override":[{"single_post_thumbnail_size":"crop-500","single_post_gallery_size":"crop-500"}],"trending_post_position":"meta","trending_post_label":"Trending","sponsored_post_label":"Sponsored by","disable_ad":"0","subtitle":"Fenerbah\u00e7e Erkek Basketbol Tak\u0131m\u0131m\u0131z, EuroLeague 23. hafta ma\u00e7\u0131nda deplasmanda kar\u015f\u0131la\u015ft\u0131\u011f\u0131 Virtus Bologna\u2019y\u0131 80-85 ma\u011flup etti."},"jnews_primary_category":{"id":"5"},"jnews_social_meta":[],"jnews_override_counter":{"view_counter_number":"0","share_counter_number":"0","like_counter_number":"0","dislike_counter_number":"0"},"footnotes":""},"categories":[5,6,2],"tags":[24,74,23],"class_list":["post-29814","post","type-post","status-publish","format-standard","has-post-thumbnail","hentry","category-basketbol","category-erkek-basketbol","category-haberler","tag-basketbol","tag-euroleague","tag-fenerbahce"],"amp_enabled":true,"_links":{"self":[{"href":"https:\/\/www.fener.org\/index.php\/wp-json\/wp\/v2\/posts\/29814","targetHints":{"allow":["GET"]}}],"collection":[{"href":"https:\/\/www.fener.org\/index.php\/wp-json\/wp\/v2\/posts"}],"about":[{"href":"https:\/\/www.fener.org\/index.php\/wp-json\/wp\/v2\/types\/post"}],"author":[{"embeddable":true,"href":"https:\/\/www.fener.org\/index.php\/wp-json\/wp\/v2\/users\/1"}],"replies":[{"embeddable":true,"href":"https:\/\/www.fener.org\/index.php\/wp-json\/wp\/v2\/comments?post=29814"}],"version-history":[{"count":1,"href":"https:\/\/www.fener.org\/index.php\/wp-json\/wp\/v2\/posts\/29814\/revisions"}],"predecessor-version":[{"id":29816,"href":"https:\/\/www.fener.org\/index.php\/wp-json\/wp\/v2\/posts\/29814\/revisions\/29816"}],"wp:featuredmedia":[{"embeddable":true,"href":"https:\/\/www.fener.org\/index.php\/wp-json\/wp\/v2\/media\/29815"}],"wp:attachment":[{"href":"https:\/\/www.fener.org\/index.php\/wp-json\/wp\/v2\/media?parent=29814"}],"wp:term":[{"taxonomy":"category","embeddable":true,"href":"https:\/\/www.fener.org\/index.php\/wp-json\/wp\/v2\/categories?post=29814"},{"taxonomy":"post_tag","embeddable":true,"href":"https:\/\/www.fener.org\/index.php\/wp-json\/wp\/v2\/tags?post=29814"}],"curies":[{"name":"wp","href":"https:\/\/api.w.org\/{rel}","templated":true}]}}