{"id":29811,"date":"2026-01-21T23:21:13","date_gmt":"2026-01-21T20:21:13","guid":{"rendered":"https:\/\/www.fener.org\/?p=29811"},"modified":"2026-01-21T23:21:17","modified_gmt":"2026-01-21T20:21:17","slug":"ok-alpacem-kanal-1-3-fenerbahce-medicana","status":"publish","type":"post","link":"https:\/\/www.fener.org\/index.php\/2026\/01\/21\/ok-alpacem-kanal-1-3-fenerbahce-medicana\/","title":{"rendered":"OK Alpacem Kanal 1-3 Fenerbah\u00e7e Medicana"},"content":{"rendered":"\n<p>Fenerbah\u00e7e Medicana Erkek Voleybol Tak\u0131m\u0131m\u0131z, CEV Kupas\u0131 8&#8217;li final turu ilk ma\u00e7\u0131nda deplasmanda Slovenya temsilcisi OK Alpacem Kanal ile kar\u015f\u0131 kar\u015f\u0131ya geldi.<\/p>\n\n\n\n<p>Sportna Dvorana\u2019da oynanan kar\u015f\u0131la\u015fmay\u0131 25-22, 19-25, 23-25, 19-25\u2019lik setlerle 1-3 kazanan Tak\u0131m\u0131m\u0131z r\u00f6van\u015f i\u00e7in avantaj elde etti.<\/p>\n\n\n\n<p>Adis Lagumdzija kaydetti\u011fi 16 say\u0131yla tak\u0131m\u0131n skoreri olurken; Ngapeth 14, Chinenyeze de 10 say\u0131yla galibiyete \u00f6nemli katk\u0131 verdi.<\/p>\n\n\n\n<p>Bu ma\u00e7\u0131n r\u00f6van\u015f\u0131 28 Ocak \u00c7ar\u015famba g\u00fcn\u00fc Burhan Felek Voleybol Salonu&#8217;nda oynanacak.<\/p>\n\n\n\n<p>Tak\u0131m\u0131m\u0131z ma\u00e7a; Marko Mert Matic, Yi\u011fit G\u00fclmezo\u011flu, Earvin Ngapeth, Adis Lagumdzija, Fabian Drzyzga, B. Chinenyeze alt\u0131s\u0131 ve libero Burutay Suba\u015f\u0131 ile ba\u015flad\u0131.<\/p>\n\n\n\n<p>\u0130lk seti 25-22 kaybeden Fenerbah\u00e7e Medicana, ikinci sette 9-9 e\u015fitli\u011fin ard\u0131ndan Ngapeth, Chinenyeze, Lagumdzija ve Yi\u011fit\u2019le buldu\u011fu say\u0131larla 11-17 \u00f6ne ge\u00e7ti. Kalan b\u00f6l\u00fcmde fark\u0131n erimesine izin vermeyen Tak\u0131m\u0131m\u0131z seti 19-25 kazand\u0131 ve ma\u00e7 skoruna denge getirdi: 1-1. Son b\u00f6l\u00fcm\u00fc \u00e7eki\u015fmeli ge\u00e7en \u00fc\u00e7\u00fcnc\u00fc sette 22-22 e\u015fitli\u011fin ard\u0131ndan Lagumdzija, Ngapeth ve Yi\u011fit\u2019le skor avantaj\u0131n\u0131 eline ge\u00e7iren Tak\u0131m\u0131m\u0131z, seti 23-25 kazand\u0131. D\u00f6rd\u00fcnc\u00fc sette ise h\u00fccumda olduk\u00e7a etkili oynayan Fenerbah\u00e7e Medicana, 5-5 e\u015fitli\u011fin ard\u0131ndan bask\u0131n oyunuyla seti 19-25, ma\u00e7\u0131 da 3-1 kazand\u0131.<\/p>\n","protected":false},"excerpt":{"rendered":"<p>Fenerbah\u00e7e Medicana Erkek Voleybol Tak\u0131m\u0131m\u0131z, CEV Kupas\u0131 8&#8217;li final turu ilk ma\u00e7\u0131nda deplasmanda Slovenya temsilcisi OK Alpacem Kanal ile kar\u015f\u0131 kar\u015f\u0131ya geldi. Sportna Dvorana\u2019da oynanan kar\u015f\u0131la\u015fmay\u0131 25-22, 19-25, 23-25, 19-25\u2019lik setlerle 1-3 kazanan Tak\u0131m\u0131m\u0131z r\u00f6van\u015f i\u00e7in avantaj elde etti. Adis Lagumdzija kaydetti\u011fi 16 say\u0131yla tak\u0131m\u0131n skoreri olurken; Ngapeth 14, Chinenyeze de 10 say\u0131yla galibiyete \u00f6nemli [&hellip;]<\/p>\n","protected":false},"author":1,"featured_media":29812,"comment_status":"closed","ping_status":"closed","sticky":false,"template":"","format":"standard","meta":{"jnews-multi-image_gallery":[],"jnews_single_post":{"format":"standard","override":[{"template":"1","parallax":"1","fullscreen":"1","layout":"right-sidebar","sidebar":"mysidebar","second_sidebar":"default-sidebar","sticky_sidebar":"1","share_position":"float","share_float_style":"share-normal","show_share_counter":"1","show_view_counter":"1","show_featured":"1","show_post_meta":"1","show_post_author_image":"1","show_post_date":"1","post_date_format":"default","post_date_format_custom":"Y\/m\/d","show_post_reading_time":"0","post_reading_time_wpm":"300","post_calculate_word_method":"str_word_count","show_zoom_button":"0","zoom_button_out_step":"2","zoom_button_in_step":"3","show_prev_next_post":"1","show_comment_section":"1","number_popup_post":"3","show_author_box":"0","show_post_related":"0","show_inline_post_related":"0"}],"image_override":[{"single_post_thumbnail_size":"crop-500","single_post_gallery_size":"crop-500"}],"trending_post_position":"meta","trending_post_label":"Trending","sponsored_post_label":"Sponsored by","disable_ad":"0","subtitle":"Fenerbah\u00e7e Erkek Voleybol Tak\u0131m\u0131m\u0131z, CEV Kupas\u0131 8'li final turu ilk ma\u00e7\u0131nda deplasmanda OK Alpacem Kanal ile oynad\u0131\u011f\u0131 kar\u015f\u0131la\u015fmadan 3-1 galip ayr\u0131ld\u0131."},"jnews_primary_category":{"id":"8"},"jnews_social_meta":[],"jnews_override_counter":{"view_counter_number":"0","share_counter_number":"0","like_counter_number":"0","dislike_counter_number":"0"},"footnotes":""},"categories":[9,2,8],"tags":[23,29],"class_list":["post-29811","post","type-post","status-publish","format-standard","has-post-thumbnail","hentry","category-erkek-voleybol","category-haberler","category-voleybol","tag-fenerbahce","tag-voleybol"],"amp_enabled":true,"_links":{"self":[{"href":"https:\/\/www.fener.org\/index.php\/wp-json\/wp\/v2\/posts\/29811","targetHints":{"allow":["GET"]}}],"collection":[{"href":"https:\/\/www.fener.org\/index.php\/wp-json\/wp\/v2\/posts"}],"about":[{"href":"https:\/\/www.fener.org\/index.php\/wp-json\/wp\/v2\/types\/post"}],"author":[{"embeddable":true,"href":"https:\/\/www.fener.org\/index.php\/wp-json\/wp\/v2\/users\/1"}],"replies":[{"embeddable":true,"href":"https:\/\/www.fener.org\/index.php\/wp-json\/wp\/v2\/comments?post=29811"}],"version-history":[{"count":1,"href":"https:\/\/www.fener.org\/index.php\/wp-json\/wp\/v2\/posts\/29811\/revisions"}],"predecessor-version":[{"id":29813,"href":"https:\/\/www.fener.org\/index.php\/wp-json\/wp\/v2\/posts\/29811\/revisions\/29813"}],"wp:featuredmedia":[{"embeddable":true,"href":"https:\/\/www.fener.org\/index.php\/wp-json\/wp\/v2\/media\/29812"}],"wp:attachment":[{"href":"https:\/\/www.fener.org\/index.php\/wp-json\/wp\/v2\/media?parent=29811"}],"wp:term":[{"taxonomy":"category","embeddable":true,"href":"https:\/\/www.fener.org\/index.php\/wp-json\/wp\/v2\/categories?post=29811"},{"taxonomy":"post_tag","embeddable":true,"href":"https:\/\/www.fener.org\/index.php\/wp-json\/wp\/v2\/tags?post=29811"}],"curies":[{"name":"wp","href":"https:\/\/api.w.org\/{rel}","templated":true}]}}