{"id":29809,"date":"2026-01-21T20:35:04","date_gmt":"2026-01-21T17:35:04","guid":{"rendered":"https:\/\/www.fener.org\/?p=29809"},"modified":"2026-01-21T20:35:10","modified_gmt":"2026-01-21T17:35:10","slug":"fenerbahce-opet-umana-reyer-veneziaya-konuk-oluyor-2","status":"publish","type":"post","link":"https:\/\/www.fener.org\/index.php\/2026\/01\/21\/fenerbahce-opet-umana-reyer-veneziaya-konuk-oluyor-2\/","title":{"rendered":"Fenerbah\u00e7e Opet, Umana Reyer Venezia\u2019ya konuk oluyor"},"content":{"rendered":"\n<p>Fenerbah\u00e7e Opet Kad\u0131n Basketbol Tak\u0131m\u0131m\u0131z, EuroLeague Women \u0130kinci Tur F Grubu d\u00f6rd\u00fcnc\u00fc ma\u00e7\u0131nda Umana Reyer Venezia\u2019ya konuk oluyor. 22 Ocak Per\u015fembe g\u00fcn\u00fc (yar\u0131n) Palasport Taliercio\u2019da oynanacak m\u00fccadele TS\u0130 21.30\u2019da ba\u015flayacak ve FBTV YouTube\u2019dan canl\u0131 yay\u0131nlanacak.<\/p>\n\n\n\n<p>Fenerbah\u00e7e Opet Kad\u0131n Basketbol Tak\u0131m\u0131m\u0131z, EuroLeague Women\u2019da oynad\u0131\u011f\u0131 dokuz ma\u00e7ta sekiz galibiyet elde etti. F Grubu\u2019nda zirvede yer alan ekibimiz Avrupa arenas\u0131nda son olarak Basket Landes deplasman\u0131nda parkeye \u00e7\u0131kt\u0131. Fenerbah\u00e7e Opet m\u00fccadelede rakibine 80-61\u2019lik skorla ma\u011flup oldu.<\/p>\n\n\n\n<p>Halkbank Kad\u0131nlar Basketbol S\u00fcper Ligi\u2019nde ise nama\u011flup y\u00fcr\u00fcy\u00fc\u015f\u00fcn\u00fc s\u00fcrd\u00fcren ekibimiz, oynad\u0131\u011f\u0131 14 ma\u00e7\u0131n tamam\u0131n\u0131 kazand\u0131. Son lig ma\u00e7\u0131nda Dardanel \u00c7anakkale Belediyespor\u2019u konuk eden Potan\u0131n Krali\u00e7eleri, rakibini 129-43\u2019l\u00fck farkl\u0131 skorla ge\u00e7ti.<\/p>\n\n\n\n<p>EuroLeague Women\u2019da oynad\u0131\u011f\u0131 dokuz ma\u00e7ta be\u015f galibiyeti bulunan \u0130talya temsilcisi F Grubu\u2019nda d\u00f6rd\u00fcnc\u00fc s\u0131rada yer al\u0131yor. Son olarak Valencia Basket\u2019e konuk olan rakibimiz sahadan 81-73\u2019l\u00fck skorla ma\u011flup ayr\u0131ld\u0131.<\/p>\n\n\n\n<p>Antren\u00f6r Andrea Mazzon taraf\u0131ndan \u00e7al\u0131\u015ft\u0131r\u0131lan Umana Reyer Venezia, \u0130talya Serie A1 Kad\u0131nlar Ligi\u2019nde 14 ma\u00e7ta ald\u0131\u011f\u0131 12 galibiyetle ikinci s\u0131rada yer al\u0131yor. Rakibimiz, son ma\u00e7\u0131nda Derthona Basket\u2019i konuk etti\u011fi m\u00fccadeleden 71-62\u2019lik skorla galip ayr\u0131ld\u0131.<\/p>\n","protected":false},"excerpt":{"rendered":"<p>Fenerbah\u00e7e Opet Kad\u0131n Basketbol Tak\u0131m\u0131m\u0131z, EuroLeague Women \u0130kinci Tur F Grubu d\u00f6rd\u00fcnc\u00fc ma\u00e7\u0131nda Umana Reyer Venezia\u2019ya konuk oluyor. 22 Ocak Per\u015fembe g\u00fcn\u00fc (yar\u0131n) Palasport Taliercio\u2019da oynanacak m\u00fccadele TS\u0130 21.30\u2019da ba\u015flayacak ve FBTV YouTube\u2019dan canl\u0131 yay\u0131nlanacak. Fenerbah\u00e7e Opet Kad\u0131n Basketbol Tak\u0131m\u0131m\u0131z, EuroLeague Women\u2019da oynad\u0131\u011f\u0131 dokuz ma\u00e7ta sekiz galibiyet elde etti. F Grubu\u2019nda zirvede yer alan ekibimiz [&hellip;]<\/p>\n","protected":false},"author":1,"featured_media":29671,"comment_status":"closed","ping_status":"closed","sticky":false,"template":"","format":"standard","meta":{"jnews-multi-image_gallery":[],"jnews_single_post":{"format":"standard","override":[{"template":"1","parallax":"1","fullscreen":"1","layout":"right-sidebar","sidebar":"mysidebar","second_sidebar":"default-sidebar","sticky_sidebar":"1","share_position":"float","share_float_style":"share-normal","show_share_counter":"1","show_view_counter":"1","show_featured":"1","show_post_meta":"1","show_post_author_image":"1","show_post_date":"1","post_date_format":"default","post_date_format_custom":"Y\/m\/d","show_post_reading_time":"0","post_reading_time_wpm":"300","post_calculate_word_method":"str_word_count","show_zoom_button":"0","zoom_button_out_step":"2","zoom_button_in_step":"3","show_prev_next_post":"1","show_comment_section":"1","number_popup_post":"3","show_author_box":"0","show_post_related":"0","show_inline_post_related":"0"}],"image_override":[{"single_post_thumbnail_size":"crop-500","single_post_gallery_size":"crop-500"}],"trending_post_position":"meta","trending_post_label":"Trending","sponsored_post_label":"Sponsored by","disable_ad":"0","subtitle":"Fenerbah\u00e7e Kad\u0131n Basketbol Tak\u0131m\u0131m\u0131z, EuroLeague Women \u0130kinci Tur F Grubu d\u00f6rd\u00fcnc\u00fc ma\u00e7\u0131nda deplasmanda Umana Reyer Venezia ile kar\u015f\u0131la\u015f\u0131yor."},"jnews_primary_category":{"id":"5"},"jnews_social_meta":[],"jnews_override_counter":{"view_counter_number":"0","share_counter_number":"0","like_counter_number":"0","dislike_counter_number":"0"},"footnotes":""},"categories":[5,2,7],"tags":[24,70,23],"class_list":["post-29809","post","type-post","status-publish","format-standard","has-post-thumbnail","hentry","category-basketbol","category-haberler","category-kadin-basketbol","tag-basketbol","tag-euroleaguewomen","tag-fenerbahce"],"amp_enabled":true,"_links":{"self":[{"href":"https:\/\/www.fener.org\/index.php\/wp-json\/wp\/v2\/posts\/29809","targetHints":{"allow":["GET"]}}],"collection":[{"href":"https:\/\/www.fener.org\/index.php\/wp-json\/wp\/v2\/posts"}],"about":[{"href":"https:\/\/www.fener.org\/index.php\/wp-json\/wp\/v2\/types\/post"}],"author":[{"embeddable":true,"href":"https:\/\/www.fener.org\/index.php\/wp-json\/wp\/v2\/users\/1"}],"replies":[{"embeddable":true,"href":"https:\/\/www.fener.org\/index.php\/wp-json\/wp\/v2\/comments?post=29809"}],"version-history":[{"count":1,"href":"https:\/\/www.fener.org\/index.php\/wp-json\/wp\/v2\/posts\/29809\/revisions"}],"predecessor-version":[{"id":29810,"href":"https:\/\/www.fener.org\/index.php\/wp-json\/wp\/v2\/posts\/29809\/revisions\/29810"}],"wp:featuredmedia":[{"embeddable":true,"href":"https:\/\/www.fener.org\/index.php\/wp-json\/wp\/v2\/media\/29671"}],"wp:attachment":[{"href":"https:\/\/www.fener.org\/index.php\/wp-json\/wp\/v2\/media?parent=29809"}],"wp:term":[{"taxonomy":"category","embeddable":true,"href":"https:\/\/www.fener.org\/index.php\/wp-json\/wp\/v2\/categories?post=29809"},{"taxonomy":"post_tag","embeddable":true,"href":"https:\/\/www.fener.org\/index.php\/wp-json\/wp\/v2\/tags?post=29809"}],"curies":[{"name":"wp","href":"https:\/\/api.w.org\/{rel}","templated":true}]}}