{"id":29804,"date":"2026-01-21T08:00:37","date_gmt":"2026-01-21T05:00:37","guid":{"rendered":"https:\/\/www.fener.org\/?p=29804"},"modified":"2026-01-21T12:53:04","modified_gmt":"2026-01-21T09:53:04","slug":"fenerbahce-medicana-cev-kupasi-8li-final-turu-ilk-macina-cikiyor","status":"publish","type":"post","link":"https:\/\/www.fener.org\/index.php\/2026\/01\/21\/fenerbahce-medicana-cev-kupasi-8li-final-turu-ilk-macina-cikiyor\/","title":{"rendered":"Fenerbah\u00e7e Medicana, CEV Kupas\u0131 8\u2019li final turu ilk ma\u00e7\u0131na \u00e7\u0131k\u0131yor"},"content":{"rendered":"\n<p>Fenerbah\u00e7e Medicana Erkek Voleybol Tak\u0131m\u0131m\u0131z, CEV Kupas\u0131 8\u2019li final turu ilk ma\u00e7\u0131nda Slovenya temsilcisi OK Alpacem Kanal\u2019a konuk oluyor<\/p>\n\n\n\n<p>21 Ocak \u00c7ar\u015famba g\u00fcn\u00fc Sportna Dvorana\u2019da oynanacak m\u00fccadele TS\u0130 21.00&#8217;de ba\u015flayacak.<\/p>\n\n\n\n<p>Tak\u0131m\u0131m\u0131z, 16&#8217;l\u0131 final turu ma\u00e7\u0131nda S\u0131rbistan ekibi Radni\u010dki Kragujevac\u2019\u0131 iki ma\u00e7ta da 3-0 ma\u011flup ederek 8&#8217;li final turuna y\u00fckselmi\u015fti.<\/p>\n","protected":false},"excerpt":{"rendered":"<p>Fenerbah\u00e7e Medicana Erkek Voleybol Tak\u0131m\u0131m\u0131z, CEV Kupas\u0131 8\u2019li final turu ilk ma\u00e7\u0131nda Slovenya temsilcisi OK Alpacem Kanal\u2019a konuk oluyor 21 Ocak \u00c7ar\u015famba g\u00fcn\u00fc Sportna Dvorana\u2019da oynanacak m\u00fccadele TS\u0130 21.00&#8217;de ba\u015flayacak. Tak\u0131m\u0131m\u0131z, 16&#8217;l\u0131 final turu ma\u00e7\u0131nda S\u0131rbistan ekibi Radni\u010dki Kragujevac\u2019\u0131 iki ma\u00e7ta da 3-0 ma\u011flup ederek 8&#8217;li final turuna y\u00fckselmi\u015fti.<\/p>\n","protected":false},"author":1,"featured_media":29678,"comment_status":"closed","ping_status":"closed","sticky":false,"template":"","format":"standard","meta":{"jnews-multi-image_gallery":[],"jnews_single_post":{"format":"standard","override":[{"template":"1","parallax":"1","fullscreen":"1","layout":"right-sidebar","sidebar":"mysidebar","second_sidebar":"default-sidebar","sticky_sidebar":"1","share_position":"float","share_float_style":"share-normal","show_share_counter":"1","show_view_counter":"1","show_featured":"1","show_post_meta":"1","show_post_author_image":"1","show_post_date":"1","post_date_format":"default","post_date_format_custom":"Y\/m\/d","show_post_reading_time":"0","post_reading_time_wpm":"300","post_calculate_word_method":"str_word_count","show_zoom_button":"0","zoom_button_out_step":"2","zoom_button_in_step":"3","show_prev_next_post":"1","show_comment_section":"1","number_popup_post":"3","show_author_box":"0","show_post_related":"0","show_inline_post_related":"0"}],"image_override":[{"single_post_thumbnail_size":"crop-500","single_post_gallery_size":"crop-500"}],"trending_post_position":"meta","trending_post_label":"Trending","sponsored_post_label":"Sponsored by","disable_ad":"0","subtitle":"Fenerbah\u00e7e Erkek Voleybol Tak\u0131m\u0131m\u0131z, CEV Kupas\u0131 8\u2019li final turu ilk ma\u00e7\u0131nda OK Alpacem Kanal ile deplasmanda kar\u015f\u0131la\u015f\u0131yor."},"jnews_primary_category":{"id":"8"},"jnews_social_meta":[],"jnews_override_counter":{"view_counter_number":"0","share_counter_number":"0","like_counter_number":"0","dislike_counter_number":"0"},"footnotes":""},"categories":[9,2,8],"tags":[23,29],"class_list":["post-29804","post","type-post","status-publish","format-standard","has-post-thumbnail","hentry","category-erkek-voleybol","category-haberler","category-voleybol","tag-fenerbahce","tag-voleybol"],"amp_enabled":true,"_links":{"self":[{"href":"https:\/\/www.fener.org\/index.php\/wp-json\/wp\/v2\/posts\/29804","targetHints":{"allow":["GET"]}}],"collection":[{"href":"https:\/\/www.fener.org\/index.php\/wp-json\/wp\/v2\/posts"}],"about":[{"href":"https:\/\/www.fener.org\/index.php\/wp-json\/wp\/v2\/types\/post"}],"author":[{"embeddable":true,"href":"https:\/\/www.fener.org\/index.php\/wp-json\/wp\/v2\/users\/1"}],"replies":[{"embeddable":true,"href":"https:\/\/www.fener.org\/index.php\/wp-json\/wp\/v2\/comments?post=29804"}],"version-history":[{"count":1,"href":"https:\/\/www.fener.org\/index.php\/wp-json\/wp\/v2\/posts\/29804\/revisions"}],"predecessor-version":[{"id":29805,"href":"https:\/\/www.fener.org\/index.php\/wp-json\/wp\/v2\/posts\/29804\/revisions\/29805"}],"wp:featuredmedia":[{"embeddable":true,"href":"https:\/\/www.fener.org\/index.php\/wp-json\/wp\/v2\/media\/29678"}],"wp:attachment":[{"href":"https:\/\/www.fener.org\/index.php\/wp-json\/wp\/v2\/media?parent=29804"}],"wp:term":[{"taxonomy":"category","embeddable":true,"href":"https:\/\/www.fener.org\/index.php\/wp-json\/wp\/v2\/categories?post=29804"},{"taxonomy":"post_tag","embeddable":true,"href":"https:\/\/www.fener.org\/index.php\/wp-json\/wp\/v2\/tags?post=29804"}],"curies":[{"name":"wp","href":"https:\/\/api.w.org\/{rel}","templated":true}]}}