{"id":29799,"date":"2026-01-20T20:43:34","date_gmt":"2026-01-20T17:43:34","guid":{"rendered":"https:\/\/www.fener.org\/?p=29799"},"modified":"2026-01-20T20:43:39","modified_gmt":"2026-01-20T17:43:39","slug":"fenerbahce-beko-virtus-bolognaya-konuk-oluyor","status":"publish","type":"post","link":"https:\/\/www.fener.org\/index.php\/2026\/01\/20\/fenerbahce-beko-virtus-bolognaya-konuk-oluyor\/","title":{"rendered":"Fenerbah\u00e7e Beko, Virtus Bologna\u2019ya konuk oluyor"},"content":{"rendered":"\n<p>Fenerbah\u00e7e Beko Erkek Basketbol Tak\u0131m\u0131m\u0131z, EuroLeague 23. hafta ma\u00e7\u0131nda Virtus Bologna\u2019ya konuk oluyor. 21 Ocak \u00c7ar\u015famba g\u00fcn\u00fc (yar\u0131n) Virtus Arena\u2019da oynanacak m\u00fccadele TS\u0130 22.30\u2019da ba\u015flayacak. M\u00fccadeleyi Juan Carlos Garcia (\u0130spanya), Saulius Racys (Litvanya) ve Saso Petek (Slovenya) hakem \u00fc\u00e7l\u00fcs\u00fc y\u00f6netecek.<\/p>\n\n\n\n<p>Fenerbah\u00e7e Beko, EuroLeague\u2019de oynad\u0131\u011f\u0131 21 ma\u00e7ta 14 galibiyet elde etti. Tak\u0131m\u0131m\u0131z son olarak evinde konuk etti\u011fi Valencia Basket\u2019i 82-79\u2019luk skorla ma\u011flup etti.<\/p>\n\n\n\n<p>T\u00fcrkiye Sigorta Basketbol S\u00fcper Ligi\u2019nde ise oynad\u0131\u011f\u0131 16 ma\u00e7ta 14 galibiyet alan ekibimiz puan cetvelinin zirvesinde yer al\u0131yor. Son lig ma\u00e7\u0131nda Tofa\u015f\u2019\u0131 konuk eden Fenerbah\u00e7e Beko, rakibini 90-82\u2019lik skorla ge\u00e7ti.<\/p>\n\n\n\n<p>Tedavileri devam eden Scottie Wilbekin, Arturs Zagars, Bonzie Colson ve Chris Silva, Virtus Bologna ma\u00e7\u0131nda forma giyemeyecek.<\/p>\n\n\n\n<p>Antren\u00f6r Dusko Ivanovic taraf\u0131ndan \u00e7al\u0131\u015ft\u0131r\u0131lan Virtus Bologna, EuroLeague\u2019de oynad\u0131\u011f\u0131 22 ma\u00e7ta 11 galibiyetle puan cetvelinin 12. s\u0131ras\u0131nda yer al\u0131yor. Son olarak Dubai Basketball deplasman\u0131nda parkeye \u00e7\u0131kan rakibimiz sahadan 80-72\u2019lik skorla galip ayr\u0131ld\u0131.<\/p>\n\n\n\n<p>Lega A\u2019da oynad\u0131\u011f\u0131 15 ma\u00e7ta ise 13 galibiyet alan \u0130talya temsilcisi puan durumunda zirvede yer al\u0131yor. Son olarak Treviso\u2019yu konuk eden Bologna, rakibini 88-77\u2019lik skorla ge\u00e7ti.<\/p>\n\n\n\n<p>\u0130ki tak\u0131m aras\u0131nda bug\u00fcne dek oynanan yedi ma\u00e7\u0131n be\u015fini Fenerbah\u00e7e Beko kazand\u0131.<\/p>\n","protected":false},"excerpt":{"rendered":"<p>Fenerbah\u00e7e Beko Erkek Basketbol Tak\u0131m\u0131m\u0131z, EuroLeague 23. hafta ma\u00e7\u0131nda Virtus Bologna\u2019ya konuk oluyor. 21 Ocak \u00c7ar\u015famba g\u00fcn\u00fc (yar\u0131n) Virtus Arena\u2019da oynanacak m\u00fccadele TS\u0130 22.30\u2019da ba\u015flayacak. M\u00fccadeleyi Juan Carlos Garcia (\u0130spanya), Saulius Racys (Litvanya) ve Saso Petek (Slovenya) hakem \u00fc\u00e7l\u00fcs\u00fc y\u00f6netecek. Fenerbah\u00e7e Beko, EuroLeague\u2019de oynad\u0131\u011f\u0131 21 ma\u00e7ta 14 galibiyet elde etti. Tak\u0131m\u0131m\u0131z son olarak evinde konuk [&hellip;]<\/p>\n","protected":false},"author":1,"featured_media":29633,"comment_status":"closed","ping_status":"closed","sticky":false,"template":"","format":"standard","meta":{"jnews-multi-image_gallery":[],"jnews_single_post":{"format":"standard","override":[{"template":"1","parallax":"1","fullscreen":"1","layout":"right-sidebar","sidebar":"mysidebar","second_sidebar":"default-sidebar","sticky_sidebar":"1","share_position":"float","share_float_style":"share-normal","show_share_counter":"1","show_view_counter":"1","show_featured":"1","show_post_meta":"1","show_post_author_image":"1","show_post_date":"1","post_date_format":"default","post_date_format_custom":"Y\/m\/d","show_post_reading_time":"0","post_reading_time_wpm":"300","post_calculate_word_method":"str_word_count","show_zoom_button":"0","zoom_button_out_step":"2","zoom_button_in_step":"3","show_prev_next_post":"1","show_comment_section":"1","number_popup_post":"3","show_author_box":"0","show_post_related":"0","show_inline_post_related":"0"}],"image_override":[{"single_post_thumbnail_size":"crop-500","single_post_gallery_size":"crop-500"}],"trending_post_position":"meta","trending_post_label":"Trending","sponsored_post_label":"Sponsored by","disable_ad":"0","subtitle":"Fenerbah\u00e7e Erkek Basketbol Tak\u0131m\u0131m\u0131z, EuroLeague 23. hafta ma\u00e7\u0131nda Virtus Bologna ile deplasmanda kar\u015f\u0131la\u015f\u0131yor."},"jnews_primary_category":{"id":"5"},"jnews_social_meta":[],"jnews_override_counter":{"view_counter_number":"0","share_counter_number":"0","like_counter_number":"0","dislike_counter_number":"0"},"footnotes":""},"categories":[5,6,2],"tags":[24,74,23],"class_list":["post-29799","post","type-post","status-publish","format-standard","has-post-thumbnail","hentry","category-basketbol","category-erkek-basketbol","category-haberler","tag-basketbol","tag-euroleague","tag-fenerbahce"],"amp_enabled":true,"_links":{"self":[{"href":"https:\/\/www.fener.org\/index.php\/wp-json\/wp\/v2\/posts\/29799","targetHints":{"allow":["GET"]}}],"collection":[{"href":"https:\/\/www.fener.org\/index.php\/wp-json\/wp\/v2\/posts"}],"about":[{"href":"https:\/\/www.fener.org\/index.php\/wp-json\/wp\/v2\/types\/post"}],"author":[{"embeddable":true,"href":"https:\/\/www.fener.org\/index.php\/wp-json\/wp\/v2\/users\/1"}],"replies":[{"embeddable":true,"href":"https:\/\/www.fener.org\/index.php\/wp-json\/wp\/v2\/comments?post=29799"}],"version-history":[{"count":1,"href":"https:\/\/www.fener.org\/index.php\/wp-json\/wp\/v2\/posts\/29799\/revisions"}],"predecessor-version":[{"id":29800,"href":"https:\/\/www.fener.org\/index.php\/wp-json\/wp\/v2\/posts\/29799\/revisions\/29800"}],"wp:featuredmedia":[{"embeddable":true,"href":"https:\/\/www.fener.org\/index.php\/wp-json\/wp\/v2\/media\/29633"}],"wp:attachment":[{"href":"https:\/\/www.fener.org\/index.php\/wp-json\/wp\/v2\/media?parent=29799"}],"wp:term":[{"taxonomy":"category","embeddable":true,"href":"https:\/\/www.fener.org\/index.php\/wp-json\/wp\/v2\/categories?post=29799"},{"taxonomy":"post_tag","embeddable":true,"href":"https:\/\/www.fener.org\/index.php\/wp-json\/wp\/v2\/tags?post=29799"}],"curies":[{"name":"wp","href":"https:\/\/api.w.org\/{rel}","templated":true}]}}