{"id":29796,"date":"2026-01-20T16:33:43","date_gmt":"2026-01-20T13:33:43","guid":{"rendered":"https:\/\/www.fener.org\/?p=29796"},"modified":"2026-01-20T16:33:47","modified_gmt":"2026-01-20T13:33:47","slug":"olga-massombo-fenerbahce-arsavevde","status":"publish","type":"post","link":"https:\/\/www.fener.org\/index.php\/2026\/01\/20\/olga-massombo-fenerbahce-arsavevde\/","title":{"rendered":"Olga Massombo Fenerbah\u00e7e arsaVev&#8217;de"},"content":{"rendered":"\n<p>Fenerbah\u00e7e arsaVev Kad\u0131n Futbol Tak\u0131m\u0131m\u0131z, Amerika Kad\u0131nlar USL S\u00fcper Ligi tak\u0131mlar\u0131ndan Tampa Bay Sun formas\u0131 giyen 26 ya\u015f\u0131ndaki orta saha oyuncusu Olga Massombo\u2019yu ezon sonuna kadar renklerine ba\u011flad\u0131.<\/p>\n\n\n\n<p>Kul\u00fcb\u00fcm\u00fczden yap\u0131lan a\u00e7\u0131klamada \u015f\u00f6yle denildi:<\/p>\n\n\n\n<blockquote class=\"wp-block-quote is-layout-flow wp-block-quote-is-layout-flow\">\n<p>Fenerbah\u00e7e arsaVev Kad\u0131n Futbol Tak\u0131m\u0131m\u0131z, Amerika Kad\u0131nlar USL S\u00fcper Ligi tak\u0131mlar\u0131ndan Tampa Bay Sun formas\u0131 giyen orta saha oyuncusu Olga Massombo\u2019yu kadrosuna katt\u0131.<br><br>Chobani Stadyumu Fenerbah\u00e7e \u015e\u00fckr\u00fc Saraco\u011flu Spor Kompleksi\u2019nde ger\u00e7ekle\u015ftirilen imza t\u00f6reninde, Ba\u015fkan\u0131m\u0131z Sadettin Saran ve Kad\u0131n Futboldan Sorumlu Y\u00f6netim Kurulu \u00dcyemiz Ufuk \u015eansal da bulundu.<br><br>Kongo Kad\u0131n A Milli Futbol Tak\u0131m\u0131 formas\u0131 da giyen 26 ya\u015f\u0131ndaki futbolcu, kendisini sezon sonuna kadar sar\u0131 lacivert renklere ba\u011flayan s\u00f6zle\u015fmeye imza att\u0131.<br><br>Oyuncumuza \u2018Kul\u00fcb\u00fcm\u00fcze Ho\u015f Geldin\u2019 diyor; \u00e7ubuklu formam\u0131zla nice ba\u015far\u0131lar diliyoruz.<br><br><strong>Fenerbah\u00e7e Spor Kul\u00fcb\u00fc<\/strong><\/p>\n<\/blockquote>\n","protected":false},"excerpt":{"rendered":"<p>Fenerbah\u00e7e arsaVev Kad\u0131n Futbol Tak\u0131m\u0131m\u0131z, Amerika Kad\u0131nlar USL S\u00fcper Ligi tak\u0131mlar\u0131ndan Tampa Bay Sun formas\u0131 giyen 26 ya\u015f\u0131ndaki orta saha oyuncusu Olga Massombo\u2019yu ezon sonuna kadar renklerine ba\u011flad\u0131. Kul\u00fcb\u00fcm\u00fczden yap\u0131lan a\u00e7\u0131klamada \u015f\u00f6yle denildi: Fenerbah\u00e7e arsaVev Kad\u0131n Futbol Tak\u0131m\u0131m\u0131z, Amerika Kad\u0131nlar USL S\u00fcper Ligi tak\u0131mlar\u0131ndan Tampa Bay Sun formas\u0131 giyen orta saha oyuncusu Olga Massombo\u2019yu kadrosuna [&hellip;]<\/p>\n","protected":false},"author":1,"featured_media":29797,"comment_status":"closed","ping_status":"closed","sticky":false,"template":"","format":"standard","meta":{"jnews-multi-image_gallery":[],"jnews_single_post":{"format":"standard","override":[{"template":"1","parallax":"1","fullscreen":"1","layout":"right-sidebar","sidebar":"mysidebar","second_sidebar":"default-sidebar","sticky_sidebar":"1","share_position":"float","share_float_style":"share-normal","show_share_counter":"1","show_view_counter":"1","show_featured":"1","show_post_meta":"1","show_post_author_image":"1","show_post_date":"1","post_date_format":"default","post_date_format_custom":"Y\/m\/d","show_post_reading_time":"0","post_reading_time_wpm":"300","post_calculate_word_method":"str_word_count","show_zoom_button":"0","zoom_button_out_step":"2","zoom_button_in_step":"3","show_prev_next_post":"1","show_comment_section":"1","number_popup_post":"3","show_author_box":"0","show_post_related":"0","show_inline_post_related":"0"}],"image_override":[{"single_post_thumbnail_size":"crop-500","single_post_gallery_size":"crop-500"}],"trending_post_position":"meta","trending_post_label":"Trending","sponsored_post_label":"Sponsored by","disable_ad":"0","subtitle":"Fenerbah\u00e7e Kad\u0131n Futbol Tak\u0131m\u0131m\u0131z, orta saha oyuncusu Olga Massombo\u2019yu kadrosuna katt\u0131."},"jnews_primary_category":{"id":"4"},"jnews_social_meta":[],"jnews_override_counter":{"view_counter_number":"0","share_counter_number":"0","like_counter_number":"0","dislike_counter_number":"0"},"footnotes":""},"categories":[4,2,191],"tags":[23,192],"class_list":["post-29796","post","type-post","status-publish","format-standard","has-post-thumbnail","hentry","category-futbol","category-haberler","category-kadin-futbol","tag-fenerbahce","tag-kadinfutbol"],"amp_enabled":true,"_links":{"self":[{"href":"https:\/\/www.fener.org\/index.php\/wp-json\/wp\/v2\/posts\/29796","targetHints":{"allow":["GET"]}}],"collection":[{"href":"https:\/\/www.fener.org\/index.php\/wp-json\/wp\/v2\/posts"}],"about":[{"href":"https:\/\/www.fener.org\/index.php\/wp-json\/wp\/v2\/types\/post"}],"author":[{"embeddable":true,"href":"https:\/\/www.fener.org\/index.php\/wp-json\/wp\/v2\/users\/1"}],"replies":[{"embeddable":true,"href":"https:\/\/www.fener.org\/index.php\/wp-json\/wp\/v2\/comments?post=29796"}],"version-history":[{"count":1,"href":"https:\/\/www.fener.org\/index.php\/wp-json\/wp\/v2\/posts\/29796\/revisions"}],"predecessor-version":[{"id":29798,"href":"https:\/\/www.fener.org\/index.php\/wp-json\/wp\/v2\/posts\/29796\/revisions\/29798"}],"wp:featuredmedia":[{"embeddable":true,"href":"https:\/\/www.fener.org\/index.php\/wp-json\/wp\/v2\/media\/29797"}],"wp:attachment":[{"href":"https:\/\/www.fener.org\/index.php\/wp-json\/wp\/v2\/media?parent=29796"}],"wp:term":[{"taxonomy":"category","embeddable":true,"href":"https:\/\/www.fener.org\/index.php\/wp-json\/wp\/v2\/categories?post=29796"},{"taxonomy":"post_tag","embeddable":true,"href":"https:\/\/www.fener.org\/index.php\/wp-json\/wp\/v2\/tags?post=29796"}],"curies":[{"name":"wp","href":"https:\/\/api.w.org\/{rel}","templated":true}]}}