{"id":29789,"date":"2026-01-18T19:40:00","date_gmt":"2026-01-18T16:40:00","guid":{"rendered":"https:\/\/www.fener.org\/?p=29789"},"modified":"2026-01-19T08:07:07","modified_gmt":"2026-01-19T05:07:07","slug":"kurekcilerimizden-turkiye-salon-kurek-sampiyonasinda-9-kupa","status":"publish","type":"post","link":"https:\/\/www.fener.org\/index.php\/2026\/01\/18\/kurekcilerimizden-turkiye-salon-kurek-sampiyonasinda-9-kupa\/","title":{"rendered":"K\u00fcrek\u00e7ilerimizden T\u00fcrkiye Salon K\u00fcrek \u015eampiyonas\u0131\u2019nda 9 kupa"},"content":{"rendered":"\n<p>Fenerbah\u00e7eli sporcular, 2026 T\u00fcrkiye Salon K\u00fcrek \u015eampiyonas\u0131\u2019nda da zirvenin sahibi oldu. Fenerbah\u00e7e K\u00fcrek \u015eubemiz, m\u00fccadele etti\u011fi her kulvarda kupa kazand\u0131.<\/p>\n\n\n\n<p>2026 T\u00fcrkiye Salon K\u00fcrek \u015eampiyonas\u0131, 18 Ocak Pazar g\u00fcn\u00fc Atak\u00f6y Atletizm Salonu\u2019nda yap\u0131ld\u0131.<\/p>\n\n\n\n<p>Fenerbah\u00e7eli k\u00fcrek\u00e7iler, b\u00fcy\u00fckler kategorisinde hem erkeklerde hem de kad\u0131nlarda \u015fampiyon olurken, U23 erkekler kategorisinde de zirvede yer ald\u0131lar. Kad\u0131nlar b\u00fcy\u00fckler kategorisinde Elis \u00d6zbay birinci, Derin \u00d6zyi\u011fit \u00fc\u00e7\u00fcnc\u00fc oldu. Erkeklerde ise Ayd\u0131n \u0130nan\u00e7 \u015eahin ikinci, Eren Akba\u015f \u00fc\u00e7\u00fcnc\u00fc s\u0131ray\u0131 ald\u0131. U23 erkekler kategorisinde ise ilk \u00fc\u00e7 s\u0131ray\u0131 Fenerbah\u00e7eli sporcular olu\u015fturdu. Berat Kopal birinci, Baturalp Akdeniz ikinci, Alper \u015eevket Eren \u00fc\u00e7\u00fcnc\u00fc oldu.&nbsp;<\/p>\n\n\n\n<p>U19 kategorisinde k\u0131zlarda birinci olan ekibimiz, erkeklerde ise \u00fc\u00e7\u00fcnc\u00fc s\u0131ray\u0131 ald\u0131.&nbsp; U17 kategorisinde ise sporcular\u0131m\u0131z k\u0131zlarda ikinci, erkeklerde \u00fc\u00e7\u00fcnc\u00fc oldu. U15 kategorisinde de sporcular\u0131m\u0131z erkeklerde birinci, k\u0131zlarda ikinci s\u0131ray\u0131 ald\u0131.<\/p>\n","protected":false},"excerpt":{"rendered":"<p>Fenerbah\u00e7eli sporcular, 2026 T\u00fcrkiye Salon K\u00fcrek \u015eampiyonas\u0131\u2019nda da zirvenin sahibi oldu. Fenerbah\u00e7e K\u00fcrek \u015eubemiz, m\u00fccadele etti\u011fi her kulvarda kupa kazand\u0131. 2026 T\u00fcrkiye Salon K\u00fcrek \u015eampiyonas\u0131, 18 Ocak Pazar g\u00fcn\u00fc Atak\u00f6y Atletizm Salonu\u2019nda yap\u0131ld\u0131. Fenerbah\u00e7eli k\u00fcrek\u00e7iler, b\u00fcy\u00fckler kategorisinde hem erkeklerde hem de kad\u0131nlarda \u015fampiyon olurken, U23 erkekler kategorisinde de zirvede yer ald\u0131lar. Kad\u0131nlar b\u00fcy\u00fckler kategorisinde Elis [&hellip;]<\/p>\n","protected":false},"author":1,"featured_media":1283,"comment_status":"closed","ping_status":"closed","sticky":false,"template":"","format":"standard","meta":{"jnews-multi-image_gallery":[],"jnews_single_post":{"format":"standard","override":[{"template":"1","parallax":"1","fullscreen":"1","layout":"right-sidebar","sidebar":"mysidebar","second_sidebar":"default-sidebar","sticky_sidebar":"1","share_position":"float","share_float_style":"share-normal","show_share_counter":"1","show_view_counter":"1","show_featured":"1","show_post_meta":"1","show_post_author_image":"1","show_post_date":"1","post_date_format":"default","post_date_format_custom":"Y\/m\/d","show_post_reading_time":"0","post_reading_time_wpm":"300","post_calculate_word_method":"str_word_count","show_zoom_button":"0","zoom_button_out_step":"2","zoom_button_in_step":"3","show_prev_next_post":"1","show_comment_section":"1","number_popup_post":"3","show_author_box":"0","show_post_related":"0","show_inline_post_related":"0"}],"image_override":[{"single_post_thumbnail_size":"crop-500","single_post_gallery_size":"crop-500"}],"trending_post_position":"meta","trending_post_label":"Trending","sponsored_post_label":"Sponsored by","disable_ad":"0"},"jnews_primary_category":{"id":"11"},"jnews_social_meta":[],"jnews_override_counter":{"view_counter_number":"0","share_counter_number":"0","like_counter_number":"0","dislike_counter_number":"0"},"footnotes":""},"categories":[2,11],"tags":[23,30],"class_list":["post-29789","post","type-post","status-publish","format-standard","has-post-thumbnail","hentry","category-haberler","category-kurek","tag-fenerbahce","tag-kurek"],"amp_enabled":true,"_links":{"self":[{"href":"https:\/\/www.fener.org\/index.php\/wp-json\/wp\/v2\/posts\/29789","targetHints":{"allow":["GET"]}}],"collection":[{"href":"https:\/\/www.fener.org\/index.php\/wp-json\/wp\/v2\/posts"}],"about":[{"href":"https:\/\/www.fener.org\/index.php\/wp-json\/wp\/v2\/types\/post"}],"author":[{"embeddable":true,"href":"https:\/\/www.fener.org\/index.php\/wp-json\/wp\/v2\/users\/1"}],"replies":[{"embeddable":true,"href":"https:\/\/www.fener.org\/index.php\/wp-json\/wp\/v2\/comments?post=29789"}],"version-history":[{"count":1,"href":"https:\/\/www.fener.org\/index.php\/wp-json\/wp\/v2\/posts\/29789\/revisions"}],"predecessor-version":[{"id":29790,"href":"https:\/\/www.fener.org\/index.php\/wp-json\/wp\/v2\/posts\/29789\/revisions\/29790"}],"wp:featuredmedia":[{"embeddable":true,"href":"https:\/\/www.fener.org\/index.php\/wp-json\/wp\/v2\/media\/1283"}],"wp:attachment":[{"href":"https:\/\/www.fener.org\/index.php\/wp-json\/wp\/v2\/media?parent=29789"}],"wp:term":[{"taxonomy":"category","embeddable":true,"href":"https:\/\/www.fener.org\/index.php\/wp-json\/wp\/v2\/categories?post=29789"},{"taxonomy":"post_tag","embeddable":true,"href":"https:\/\/www.fener.org\/index.php\/wp-json\/wp\/v2\/tags?post=29789"}],"curies":[{"name":"wp","href":"https:\/\/api.w.org\/{rel}","templated":true}]}}