{"id":29787,"date":"2026-01-18T18:45:00","date_gmt":"2026-01-18T15:45:00","guid":{"rendered":"https:\/\/www.fener.org\/?p=29787"},"modified":"2026-01-19T08:02:30","modified_gmt":"2026-01-19T05:02:30","slug":"futbol-akademi-takimlarimizin-mac-sonuclari-6","status":"publish","type":"post","link":"https:\/\/www.fener.org\/index.php\/2026\/01\/18\/futbol-akademi-takimlarimizin-mac-sonuclari-6\/","title":{"rendered":"Futbol Akademi Tak\u0131mlar\u0131m\u0131z\u0131n ma\u00e7 sonu\u00e7lar\u0131"},"content":{"rendered":"\n<p>Fenerbah\u00e7e U14, U15 ve U19 Tak\u0131mlar\u0131m\u0131z bug\u00fcn lig ma\u00e7lar\u0131na \u00e7\u0131kt\u0131.<br><br><strong>Esenler Erokspor 1-1 Fenerbah\u00e7e (U14)<\/strong><br><br>Fenerbah\u00e7e U14 Tak\u0131m\u0131m\u0131z, U14 Geli\u015fim Ligi 19. hafta m\u00fccadelesinde Esenler Erokspor\u2019a konuk oldu. Erokspor Tesisleri\u2019nde oynanan m\u00fccadele 1-1 e\u015fitlikle sonu\u00e7land\u0131. Ekibimiz puan\u0131n\u0131 41\u2019e \u00e7\u0131kararak zirve takibini s\u00fcrd\u00fcrd\u00fc.<br><br>Tak\u0131m\u0131m\u0131z\u0131n tek gol\u00fc 22. dakikada Miran Ares Arslan\u2019dan geldi.<br><br>Sar\u0131-Lacivertliler ligin 20. Haftas\u0131nda ise ikas Ey\u00fcpspor\u2019u a\u011f\u0131rlayacak.<br><br><strong>Esenler Erokspor 3-2 Fenerbah\u00e7e (U15)<\/strong><br><br>Fenerbah\u00e7e U15 Tak\u0131m\u0131m\u0131z, U15 Geli\u015fim Ligi 19. hafta m\u00fccadelesinde Esenler Erokspor\u2019a konuk oldu. Erokspor Tesisleri\u2019nde oynanan m\u00fccadele tak\u0131m\u0131m\u0131z\u0131n 3-2 ma\u011flubiyetiyle sona erdi.<br><br>Ekibimizin gollerini 8. ve 46. dakikalarda Yunus Emre Alkan kaydetti.<br><br>Tak\u0131m\u0131m\u0131z gelecek hafta ikas Ey\u00fcpspor\u2019u konuk edecek.<br><br><strong>C. Alanyaspor 3-1 Fenerbah\u00e7e (U19)<\/strong><br><br>Fenerbah\u00e7e U19 Tak\u0131m\u0131m\u0131z ise U19 PAF Ligi 18. hafta kar\u015f\u0131la\u015fmas\u0131nda Corendon Alanyaspor\u2019a konuk oldu. Milli Egemenlik Stadyumu\u2019nda oynanan kar\u015f\u0131la\u015fmadan ekibimiz 3-1 ma\u011flup ayr\u0131ld\u0131.<br><br>Tak\u0131m\u0131m\u0131z\u0131n tek gol\u00fc 57. dakikada Haydar Karata\u015f\u2019tan geldi.<br><br>U19 Tak\u0131m\u0131m\u0131z ligin 19. haftas\u0131nda G\u00f6ztepe\u2019yi a\u011f\u0131rlayacak.<\/p>\n","protected":false},"excerpt":{"rendered":"<p>Fenerbah\u00e7e U14, U15 ve U19 Tak\u0131mlar\u0131m\u0131z bug\u00fcn lig ma\u00e7lar\u0131na \u00e7\u0131kt\u0131. Esenler Erokspor 1-1 Fenerbah\u00e7e (U14) Fenerbah\u00e7e U14 Tak\u0131m\u0131m\u0131z, U14 Geli\u015fim Ligi 19. hafta m\u00fccadelesinde Esenler Erokspor\u2019a konuk oldu. Erokspor Tesisleri\u2019nde oynanan m\u00fccadele 1-1 e\u015fitlikle sonu\u00e7land\u0131. Ekibimiz puan\u0131n\u0131 41\u2019e \u00e7\u0131kararak zirve takibini s\u00fcrd\u00fcrd\u00fc. Tak\u0131m\u0131m\u0131z\u0131n tek gol\u00fc 22. dakikada Miran Ares Arslan\u2019dan geldi. Sar\u0131-Lacivertliler ligin 20. Haftas\u0131nda [&hellip;]<\/p>\n","protected":false},"author":1,"featured_media":1278,"comment_status":"closed","ping_status":"closed","sticky":false,"template":"","format":"standard","meta":{"jnews-multi-image_gallery":[],"jnews_single_post":{"format":"standard","override":[{"template":"1","parallax":"1","fullscreen":"1","layout":"right-sidebar","sidebar":"mysidebar","second_sidebar":"default-sidebar","sticky_sidebar":"1","share_position":"float","share_float_style":"share-normal","show_share_counter":"1","show_view_counter":"1","show_featured":"1","show_post_meta":"1","show_post_author_image":"1","show_post_date":"1","post_date_format":"default","post_date_format_custom":"Y\/m\/d","show_post_reading_time":"0","post_reading_time_wpm":"300","post_calculate_word_method":"str_word_count","show_zoom_button":"0","zoom_button_out_step":"2","zoom_button_in_step":"3","show_prev_next_post":"1","show_comment_section":"1","number_popup_post":"3","show_author_box":"0","show_post_related":"0","show_inline_post_related":"0"}],"image_override":[{"single_post_thumbnail_size":"crop-500","single_post_gallery_size":"crop-500"}],"trending_post_position":"meta","trending_post_label":"Trending","sponsored_post_label":"Sponsored by","disable_ad":"0"},"jnews_primary_category":{"id":"4"},"jnews_social_meta":[],"jnews_override_counter":{"view_counter_number":"0","share_counter_number":"0","like_counter_number":"0","dislike_counter_number":"0"},"footnotes":""},"categories":[4,17,2],"tags":[23,54],"class_list":["post-29787","post","type-post","status-publish","format-standard","has-post-thumbnail","hentry","category-futbol","category-futbol-altyapi","category-haberler","tag-fenerbahce","tag-futbol"],"amp_enabled":true,"_links":{"self":[{"href":"https:\/\/www.fener.org\/index.php\/wp-json\/wp\/v2\/posts\/29787","targetHints":{"allow":["GET"]}}],"collection":[{"href":"https:\/\/www.fener.org\/index.php\/wp-json\/wp\/v2\/posts"}],"about":[{"href":"https:\/\/www.fener.org\/index.php\/wp-json\/wp\/v2\/types\/post"}],"author":[{"embeddable":true,"href":"https:\/\/www.fener.org\/index.php\/wp-json\/wp\/v2\/users\/1"}],"replies":[{"embeddable":true,"href":"https:\/\/www.fener.org\/index.php\/wp-json\/wp\/v2\/comments?post=29787"}],"version-history":[{"count":1,"href":"https:\/\/www.fener.org\/index.php\/wp-json\/wp\/v2\/posts\/29787\/revisions"}],"predecessor-version":[{"id":29788,"href":"https:\/\/www.fener.org\/index.php\/wp-json\/wp\/v2\/posts\/29787\/revisions\/29788"}],"wp:featuredmedia":[{"embeddable":true,"href":"https:\/\/www.fener.org\/index.php\/wp-json\/wp\/v2\/media\/1278"}],"wp:attachment":[{"href":"https:\/\/www.fener.org\/index.php\/wp-json\/wp\/v2\/media?parent=29787"}],"wp:term":[{"taxonomy":"category","embeddable":true,"href":"https:\/\/www.fener.org\/index.php\/wp-json\/wp\/v2\/categories?post=29787"},{"taxonomy":"post_tag","embeddable":true,"href":"https:\/\/www.fener.org\/index.php\/wp-json\/wp\/v2\/tags?post=29787"}],"curies":[{"name":"wp","href":"https:\/\/api.w.org\/{rel}","templated":true}]}}