{"id":29769,"date":"2026-01-18T17:24:03","date_gmt":"2026-01-18T14:24:03","guid":{"rendered":"https:\/\/www.fener.org\/?p=29769"},"modified":"2026-01-18T17:24:08","modified_gmt":"2026-01-18T14:24:08","slug":"spor-toto-3-1-fenerbahce-medicana-2","status":"publish","type":"post","link":"https:\/\/www.fener.org\/index.php\/2026\/01\/18\/spor-toto-3-1-fenerbahce-medicana-2\/","title":{"rendered":"Spor Toto 3-1 Fenerbah\u00e7e Medicana"},"content":{"rendered":"\n<p>Fenerbah\u00e7e Medicana Erkek Voleybol Tak\u0131m\u0131m\u0131z, SMS Grup Efeler Ligi\u2019nin 15. haftas\u0131nda konuk oldu\u011fu Spor Toto\u2019ya 3-1 ma\u011flup oldu. Kar\u015f\u0131la\u015fman\u0131n setleri 25-19, 25-27, 25-23, 25-23 sonu\u00e7land\u0131.<\/p>\n\n\n\n<p>TVF Ziraat Bankkart Voleybol Salonu&#8217;nda oynanan ma\u00e7a Marko Mert Matic, Yi\u011fit G\u00fclmezo\u011flu, Earwin Ngapeth, Adis Lagumdzija, B. Chinenyeze, Fabian Drzyzga ve libero Burutay Suba\u015f\u0131 ile ma\u00e7a ba\u015flayan ekibimiz, ilk seti 25-19 kaybederken, ikinci seti 25-27 kazand\u0131. \u00dc\u00e7\u00fcnc\u00fc ve d\u00f6rd\u00fcnc\u00fc setleri 25-23 geride noktalayan tak\u0131m\u0131m\u0131z m\u00fccadeleden 3-1 ma\u011flup ayr\u0131ld\u0131.<\/p>\n\n\n\n<p>Fenerbah\u00e7e Medicana, CEV Kupas\u0131 8&#8217;li final turu ilk ma\u00e7\u0131nda OK Alpacem Kanal\u2019\u0131 konuk edecek. &nbsp;21 Ocak \u00c7ar\u015famba g\u00fcn\u00fc Sportna Dvorana\u2019da oynanacak ma\u00e7 saat 21.00\u2019de ba\u015flayacak.<\/p>\n","protected":false},"excerpt":{"rendered":"<p>Fenerbah\u00e7e Medicana Erkek Voleybol Tak\u0131m\u0131m\u0131z, SMS Grup Efeler Ligi\u2019nin 15. haftas\u0131nda konuk oldu\u011fu Spor Toto\u2019ya 3-1 ma\u011flup oldu. Kar\u015f\u0131la\u015fman\u0131n setleri 25-19, 25-27, 25-23, 25-23 sonu\u00e7land\u0131. TVF Ziraat Bankkart Voleybol Salonu&#8217;nda oynanan ma\u00e7a Marko Mert Matic, Yi\u011fit G\u00fclmezo\u011flu, Earwin Ngapeth, Adis Lagumdzija, B. Chinenyeze, Fabian Drzyzga ve libero Burutay Suba\u015f\u0131 ile ma\u00e7a ba\u015flayan ekibimiz, ilk seti [&hellip;]<\/p>\n","protected":false},"author":1,"featured_media":29770,"comment_status":"closed","ping_status":"closed","sticky":false,"template":"","format":"standard","meta":{"jnews-multi-image_gallery":[],"jnews_single_post":{"format":"standard","override":[{"template":"1","parallax":"1","fullscreen":"1","layout":"right-sidebar","sidebar":"mysidebar","second_sidebar":"default-sidebar","sticky_sidebar":"1","share_position":"float","share_float_style":"share-normal","show_share_counter":"1","show_view_counter":"1","show_featured":"1","show_post_meta":"1","show_post_author_image":"1","show_post_date":"1","post_date_format":"default","post_date_format_custom":"Y\/m\/d","show_post_reading_time":"0","post_reading_time_wpm":"300","post_calculate_word_method":"str_word_count","show_zoom_button":"0","zoom_button_out_step":"2","zoom_button_in_step":"3","show_prev_next_post":"1","show_comment_section":"1","number_popup_post":"3","show_author_box":"0","show_post_related":"0","show_inline_post_related":"0"}],"image_override":[{"single_post_thumbnail_size":"crop-500","single_post_gallery_size":"crop-500"}],"trending_post_position":"meta","trending_post_label":"Trending","sponsored_post_label":"Sponsored by","disable_ad":"0","subtitle":"Fenerbah\u00e7e Erkek Voleybol Tak\u0131m\u0131m\u0131z, Efeler Ligi\u2019nin 15. haftas\u0131nda deplasmanda kar\u015f\u0131la\u015ft\u0131\u011f\u0131 Spor Toto\u2019ya 3-1 yenildi."},"jnews_primary_category":{"id":"8"},"jnews_social_meta":[],"jnews_override_counter":{"view_counter_number":"0","share_counter_number":"0","like_counter_number":"0","dislike_counter_number":"0"},"footnotes":""},"categories":[9,2,8],"tags":[23,29],"class_list":["post-29769","post","type-post","status-publish","format-standard","has-post-thumbnail","hentry","category-erkek-voleybol","category-haberler","category-voleybol","tag-fenerbahce","tag-voleybol"],"amp_enabled":true,"_links":{"self":[{"href":"https:\/\/www.fener.org\/index.php\/wp-json\/wp\/v2\/posts\/29769","targetHints":{"allow":["GET"]}}],"collection":[{"href":"https:\/\/www.fener.org\/index.php\/wp-json\/wp\/v2\/posts"}],"about":[{"href":"https:\/\/www.fener.org\/index.php\/wp-json\/wp\/v2\/types\/post"}],"author":[{"embeddable":true,"href":"https:\/\/www.fener.org\/index.php\/wp-json\/wp\/v2\/users\/1"}],"replies":[{"embeddable":true,"href":"https:\/\/www.fener.org\/index.php\/wp-json\/wp\/v2\/comments?post=29769"}],"version-history":[{"count":1,"href":"https:\/\/www.fener.org\/index.php\/wp-json\/wp\/v2\/posts\/29769\/revisions"}],"predecessor-version":[{"id":29771,"href":"https:\/\/www.fener.org\/index.php\/wp-json\/wp\/v2\/posts\/29769\/revisions\/29771"}],"wp:featuredmedia":[{"embeddable":true,"href":"https:\/\/www.fener.org\/index.php\/wp-json\/wp\/v2\/media\/29770"}],"wp:attachment":[{"href":"https:\/\/www.fener.org\/index.php\/wp-json\/wp\/v2\/media?parent=29769"}],"wp:term":[{"taxonomy":"category","embeddable":true,"href":"https:\/\/www.fener.org\/index.php\/wp-json\/wp\/v2\/categories?post=29769"},{"taxonomy":"post_tag","embeddable":true,"href":"https:\/\/www.fener.org\/index.php\/wp-json\/wp\/v2\/tags?post=29769"}],"curies":[{"name":"wp","href":"https:\/\/api.w.org\/{rel}","templated":true}]}}