{"id":29742,"date":"2026-01-16T23:58:48","date_gmt":"2026-01-16T20:58:48","guid":{"rendered":"https:\/\/www.fener.org\/?p=29742"},"modified":"2026-01-16T23:58:53","modified_gmt":"2026-01-16T20:58:53","slug":"sarunas-jasikevicius-takimimizi-ve-taraftarlarimizi-tebrik-ediyorum","status":"publish","type":"post","link":"https:\/\/www.fener.org\/index.php\/2026\/01\/16\/sarunas-jasikevicius-takimimizi-ve-taraftarlarimizi-tebrik-ediyorum\/","title":{"rendered":"Sarunas Jasikevicius: Tak\u0131m\u0131m\u0131z\u0131 ve taraftarlar\u0131m\u0131z\u0131 tebrik ediyorum"},"content":{"rendered":"\n<p>Ba\u015fantren\u00f6r\u00fcm\u00fcz Sarunas Jasikevicius, Fenerbah\u00e7e Beko Erkek Basketbol Tak\u0131m\u0131m\u0131z\u0131n Valencia Basket\u2019i 82-79 ma\u011flup etti\u011fi ma\u00e7\u0131n ard\u0131ndan d\u00fczenlenen bas\u0131n toplant\u0131s\u0131nda a\u00e7\u0131klamalarda bulundu. Ma\u00e7\u0131 de\u011ferlendiren ve sorular\u0131 yan\u0131tlayan Jasikevicius, \u015fu ifadeleri kulland\u0131:<\/p>\n\n\n\n<blockquote class=\"wp-block-quote is-layout-flow wp-block-quote-is-layout-flow\">\n<p>\u201cTak\u0131m\u0131m\u0131z\u0131 ve taraftarlar\u0131m\u0131z\u0131 tebrik ediyorum. \u00d6zellikle taraftarlar\u0131m\u0131za te\u015fekk\u00fcr ediyorum. Harika bir kat\u0131l\u0131m ve atmosfer vard\u0131. A\u00e7\u0131k s\u00f6ylemek gerekirse bence ilk yar\u0131da sezonun en iyi performanslar\u0131ndan birini sergiledik. \u00c7ok disiplinliydik. Savunmada etkili ve tempoyu kontrol ettik. Sezonun bu b\u00f6l\u00fcm\u00fcnde olabilecek en iyi performanslardan birini sergiledik. Bu noktada oyundaki pozitifleri almaya \u00e7al\u0131\u015fmal\u0131y\u0131z. \u0130lk yar\u0131da neleri yapmam\u0131z gerekti\u011fi konusundaki dersleri, ikinci yar\u0131da da neleri yapmamam\u0131z gerekti\u011fi konusundaki dersleri almam\u0131z gereken bir kar\u015f\u0131la\u015fma oldu ama her zaman dedi\u011fim gibi sezonun bu b\u00f6l\u00fcm\u00fcnde kazanarak, mutlu olmaya devam etmeliyiz.<\/p>\n\n\n\n<p>\u0130leride de ayn\u0131 katk\u0131y\u0131 vermesini umuyoruz. De Colo karakteristik olarak \u00e7ok \u00f6zel oyuncu. Ona sahip oldu\u011fum i\u00e7in \u00e7ok mutluyum. Tecr\u00fcbesi \u00e7ok farkl\u0131. Onu hi\u00e7bir zaman \u015fa\u015f\u0131rtam\u0131yorsunuz. O her \u015feyi biliyor. \u00d6n\u00fcm\u00fczde zaman var ve ayn\u0131 \u015fekilde devam etmeye \u00e7al\u0131\u015faca\u011f\u0131z.<\/p>\n\n\n\n<p>92 ortalamas\u0131yla oynayan bir tak\u0131m\u0131 79 say\u0131da tuttuk. Bu \u00e7ok \u00f6nemli. Savunmada bir\u00e7ok taktiksel detay var ama biz sezon ba\u015f\u0131ndaki kar\u015f\u0131la\u015fmaya g\u00f6re daha iyi durumday\u0131z. \u00c7ok fazla yeni oyuncumuz vard\u0131 ve EuroLeague\u2019de haz\u0131rl\u0131k d\u00f6nemleri daha k\u0131sa. Bu oyuncular biz de daha fazla vakit ge\u00e7irdi. Art\u0131k yeni oyuncular\u0131m\u0131z bilhassa Amerikal\u0131 oyuncular\u0131m\u0131z daha haz\u0131r durumdular. Hala tam haz\u0131r de\u011filiz ama \u015funu s\u00f6ylemeliyim ki 24 dakikada \u00e7ok iyi performans sergiledik. Bunun \u00fczerine koyarak devam etmek istiyoruz.<\/p>\n\n\n\n<p>\u0130\u015fimi yapmaya devam ediyorum. Burada olmaktan dolay\u0131 mutluyum. Her g\u00fcn buraya geliyorum ve elimden gelenin en iyisini yapmaya ve her zaman kazanmaya \u00e7al\u0131\u015f\u0131yorum. Daha sakin olmam gerekti\u011fini biliyorum. Hi\u00e7bir zaman tatmin olmuyorum. \u00c7ok rekabet\u00e7iyim. G\u00fc\u00e7l\u00fc yanlar\u0131mdan biri bu ama kesinlikle bence zaaflar\u0131mdan biri de bu. Her zaman rekabet\u00e7iydim. Oyuncu iken de antren\u00f6rken de b\u00f6yleyim. Daha sakin olmam gerekti\u011fini biliyorum. Kazand\u0131klar\u0131m\u0131z m\u00fczeye gidiyor ve orada kal\u0131yor. Biz ise her zaman ileriye daha fazlas\u0131n\u0131 kazanmaya bak\u0131yoruz.<\/p>\n\n\n\n<p>Brandon Boston Jr, Olympiacos ma\u00e7\u0131nda kesinlikle iyi performans sergiledi, bizim lehimize bir fakt\u00f6rd\u00fc. Dubai ma\u00e7\u0131nda da yine bir fakt\u00f6rd\u00fc ama bu kez rakibin lehine oldu. Bug\u00fcn kar\u015f\u0131la\u015fman\u0131n ilk yar\u0131s\u0131nda olduk\u00e7a gayet iyiydi. Bu i\u015f b\u00f6yle. Gen\u00e7 bir oyuncudan bahsediyoruz. Gen\u00e7 ve \u00e7ok iyi bir \u00e7ocuk. \u0130dmanlarda her zaman istediklerimizi yapmaya \u00e7al\u0131\u015f\u0131yor. 23-24 ya\u015f\u0131nda bir oyuncudan bahsediyoruz. Bu i\u015fin i\u00e7inde ini\u015fler ve \u00e7\u0131k\u0131\u015flar var. \u00c7ok normal. Biz ondan \u00e7ok mutluyuz. \u00c7ok iyi oyuncu ve s\u00f6ylediklerimizi uygulamaya \u00e7al\u0131\u015fan bir oyuncu.\u201d<\/p>\n<\/blockquote>\n","protected":false},"excerpt":{"rendered":"<p>Ba\u015fantren\u00f6r\u00fcm\u00fcz Sarunas Jasikevicius, Fenerbah\u00e7e Beko Erkek Basketbol Tak\u0131m\u0131m\u0131z\u0131n Valencia Basket\u2019i 82-79 ma\u011flup etti\u011fi ma\u00e7\u0131n ard\u0131ndan d\u00fczenlenen bas\u0131n toplant\u0131s\u0131nda a\u00e7\u0131klamalarda bulundu. Ma\u00e7\u0131 de\u011ferlendiren ve sorular\u0131 yan\u0131tlayan Jasikevicius, \u015fu ifadeleri kulland\u0131: \u201cTak\u0131m\u0131m\u0131z\u0131 ve taraftarlar\u0131m\u0131z\u0131 tebrik ediyorum. \u00d6zellikle taraftarlar\u0131m\u0131za te\u015fekk\u00fcr ediyorum. Harika bir kat\u0131l\u0131m ve atmosfer vard\u0131. A\u00e7\u0131k s\u00f6ylemek gerekirse bence ilk yar\u0131da sezonun en iyi performanslar\u0131ndan birini [&hellip;]<\/p>\n","protected":false},"author":1,"featured_media":29743,"comment_status":"closed","ping_status":"closed","sticky":false,"template":"","format":"standard","meta":{"jnews-multi-image_gallery":[],"jnews_single_post":{"format":"standard","override":[{"template":"1","parallax":"1","fullscreen":"1","layout":"right-sidebar","sidebar":"mysidebar","second_sidebar":"default-sidebar","sticky_sidebar":"1","share_position":"float","share_float_style":"share-normal","show_share_counter":"1","show_view_counter":"1","show_featured":"1","show_post_meta":"1","show_post_author_image":"1","show_post_date":"1","post_date_format":"default","post_date_format_custom":"Y\/m\/d","show_post_reading_time":"0","post_reading_time_wpm":"300","post_calculate_word_method":"str_word_count","show_zoom_button":"0","zoom_button_out_step":"2","zoom_button_in_step":"3","show_prev_next_post":"1","show_comment_section":"1","number_popup_post":"3","show_author_box":"0","show_post_related":"0","show_inline_post_related":"0"}],"image_override":[{"single_post_thumbnail_size":"crop-500","single_post_gallery_size":"crop-500"}],"trending_post_position":"meta","trending_post_label":"Trending","sponsored_post_label":"Sponsored by","disable_ad":"0","subtitle":"Ba\u015fantren\u00f6r\u00fcm\u00fcz Sarunas Jasikevicius, Tak\u0131m\u0131m\u0131z\u0131n Valencia Basket ile oynad\u0131\u011f\u0131 ma\u00e7\u0131n ard\u0131ndan de\u011ferlendirmelerde bulundu."},"jnews_primary_category":{"id":"5"},"jnews_social_meta":[],"jnews_override_counter":{"view_counter_number":"0","share_counter_number":"0","like_counter_number":"0","dislike_counter_number":"0"},"footnotes":""},"categories":[5,6,2],"tags":[24,74,23],"class_list":["post-29742","post","type-post","status-publish","format-standard","has-post-thumbnail","hentry","category-basketbol","category-erkek-basketbol","category-haberler","tag-basketbol","tag-euroleague","tag-fenerbahce"],"amp_enabled":true,"_links":{"self":[{"href":"https:\/\/www.fener.org\/index.php\/wp-json\/wp\/v2\/posts\/29742","targetHints":{"allow":["GET"]}}],"collection":[{"href":"https:\/\/www.fener.org\/index.php\/wp-json\/wp\/v2\/posts"}],"about":[{"href":"https:\/\/www.fener.org\/index.php\/wp-json\/wp\/v2\/types\/post"}],"author":[{"embeddable":true,"href":"https:\/\/www.fener.org\/index.php\/wp-json\/wp\/v2\/users\/1"}],"replies":[{"embeddable":true,"href":"https:\/\/www.fener.org\/index.php\/wp-json\/wp\/v2\/comments?post=29742"}],"version-history":[{"count":1,"href":"https:\/\/www.fener.org\/index.php\/wp-json\/wp\/v2\/posts\/29742\/revisions"}],"predecessor-version":[{"id":29744,"href":"https:\/\/www.fener.org\/index.php\/wp-json\/wp\/v2\/posts\/29742\/revisions\/29744"}],"wp:featuredmedia":[{"embeddable":true,"href":"https:\/\/www.fener.org\/index.php\/wp-json\/wp\/v2\/media\/29743"}],"wp:attachment":[{"href":"https:\/\/www.fener.org\/index.php\/wp-json\/wp\/v2\/media?parent=29742"}],"wp:term":[{"taxonomy":"category","embeddable":true,"href":"https:\/\/www.fener.org\/index.php\/wp-json\/wp\/v2\/categories?post=29742"},{"taxonomy":"post_tag","embeddable":true,"href":"https:\/\/www.fener.org\/index.php\/wp-json\/wp\/v2\/tags?post=29742"}],"curies":[{"name":"wp","href":"https:\/\/api.w.org\/{rel}","templated":true}]}}