{"id":29740,"date":"2026-01-16T23:14:20","date_gmt":"2026-01-16T20:14:20","guid":{"rendered":"https:\/\/www.fener.org\/?p=29740"},"modified":"2026-01-17T00:07:46","modified_gmt":"2026-01-16T21:07:46","slug":"fenerbahce-opet-dardanel-canakkale-belediyesporu-konuk-ediyor","status":"publish","type":"post","link":"https:\/\/www.fener.org\/index.php\/2026\/01\/16\/fenerbahce-opet-dardanel-canakkale-belediyesporu-konuk-ediyor\/","title":{"rendered":"Fenerbah\u00e7e Opet, Dardanel \u00c7anakkale Belediyespor\u2019u konuk ediyor"},"content":{"rendered":"\n<p>Fenerbah\u00e7e Opet Kad\u0131n Basketbol Tak\u0131m\u0131m\u0131z, Halkbank Kad\u0131nlar Basketbol S\u00fcper Ligi 16. hafta ma\u00e7\u0131nda Dardanel \u00c7anakkale Belediyespor\u2019u konuk ediyor. 17 Ocak Cumartesi (yar\u0131n) Metro Enerji Salonu\u2019nda oynanacak m\u00fccadele 13.00\u2019te ba\u015flayacak ve FB TV ile Fenerbah\u00e7e YouTube kanal\u0131ndan canl\u0131 yay\u0131nlanacak. M\u00fccadeleyi Mesut \u00d6zt\u00fcrk, \u0130smail Binbir ve Ali K\u00fc\u00e7\u00fckerdem hakem \u00fc\u00e7l\u00fcs\u00fc y\u00f6netecek.<\/p>\n\n\n\n<p>Fenerbah\u00e7e Opet Kad\u0131n Basketbol Tak\u0131m\u0131m\u0131z, Halkbank Kad\u0131nlar Basketbol S\u00fcper Ligi\u2019ndeki nama\u011flup y\u00fcr\u00fcy\u00fc\u015f\u00fcn\u00fc s\u00fcrd\u00fcr\u00fcyor. Son olarak OGM Ormanspor\u2019u evinde konuk eden ekibimiz sahadan 109-60\u2019l\u0131k skorla ge\u00e7ti. Fenerbah\u00e7e Opet\u2019in ligin 15. haftas\u0131nda Kocaeli Kad\u0131n Basketbol ile oynamas\u0131 gereken m\u00fccadele rakip tak\u0131m\u0131n ligden \u00e7ekilmesi sonucu tak\u0131m\u0131m\u0131z\u0131n lehine 20-0\u2019l\u0131k skorla sonu\u00e7land\u0131.<\/p>\n\n\n\n<p>EuroLeague Women\u2019da oynad\u0131\u011f\u0131 dokuz ma\u00e7ta sekiz galibiyeti bulunan Potan\u0131n Krali\u00e7eleri, F Grubu\u2019nda liderli\u011fini koruyor. Son olarak Basket Landes deplasman\u0131na \u00e7\u0131kan tak\u0131m\u0131m\u0131z, sahadan 80-61\u2019lik skorla ma\u011flup oldu.<\/p>\n\n\n\n<p>Antren\u00f6r Tu\u011f\u00e7e Canbaz taraf\u0131ndan \u00e7al\u0131\u015ft\u0131r\u0131lan Dardanel \u00c7anakkale Belediyespor, Halkbank Kad\u0131nlar Basketbol S\u00fcper Ligi\u2019nde oynad\u0131\u011f\u0131 14 ma\u00e7ta aldo\u011f\u0131 bir galibiyetle puan cetvelinin 10. s\u0131ras\u0131nda yer al\u0131yor. Son olarak Melikgazi Kayseri Basketbol\u2019u konuk eden rakibimiz sahadan 82-53\u2019l\u00fck skorla ma\u011flup ayr\u0131ld\u0131.<\/p>\n","protected":false},"excerpt":{"rendered":"<p>Fenerbah\u00e7e Opet Kad\u0131n Basketbol Tak\u0131m\u0131m\u0131z, Halkbank Kad\u0131nlar Basketbol S\u00fcper Ligi 16. hafta ma\u00e7\u0131nda Dardanel \u00c7anakkale Belediyespor\u2019u konuk ediyor. 17 Ocak Cumartesi (yar\u0131n) Metro Enerji Salonu\u2019nda oynanacak m\u00fccadele 13.00\u2019te ba\u015flayacak ve FB TV ile Fenerbah\u00e7e YouTube kanal\u0131ndan canl\u0131 yay\u0131nlanacak. M\u00fccadeleyi Mesut \u00d6zt\u00fcrk, \u0130smail Binbir ve Ali K\u00fc\u00e7\u00fckerdem hakem \u00fc\u00e7l\u00fcs\u00fc y\u00f6netecek. Fenerbah\u00e7e Opet Kad\u0131n Basketbol Tak\u0131m\u0131m\u0131z, Halkbank [&hellip;]<\/p>\n","protected":false},"author":1,"featured_media":29210,"comment_status":"closed","ping_status":"closed","sticky":false,"template":"","format":"standard","meta":{"jnews-multi-image_gallery":[],"jnews_single_post":{"format":"standard","override":[{"template":"1","parallax":"1","fullscreen":"1","layout":"right-sidebar","sidebar":"mysidebar","second_sidebar":"default-sidebar","sticky_sidebar":"1","share_position":"float","share_float_style":"share-normal","show_share_counter":"1","show_view_counter":"1","show_featured":"1","show_post_meta":"1","show_post_author_image":"1","show_post_date":"1","post_date_format":"default","post_date_format_custom":"Y\/m\/d","show_post_reading_time":"0","post_reading_time_wpm":"300","post_calculate_word_method":"str_word_count","show_zoom_button":"0","zoom_button_out_step":"2","zoom_button_in_step":"3","show_prev_next_post":"1","show_comment_section":"1","number_popup_post":"3","show_author_box":"0","show_post_related":"0","show_inline_post_related":"0"}],"image_override":[{"single_post_thumbnail_size":"crop-500","single_post_gallery_size":"crop-500"}],"trending_post_position":"meta","trending_post_label":"Trending","sponsored_post_label":"Sponsored by","disable_ad":"0","subtitle":"Fenerbah\u00e7e Kad\u0131n Basketbol Tak\u0131m\u0131m\u0131z, Kad\u0131nlar Basketbol S\u00fcper Ligi 16. haftas\u0131nda Dardanel \u00c7anakkale Belediyespor\u2019u a\u011f\u0131rl\u0131yor."},"jnews_primary_category":{"id":"5"},"jnews_social_meta":[],"jnews_override_counter":{"view_counter_number":"0","share_counter_number":"0","like_counter_number":"0","dislike_counter_number":"0"},"footnotes":""},"categories":[5,2,7],"tags":[24,23],"class_list":["post-29740","post","type-post","status-publish","format-standard","has-post-thumbnail","hentry","category-basketbol","category-haberler","category-kadin-basketbol","tag-basketbol","tag-fenerbahce"],"amp_enabled":true,"_links":{"self":[{"href":"https:\/\/www.fener.org\/index.php\/wp-json\/wp\/v2\/posts\/29740","targetHints":{"allow":["GET"]}}],"collection":[{"href":"https:\/\/www.fener.org\/index.php\/wp-json\/wp\/v2\/posts"}],"about":[{"href":"https:\/\/www.fener.org\/index.php\/wp-json\/wp\/v2\/types\/post"}],"author":[{"embeddable":true,"href":"https:\/\/www.fener.org\/index.php\/wp-json\/wp\/v2\/users\/1"}],"replies":[{"embeddable":true,"href":"https:\/\/www.fener.org\/index.php\/wp-json\/wp\/v2\/comments?post=29740"}],"version-history":[{"count":1,"href":"https:\/\/www.fener.org\/index.php\/wp-json\/wp\/v2\/posts\/29740\/revisions"}],"predecessor-version":[{"id":29741,"href":"https:\/\/www.fener.org\/index.php\/wp-json\/wp\/v2\/posts\/29740\/revisions\/29741"}],"wp:featuredmedia":[{"embeddable":true,"href":"https:\/\/www.fener.org\/index.php\/wp-json\/wp\/v2\/media\/29210"}],"wp:attachment":[{"href":"https:\/\/www.fener.org\/index.php\/wp-json\/wp\/v2\/media?parent=29740"}],"wp:term":[{"taxonomy":"category","embeddable":true,"href":"https:\/\/www.fener.org\/index.php\/wp-json\/wp\/v2\/categories?post=29740"},{"taxonomy":"post_tag","embeddable":true,"href":"https:\/\/www.fener.org\/index.php\/wp-json\/wp\/v2\/tags?post=29740"}],"curies":[{"name":"wp","href":"https:\/\/api.w.org\/{rel}","templated":true}]}}