{"id":29736,"date":"2026-01-16T23:06:29","date_gmt":"2026-01-16T20:06:29","guid":{"rendered":"https:\/\/www.fener.org\/?p=29736"},"modified":"2026-01-16T23:06:35","modified_gmt":"2026-01-16T20:06:35","slug":"fenerbahce-beko-82-79-valencia-basket","status":"publish","type":"post","link":"https:\/\/www.fener.org\/index.php\/2026\/01\/16\/fenerbahce-beko-82-79-valencia-basket\/","title":{"rendered":"Fenerbah\u00e7e Beko 82-79 Valencia Basket"},"content":{"rendered":"\n<p>Fenerbah\u00e7e Beko Erkek Basketbol Tak\u0131m\u0131m\u0131z, EuroLeague 22. hafta ma\u00e7\u0131nda Valencia Basket\u2019i a\u011f\u0131rlad\u0131. \u0130spanyol ekibini 82-79 yenen tak\u0131m\u0131m\u0131z, 14. galibiyetine imza att\u0131. 6 oyuncumuz \u00e7ift haneli rakamlara ula\u015f\u0131rken, De Colo 16 say\u0131yla en skorer ismimiz oldu.&nbsp;<\/p>\n\n\n\n<p>Kar\u015f\u0131la\u015fma \u00f6ncesi, Fenerbah\u00e7e Beko A\u011f\u0131rlama Paketi sat\u0131n alan taraftarlar\u0131m\u0131z, Yellow e\u015fli\u011finde T\u00fcrkiye\u2019nin ilk basketbol m\u00fczesi olan Fenerbah\u00e7e Basketbol M\u00fczesi\u2019ni gezme f\u0131rsat\u0131 yakalad\u0131.<\/p>\n\n\n\n<p>Talen Horton-Tucker, Devon Hall, Tar\u0131k Biberovic, Nicolo Melli ve Khem Birch be\u015fiyle ma\u00e7a ba\u015flayan ekibimiz, ilk b\u00f6l\u00fcmde Talen Horton-Tucker ile etkili olurken, benchten gelen oyuncular\u0131n da katk\u0131lar\u0131yla periyodu 28-20 \u00fcst\u00fcn ge\u00e7ti. \u0130kinci \u00e7eyrekte Valencia skoru 30-30\u2019da e\u015fitlerken,&nbsp; Fenerbah\u00e7e Beko Khem Birch ile skoru 35-31\u2019e ta\u015f\u0131d\u0131. (05.23) De Colo\u2019nun \u00fc\u00e7l\u00fc\u011f\u00fc ile fark\u0131 7\u2019ye \u00e7\u0131karan tak\u0131m\u0131m\u0131z, soyunma odas\u0131na da 45-34 \u00f6nde gitti. &nbsp;\u00dc\u00e7\u00fcnc\u00fc \u00e7eyre\u011fi 66-58 \u00f6nde ge\u00e7en ekibimiz, son \u00e7eyrekte konuk tak\u0131m geri d\u00f6n\u00fc\u015f \u00e7abas\u0131na izin vermedi ve m\u00fccadeleden 82-79 galip ayr\u0131ld\u0131. &nbsp;<\/p>\n\n\n\n<p>Fenerbah\u00e7e Beko, 18 Ocak Pazar g\u00fcn\u00fc Tofa\u015f\u2019\u0131 konuk edecek. M\u00fccadele saat 18.00\u2019de ba\u015flayacak.<\/p>\n\n\n\n<p><strong>Skor da\u011f\u0131l\u0131m\u0131m\u0131z: <\/strong>De Colo 16, Melli 12, Baldwin 11, Boston Jr. 11, Hall 10, Horton-Tucker 10, Biberovic 7, Birch 3, Jantunen 2.<\/p>\n","protected":false},"excerpt":{"rendered":"<p>Fenerbah\u00e7e Beko Erkek Basketbol Tak\u0131m\u0131m\u0131z, EuroLeague 22. hafta ma\u00e7\u0131nda Valencia Basket\u2019i a\u011f\u0131rlad\u0131. \u0130spanyol ekibini 82-79 yenen tak\u0131m\u0131m\u0131z, 14. galibiyetine imza att\u0131. 6 oyuncumuz \u00e7ift haneli rakamlara ula\u015f\u0131rken, De Colo 16 say\u0131yla en skorer ismimiz oldu.&nbsp; Kar\u015f\u0131la\u015fma \u00f6ncesi, Fenerbah\u00e7e Beko A\u011f\u0131rlama Paketi sat\u0131n alan taraftarlar\u0131m\u0131z, Yellow e\u015fli\u011finde T\u00fcrkiye\u2019nin ilk basketbol m\u00fczesi olan Fenerbah\u00e7e Basketbol M\u00fczesi\u2019ni gezme [&hellip;]<\/p>\n","protected":false},"author":1,"featured_media":29737,"comment_status":"closed","ping_status":"closed","sticky":false,"template":"","format":"standard","meta":{"jnews-multi-image_gallery":[],"jnews_single_post":{"format":"standard","override":[{"template":"1","parallax":"1","fullscreen":"1","layout":"right-sidebar","sidebar":"mysidebar","second_sidebar":"default-sidebar","sticky_sidebar":"1","share_position":"float","share_float_style":"share-normal","show_share_counter":"1","show_view_counter":"1","show_featured":"1","show_post_meta":"1","show_post_author_image":"1","show_post_date":"1","post_date_format":"default","post_date_format_custom":"Y\/m\/d","show_post_reading_time":"0","post_reading_time_wpm":"300","post_calculate_word_method":"str_word_count","show_zoom_button":"0","zoom_button_out_step":"2","zoom_button_in_step":"3","show_prev_next_post":"1","show_comment_section":"1","number_popup_post":"3","show_author_box":"0","show_post_related":"0","show_inline_post_related":"0"}],"image_override":[{"single_post_thumbnail_size":"crop-500","single_post_gallery_size":"crop-500"}],"trending_post_position":"meta","trending_post_label":"Trending","sponsored_post_label":"Sponsored by","disable_ad":"0","subtitle":"Fenerbah\u00e7e Erkek Basketbol Tak\u0131m\u0131m\u0131z, EuroLeague 22. haftas\u0131nda Valencia Basket\u2019i konuk etti\u011fi ma\u00e7tan 82-79 galip ayr\u0131ld\u0131."},"jnews_primary_category":{"id":"5"},"jnews_social_meta":[],"jnews_override_counter":{"view_counter_number":"0","share_counter_number":"0","like_counter_number":"0","dislike_counter_number":"0"},"footnotes":""},"categories":[5,6,2],"tags":[24,74,23],"class_list":["post-29736","post","type-post","status-publish","format-standard","has-post-thumbnail","hentry","category-basketbol","category-erkek-basketbol","category-haberler","tag-basketbol","tag-euroleague","tag-fenerbahce"],"amp_enabled":true,"_links":{"self":[{"href":"https:\/\/www.fener.org\/index.php\/wp-json\/wp\/v2\/posts\/29736","targetHints":{"allow":["GET"]}}],"collection":[{"href":"https:\/\/www.fener.org\/index.php\/wp-json\/wp\/v2\/posts"}],"about":[{"href":"https:\/\/www.fener.org\/index.php\/wp-json\/wp\/v2\/types\/post"}],"author":[{"embeddable":true,"href":"https:\/\/www.fener.org\/index.php\/wp-json\/wp\/v2\/users\/1"}],"replies":[{"embeddable":true,"href":"https:\/\/www.fener.org\/index.php\/wp-json\/wp\/v2\/comments?post=29736"}],"version-history":[{"count":2,"href":"https:\/\/www.fener.org\/index.php\/wp-json\/wp\/v2\/posts\/29736\/revisions"}],"predecessor-version":[{"id":29739,"href":"https:\/\/www.fener.org\/index.php\/wp-json\/wp\/v2\/posts\/29736\/revisions\/29739"}],"wp:featuredmedia":[{"embeddable":true,"href":"https:\/\/www.fener.org\/index.php\/wp-json\/wp\/v2\/media\/29737"}],"wp:attachment":[{"href":"https:\/\/www.fener.org\/index.php\/wp-json\/wp\/v2\/media?parent=29736"}],"wp:term":[{"taxonomy":"category","embeddable":true,"href":"https:\/\/www.fener.org\/index.php\/wp-json\/wp\/v2\/categories?post=29736"},{"taxonomy":"post_tag","embeddable":true,"href":"https:\/\/www.fener.org\/index.php\/wp-json\/wp\/v2\/tags?post=29736"}],"curies":[{"name":"wp","href":"https:\/\/api.w.org\/{rel}","templated":true}]}}