{"id":29733,"date":"2026-01-16T21:35:09","date_gmt":"2026-01-16T18:35:09","guid":{"rendered":"https:\/\/www.fener.org\/?p=29733"},"modified":"2026-01-16T21:35:14","modified_gmt":"2026-01-16T18:35:14","slug":"sude-hacimustafaoglu-fenerbahce-medicanada","status":"publish","type":"post","link":"https:\/\/www.fener.org\/index.php\/2026\/01\/16\/sude-hacimustafaoglu-fenerbahce-medicanada\/","title":{"rendered":"Sude Hac\u0131mustafao\u011flu Fenerbah\u00e7e Medicana&#8217;da"},"content":{"rendered":"\n<p>Fenerbah\u00e7e Medicana Kad\u0131n Voleybol Tak\u0131m\u0131m\u0131z, ba\u015far\u0131l\u0131 gen\u00e7 sma\u00e7\u00f6r Sude Hac\u0131mustafao\u011flu\u2019nu renklerine ba\u011flad\u0131.<\/p>\n\n\n\n<p>Kul\u00fcb\u00fcm\u00fczden yap\u0131lan a\u00e7\u0131klamada \u015fu ifadeler yer ald\u0131:<\/p>\n\n\n\n<blockquote class=\"wp-block-quote is-layout-flow wp-block-quote-is-layout-flow\">\n<p>Fenerbah\u00e7e Medicana Kad\u0131n Voleybol Tak\u0131m\u0131m\u0131z, gen\u00e7 sma\u00e7\u00f6r Sude Hac\u0131mustafao\u011flu\u2019nu kadrosuna katt\u0131.<\/p>\n\n\n\n<p>2018-2019 sezonunda Geli\u015fim Koleji SK ile profesyonel kariyerine ba\u015flayan gen\u00e7 oyuncu s\u0131ras\u0131yla; Galatasaray II, ME Marmara Akademi, Galatasaray, Ye\u015filyurt ve G\u00f6ztepe formalar\u0131n\u0131 terletti.<\/p>\n\n\n\n<p>2020 Gen\u00e7 K\u0131zlar Avrupa Voleybol \u015eampiyonlu\u011fu, 2023-24 ve 2024-25 Balkan Kupas\u0131\u2019n\u0131 kazanan Sude, 2018 Avrupa \u015eampiyonas\u0131\u2019nda \u2018En iyi pas\u00f6r \u00e7apraz\u0131\u2019, 2019 U17 Balkan \u015eampiyonas\u0131\u2019nda \u2018En iyi sma\u00e7\u00f6r, 2020-2021 ve 2023-2024 T\u00fcrkiye Kupas\u0131\u2019nda ise \u2018En iyi man\u015fet alan oyuncu\u2019 \u00f6d\u00fcllerinin sahibi oldu.<\/p>\n\n\n\n<p>Sude Hac\u0131mustafao\u011flu\u2019na ailemize ho\u015f geldin diyor, \u00e7ubuklu forma ile sonsuz ba\u015far\u0131lar diliyoruz.<\/p>\n<\/blockquote>\n","protected":false},"excerpt":{"rendered":"<p>Fenerbah\u00e7e Medicana Kad\u0131n Voleybol Tak\u0131m\u0131m\u0131z, ba\u015far\u0131l\u0131 gen\u00e7 sma\u00e7\u00f6r Sude Hac\u0131mustafao\u011flu\u2019nu renklerine ba\u011flad\u0131. Kul\u00fcb\u00fcm\u00fczden yap\u0131lan a\u00e7\u0131klamada \u015fu ifadeler yer ald\u0131: Fenerbah\u00e7e Medicana Kad\u0131n Voleybol Tak\u0131m\u0131m\u0131z, gen\u00e7 sma\u00e7\u00f6r Sude Hac\u0131mustafao\u011flu\u2019nu kadrosuna katt\u0131. 2018-2019 sezonunda Geli\u015fim Koleji SK ile profesyonel kariyerine ba\u015flayan gen\u00e7 oyuncu s\u0131ras\u0131yla; Galatasaray II, ME Marmara Akademi, Galatasaray, Ye\u015filyurt ve G\u00f6ztepe formalar\u0131n\u0131 terletti. 2020 Gen\u00e7 [&hellip;]<\/p>\n","protected":false},"author":1,"featured_media":29734,"comment_status":"closed","ping_status":"closed","sticky":false,"template":"","format":"standard","meta":{"jnews-multi-image_gallery":[],"jnews_single_post":{"format":"standard","override":[{"template":"1","parallax":"1","fullscreen":"1","layout":"right-sidebar","sidebar":"mysidebar","second_sidebar":"default-sidebar","sticky_sidebar":"1","share_position":"float","share_float_style":"share-normal","show_share_counter":"1","show_view_counter":"1","show_featured":"1","show_post_meta":"1","show_post_author_image":"1","show_post_date":"1","post_date_format":"default","post_date_format_custom":"Y\/m\/d","show_post_reading_time":"0","post_reading_time_wpm":"300","post_calculate_word_method":"str_word_count","show_zoom_button":"0","zoom_button_out_step":"2","zoom_button_in_step":"3","show_prev_next_post":"1","show_comment_section":"1","number_popup_post":"3","show_author_box":"0","show_post_related":"0","show_inline_post_related":"0"}],"image_override":[{"single_post_thumbnail_size":"crop-500","single_post_gallery_size":"crop-500"}],"trending_post_position":"meta","trending_post_label":"Trending","sponsored_post_label":"Sponsored by","disable_ad":"0","subtitle":"Fenerbah\u00e7e Kad\u0131n Voleybol Tak\u0131m\u0131m\u0131z, gen\u00e7 sma\u00e7\u00f6r Sude Hac\u0131mustafao\u011flu\u2019nu kadrosuna katt\u0131."},"jnews_primary_category":{"id":"8"},"jnews_social_meta":[],"jnews_override_counter":{"view_counter_number":"0","share_counter_number":"0","like_counter_number":"0","dislike_counter_number":"0"},"footnotes":""},"categories":[2,10,8],"tags":[23,29],"class_list":["post-29733","post","type-post","status-publish","format-standard","has-post-thumbnail","hentry","category-haberler","category-kadin-voleybol","category-voleybol","tag-fenerbahce","tag-voleybol"],"amp_enabled":true,"_links":{"self":[{"href":"https:\/\/www.fener.org\/index.php\/wp-json\/wp\/v2\/posts\/29733","targetHints":{"allow":["GET"]}}],"collection":[{"href":"https:\/\/www.fener.org\/index.php\/wp-json\/wp\/v2\/posts"}],"about":[{"href":"https:\/\/www.fener.org\/index.php\/wp-json\/wp\/v2\/types\/post"}],"author":[{"embeddable":true,"href":"https:\/\/www.fener.org\/index.php\/wp-json\/wp\/v2\/users\/1"}],"replies":[{"embeddable":true,"href":"https:\/\/www.fener.org\/index.php\/wp-json\/wp\/v2\/comments?post=29733"}],"version-history":[{"count":1,"href":"https:\/\/www.fener.org\/index.php\/wp-json\/wp\/v2\/posts\/29733\/revisions"}],"predecessor-version":[{"id":29735,"href":"https:\/\/www.fener.org\/index.php\/wp-json\/wp\/v2\/posts\/29733\/revisions\/29735"}],"wp:featuredmedia":[{"embeddable":true,"href":"https:\/\/www.fener.org\/index.php\/wp-json\/wp\/v2\/media\/29734"}],"wp:attachment":[{"href":"https:\/\/www.fener.org\/index.php\/wp-json\/wp\/v2\/media?parent=29733"}],"wp:term":[{"taxonomy":"category","embeddable":true,"href":"https:\/\/www.fener.org\/index.php\/wp-json\/wp\/v2\/categories?post=29733"},{"taxonomy":"post_tag","embeddable":true,"href":"https:\/\/www.fener.org\/index.php\/wp-json\/wp\/v2\/tags?post=29733"}],"curies":[{"name":"wp","href":"https:\/\/api.w.org\/{rel}","templated":true}]}}