{"id":29711,"date":"2026-01-13T22:57:08","date_gmt":"2026-01-13T19:57:08","guid":{"rendered":"https:\/\/www.fener.org\/?p=29711"},"modified":"2026-01-13T22:57:13","modified_gmt":"2026-01-13T19:57:13","slug":"sarunas-jasikevicius-3-yil-daha-fenerbahce-bekoda","status":"publish","type":"post","link":"https:\/\/www.fener.org\/index.php\/2026\/01\/13\/sarunas-jasikevicius-3-yil-daha-fenerbahce-bekoda\/","title":{"rendered":"Sarunas Jasikevicius 3 y\u0131l daha Fenerbah\u00e7e Beko\u2019da"},"content":{"rendered":"\n<p>Fenerbah\u00e7e Beko Erkek Basketbol Tak\u0131m\u0131m\u0131z, kazand\u0131\u011f\u0131m\u0131z tarihi ba\u015far\u0131lar\u0131n en b\u00fcy\u00fck pay sahiplerinden biri olan Ba\u015fantren\u00f6r\u00fcm\u00fczSarunas Jasikevicius ile 3 y\u0131ll\u0131k anla\u015fmaya var\u0131ld\u0131\u011f\u0131n\u0131 duyurdu.<\/p>\n\n\n\n<p>Kul\u00fcb\u00fcm\u00fczden yap\u0131lan a\u00e7\u0131klama \u015f\u00f6yle:<\/p>\n\n\n\n<blockquote class=\"wp-block-quote is-layout-flow wp-block-quote-is-layout-flow\">\n<p>Kul\u00fcb\u00fcm\u00fcz, bu sezon da b\u00fcy\u00fck hedefler pe\u015finde ko\u015fan Fenerbah\u00e7e Beko Erkek Basketbol Tak\u0131m\u0131m\u0131z\u0131n ba\u015fantren\u00f6rl\u00fc\u011f\u00fcn\u00fc y\u00fcr\u00fcten ve kazand\u0131\u011f\u0131m\u0131z tarihi ba\u015far\u0131lar\u0131n en b\u00fcy\u00fck pay sahiplerinden biri olan \u0160ar\u016bnas Jasikevi\u010dius ile 3 y\u0131ll\u0131k anla\u015fmaya varm\u0131\u015ft\u0131r.<br>\u00a0<br>Bu anla\u015fman\u0131n kul\u00fcb\u00fcm\u00fcze ve ba\u015fantren\u00f6r\u00fcm\u00fcz \u0160ar\u016bnas Jasikevi\u010dius\u2019a hay\u0131rl\u0131 olmas\u0131n\u0131 diliyor, kendisine zaferler ve \u015fampiyonluklarla dolu sezonlar temenni ediyoruz.<br>\u00a0<br><strong>Fenerbah\u00e7e Spor Kul\u00fcb\u00fc<\/strong><\/p>\n<\/blockquote>\n","protected":false},"excerpt":{"rendered":"<p>Fenerbah\u00e7e Beko Erkek Basketbol Tak\u0131m\u0131m\u0131z, kazand\u0131\u011f\u0131m\u0131z tarihi ba\u015far\u0131lar\u0131n en b\u00fcy\u00fck pay sahiplerinden biri olan Ba\u015fantren\u00f6r\u00fcm\u00fczSarunas Jasikevicius ile 3 y\u0131ll\u0131k anla\u015fmaya var\u0131ld\u0131\u011f\u0131n\u0131 duyurdu. Kul\u00fcb\u00fcm\u00fczden yap\u0131lan a\u00e7\u0131klama \u015f\u00f6yle: Kul\u00fcb\u00fcm\u00fcz, bu sezon da b\u00fcy\u00fck hedefler pe\u015finde ko\u015fan Fenerbah\u00e7e Beko Erkek Basketbol Tak\u0131m\u0131m\u0131z\u0131n ba\u015fantren\u00f6rl\u00fc\u011f\u00fcn\u00fc y\u00fcr\u00fcten ve kazand\u0131\u011f\u0131m\u0131z tarihi ba\u015far\u0131lar\u0131n en b\u00fcy\u00fck pay sahiplerinden biri olan \u0160ar\u016bnas Jasikevi\u010dius ile 3 [&hellip;]<\/p>\n","protected":false},"author":1,"featured_media":29358,"comment_status":"closed","ping_status":"closed","sticky":false,"template":"","format":"standard","meta":{"jnews-multi-image_gallery":[],"jnews_single_post":{"format":"standard","override":[{"template":"1","parallax":"1","fullscreen":"1","layout":"right-sidebar","sidebar":"mysidebar","second_sidebar":"default-sidebar","sticky_sidebar":"1","share_position":"float","share_float_style":"share-normal","show_share_counter":"1","show_view_counter":"1","show_featured":"1","show_post_meta":"1","show_post_author_image":"1","show_post_date":"1","post_date_format":"default","post_date_format_custom":"Y\/m\/d","show_post_reading_time":"0","post_reading_time_wpm":"300","post_calculate_word_method":"str_word_count","show_zoom_button":"0","zoom_button_out_step":"2","zoom_button_in_step":"3","show_prev_next_post":"1","show_comment_section":"1","number_popup_post":"3","show_author_box":"0","show_post_related":"0","show_inline_post_related":"0"}],"image_override":[{"single_post_thumbnail_size":"crop-500","single_post_gallery_size":"crop-500"}],"trending_post_position":"meta","trending_post_label":"Trending","sponsored_post_label":"Sponsored by","disable_ad":"0","subtitle":"Fenerbah\u00e7e Erkek Basketbol Tak\u0131m\u0131m\u0131z, Ba\u015fantren\u00f6r\u00fcm\u00fcz Sarunas Jasikevicius ile 3 y\u0131ll\u0131k anla\u015fmaya vard\u0131."},"jnews_primary_category":{"id":"5"},"jnews_social_meta":[],"jnews_override_counter":{"view_counter_number":"0","share_counter_number":"0","like_counter_number":"0","dislike_counter_number":"0"},"footnotes":""},"categories":[5,6,2],"tags":[24,23],"class_list":["post-29711","post","type-post","status-publish","format-standard","has-post-thumbnail","hentry","category-basketbol","category-erkek-basketbol","category-haberler","tag-basketbol","tag-fenerbahce"],"amp_enabled":true,"_links":{"self":[{"href":"https:\/\/www.fener.org\/index.php\/wp-json\/wp\/v2\/posts\/29711","targetHints":{"allow":["GET"]}}],"collection":[{"href":"https:\/\/www.fener.org\/index.php\/wp-json\/wp\/v2\/posts"}],"about":[{"href":"https:\/\/www.fener.org\/index.php\/wp-json\/wp\/v2\/types\/post"}],"author":[{"embeddable":true,"href":"https:\/\/www.fener.org\/index.php\/wp-json\/wp\/v2\/users\/1"}],"replies":[{"embeddable":true,"href":"https:\/\/www.fener.org\/index.php\/wp-json\/wp\/v2\/comments?post=29711"}],"version-history":[{"count":1,"href":"https:\/\/www.fener.org\/index.php\/wp-json\/wp\/v2\/posts\/29711\/revisions"}],"predecessor-version":[{"id":29712,"href":"https:\/\/www.fener.org\/index.php\/wp-json\/wp\/v2\/posts\/29711\/revisions\/29712"}],"wp:featuredmedia":[{"embeddable":true,"href":"https:\/\/www.fener.org\/index.php\/wp-json\/wp\/v2\/media\/29358"}],"wp:attachment":[{"href":"https:\/\/www.fener.org\/index.php\/wp-json\/wp\/v2\/media?parent=29711"}],"wp:term":[{"taxonomy":"category","embeddable":true,"href":"https:\/\/www.fener.org\/index.php\/wp-json\/wp\/v2\/categories?post=29711"},{"taxonomy":"post_tag","embeddable":true,"href":"https:\/\/www.fener.org\/index.php\/wp-json\/wp\/v2\/tags?post=29711"}],"curies":[{"name":"wp","href":"https:\/\/api.w.org\/{rel}","templated":true}]}}