{"id":29704,"date":"2026-01-12T13:50:00","date_gmt":"2026-01-12T10:50:00","guid":{"rendered":"https:\/\/www.fener.org\/?p=29704"},"modified":"2026-01-13T10:59:54","modified_gmt":"2026-01-13T07:59:54","slug":"fenerbahce-erkek-voleybol-takiminda-taner-atik-donemi","status":"publish","type":"post","link":"https:\/\/www.fener.org\/index.php\/2026\/01\/12\/fenerbahce-erkek-voleybol-takiminda-taner-atik-donemi\/","title":{"rendered":"Fenerbah\u00e7e Erkek Voleybol Tak\u0131m\u0131nda Taner Atik d\u00f6nemi"},"content":{"rendered":"\n<p>Fenerbah\u00e7e Erkek Voleybol Tak\u0131m\u0131m\u0131z, Slobodan Kova\u010d&#8217;tan bo\u015falan Ba\u015fantren\u00f6rl\u00fck g\u00f6revi i\u00e7in Taner Atik ile anla\u015fmaya vard\u0131.<\/p>\n\n\n\n<p>Kul\u00fcb\u00fcm\u00fczden yap\u0131lan a\u00e7\u0131klamada \u015f\u00f6yle denildi:<\/p>\n\n\n\n<blockquote class=\"wp-block-quote is-layout-flow wp-block-quote-is-layout-flow\">\n<p>Fenerbah\u00e7e Medicana Erkek Voleybol Tak\u0131m\u0131m\u0131z, Ba\u015fantren\u00f6r Taner Atik ile anla\u015fma sa\u011flam\u0131\u015ft\u0131r.<\/p>\n\n\n\n<p>20 y\u0131l\u0131 a\u015fk\u0131n antren\u00f6rl\u00fck kariyerinde altyap\u0131dan mill\u00ee tak\u0131mlara, Avrupa kupalar\u0131ndan Orta Do\u011fu liglerine uzanan \u00e7ok geni\u015f bir yelpazede g\u00f6rev yapan Taner Atik; \u00fcst d\u00fczey sorumluluklar \u00fcstlenmi\u015f, hem sportif hem de y\u00f6netsel anlamda \u00f6nemli ba\u015far\u0131lara imza atm\u0131\u015ft\u0131r.<\/p>\n\n\n\n<p>Say\u0131n Taner Atik\u2019e &#8216;ailemize ho\u015f geldin&#8217; diyor; Sar\u0131 Lacivert formam\u0131z alt\u0131nda ba\u015far\u0131larla ve \u015fampiyonluklarla dolu bir d\u00f6nem diliyoruz.<\/p>\n<\/blockquote>\n","protected":false},"excerpt":{"rendered":"<p>Fenerbah\u00e7e Erkek Voleybol Tak\u0131m\u0131m\u0131z, Slobodan Kova\u010d&#8217;tan bo\u015falan Ba\u015fantren\u00f6rl\u00fck g\u00f6revi i\u00e7in Taner Atik ile anla\u015fmaya vard\u0131. Kul\u00fcb\u00fcm\u00fczden yap\u0131lan a\u00e7\u0131klamada \u015f\u00f6yle denildi: Fenerbah\u00e7e Medicana Erkek Voleybol Tak\u0131m\u0131m\u0131z, Ba\u015fantren\u00f6r Taner Atik ile anla\u015fma sa\u011flam\u0131\u015ft\u0131r. 20 y\u0131l\u0131 a\u015fk\u0131n antren\u00f6rl\u00fck kariyerinde altyap\u0131dan mill\u00ee tak\u0131mlara, Avrupa kupalar\u0131ndan Orta Do\u011fu liglerine uzanan \u00e7ok geni\u015f bir yelpazede g\u00f6rev yapan Taner Atik; \u00fcst d\u00fczey [&hellip;]<\/p>\n","protected":false},"author":1,"featured_media":29705,"comment_status":"closed","ping_status":"closed","sticky":false,"template":"","format":"standard","meta":{"jnews-multi-image_gallery":[],"jnews_single_post":{"format":"standard","override":[{"template":"1","parallax":"1","fullscreen":"1","layout":"right-sidebar","sidebar":"mysidebar","second_sidebar":"default-sidebar","sticky_sidebar":"1","share_position":"float","share_float_style":"share-normal","show_share_counter":"1","show_view_counter":"1","show_featured":"1","show_post_meta":"1","show_post_author_image":"1","show_post_date":"1","post_date_format":"default","post_date_format_custom":"Y\/m\/d","show_post_reading_time":"0","post_reading_time_wpm":"300","post_calculate_word_method":"str_word_count","show_zoom_button":"0","zoom_button_out_step":"2","zoom_button_in_step":"3","show_prev_next_post":"1","show_comment_section":"1","number_popup_post":"3","show_author_box":"0","show_post_related":"0","show_inline_post_related":"0"}],"image_override":[{"single_post_thumbnail_size":"crop-500","single_post_gallery_size":"crop-500"}],"trending_post_position":"meta","trending_post_label":"Trending","sponsored_post_label":"Sponsored by","disable_ad":"0","subtitle":"Fenerbah\u00e7e Erkek Voleybol Tak\u0131m\u0131m\u0131z, Ba\u015fantren\u00f6r Taner Atik ile anla\u015fmaya var\u0131ld\u0131\u011f\u0131n\u0131 duyurdu."},"jnews_primary_category":{"id":"8"},"jnews_social_meta":[],"jnews_override_counter":{"view_counter_number":"0","share_counter_number":"0","like_counter_number":"0","dislike_counter_number":"0"},"footnotes":""},"categories":[9,2,8],"tags":[23,29],"class_list":["post-29704","post","type-post","status-publish","format-standard","has-post-thumbnail","hentry","category-erkek-voleybol","category-haberler","category-voleybol","tag-fenerbahce","tag-voleybol"],"amp_enabled":true,"_links":{"self":[{"href":"https:\/\/www.fener.org\/index.php\/wp-json\/wp\/v2\/posts\/29704","targetHints":{"allow":["GET"]}}],"collection":[{"href":"https:\/\/www.fener.org\/index.php\/wp-json\/wp\/v2\/posts"}],"about":[{"href":"https:\/\/www.fener.org\/index.php\/wp-json\/wp\/v2\/types\/post"}],"author":[{"embeddable":true,"href":"https:\/\/www.fener.org\/index.php\/wp-json\/wp\/v2\/users\/1"}],"replies":[{"embeddable":true,"href":"https:\/\/www.fener.org\/index.php\/wp-json\/wp\/v2\/comments?post=29704"}],"version-history":[{"count":2,"href":"https:\/\/www.fener.org\/index.php\/wp-json\/wp\/v2\/posts\/29704\/revisions"}],"predecessor-version":[{"id":29707,"href":"https:\/\/www.fener.org\/index.php\/wp-json\/wp\/v2\/posts\/29704\/revisions\/29707"}],"wp:featuredmedia":[{"embeddable":true,"href":"https:\/\/www.fener.org\/index.php\/wp-json\/wp\/v2\/media\/29705"}],"wp:attachment":[{"href":"https:\/\/www.fener.org\/index.php\/wp-json\/wp\/v2\/media?parent=29704"}],"wp:term":[{"taxonomy":"category","embeddable":true,"href":"https:\/\/www.fener.org\/index.php\/wp-json\/wp\/v2\/categories?post=29704"},{"taxonomy":"post_tag","embeddable":true,"href":"https:\/\/www.fener.org\/index.php\/wp-json\/wp\/v2\/tags?post=29704"}],"curies":[{"name":"wp","href":"https:\/\/api.w.org\/{rel}","templated":true}]}}