{"id":29700,"date":"2026-01-13T08:42:49","date_gmt":"2026-01-13T05:42:49","guid":{"rendered":"https:\/\/www.fener.org\/?p=29700"},"modified":"2026-01-13T08:47:05","modified_gmt":"2026-01-13T05:47:05","slug":"fenerbahce-medicanin-konugu-igor-gorgonzola-novara","status":"publish","type":"post","link":"https:\/\/www.fener.org\/index.php\/2026\/01\/13\/fenerbahce-medicanin-konugu-igor-gorgonzola-novara\/","title":{"rendered":"Fenerbah\u00e7e Medicana&#8217;n\u0131n konu\u011fu Igor Gorgonzola Novara"},"content":{"rendered":"\n<p>Fenerbah\u00e7e Medicana Kad\u0131n Voleybol Tak\u0131m\u0131m\u0131z, CEV Kad\u0131nlar \u015eampiyonlar Ligi B Grubu 4. ma\u00e7\u0131nda \u0130talya temsilcisi Igor Gorgonzola Novara\u2019y\u0131 konuk edecek.<\/p>\n\n\n\n<p>13 Ocak Sal\u0131 g\u00fcn\u00fc Burhan Felek Vestel Voleybol Salonu\u2019nda oynanacak m\u00fccadele saat 19.00\u2019da ba\u015flayacak ve TRT Spor\u2019dan ekranlara gelecek.<\/p>\n\n\n\n<p>Fenerbah\u00e7e Medicana, \u015eampiyonlar Ligi son ma\u00e7\u0131nda deplasmanda Polonya temsilcisi Budowlani Lodz\u2019u 3-0 ma\u011flup etti.<\/p>\n\n\n\n<p>Geride kalan 3 ma\u00e7\u0131n\u0131 da kazanan Sar\u0131 Melekler grubun zirvesinde yer al\u0131yor.<\/p>\n","protected":false},"excerpt":{"rendered":"<p>Fenerbah\u00e7e Medicana Kad\u0131n Voleybol Tak\u0131m\u0131m\u0131z, CEV Kad\u0131nlar \u015eampiyonlar Ligi B Grubu 4. ma\u00e7\u0131nda \u0130talya temsilcisi Igor Gorgonzola Novara\u2019y\u0131 konuk edecek. 13 Ocak Sal\u0131 g\u00fcn\u00fc Burhan Felek Vestel Voleybol Salonu\u2019nda oynanacak m\u00fccadele saat 19.00\u2019da ba\u015flayacak ve TRT Spor\u2019dan ekranlara gelecek. Fenerbah\u00e7e Medicana, \u015eampiyonlar Ligi son ma\u00e7\u0131nda deplasmanda Polonya temsilcisi Budowlani Lodz\u2019u 3-0 ma\u011flup etti. Geride kalan [&hellip;]<\/p>\n","protected":false},"author":1,"featured_media":28919,"comment_status":"closed","ping_status":"closed","sticky":false,"template":"","format":"standard","meta":{"jnews-multi-image_gallery":[],"jnews_single_post":{"format":"standard","override":[{"template":"1","parallax":"1","fullscreen":"1","layout":"right-sidebar","sidebar":"mysidebar","second_sidebar":"default-sidebar","sticky_sidebar":"1","share_position":"float","share_float_style":"share-normal","show_share_counter":"1","show_view_counter":"1","show_featured":"1","show_post_meta":"1","show_post_author_image":"1","show_post_date":"1","post_date_format":"default","post_date_format_custom":"Y\/m\/d","show_post_reading_time":"0","post_reading_time_wpm":"300","post_calculate_word_method":"str_word_count","show_zoom_button":"0","zoom_button_out_step":"2","zoom_button_in_step":"3","show_prev_next_post":"1","show_comment_section":"1","number_popup_post":"3","show_author_box":"0","show_post_related":"0","show_inline_post_related":"0"}],"image_override":[{"single_post_thumbnail_size":"crop-500","single_post_gallery_size":"crop-500"}],"trending_post_position":"meta","trending_post_label":"Trending","sponsored_post_label":"Sponsored by","disable_ad":"0","subtitle":"Fenerbah\u00e7e Kad\u0131n Voleybol Tak\u0131m\u0131m\u0131z, CEV Kad\u0131nlar \u015eampiyonlar Ligi B Grubu 4. ma\u00e7\u0131nda Igor Gorgonzola Novara\u2019y\u0131 a\u011f\u0131rl\u0131yor."},"jnews_primary_category":{"id":"8"},"jnews_social_meta":[],"jnews_override_counter":{"view_counter_number":"0","share_counter_number":"0","like_counter_number":"0","dislike_counter_number":"0"},"footnotes":""},"categories":[2,10,8],"tags":[23,29],"class_list":["post-29700","post","type-post","status-publish","format-standard","has-post-thumbnail","hentry","category-haberler","category-kadin-voleybol","category-voleybol","tag-fenerbahce","tag-voleybol"],"amp_enabled":true,"_links":{"self":[{"href":"https:\/\/www.fener.org\/index.php\/wp-json\/wp\/v2\/posts\/29700","targetHints":{"allow":["GET"]}}],"collection":[{"href":"https:\/\/www.fener.org\/index.php\/wp-json\/wp\/v2\/posts"}],"about":[{"href":"https:\/\/www.fener.org\/index.php\/wp-json\/wp\/v2\/types\/post"}],"author":[{"embeddable":true,"href":"https:\/\/www.fener.org\/index.php\/wp-json\/wp\/v2\/users\/1"}],"replies":[{"embeddable":true,"href":"https:\/\/www.fener.org\/index.php\/wp-json\/wp\/v2\/comments?post=29700"}],"version-history":[{"count":3,"href":"https:\/\/www.fener.org\/index.php\/wp-json\/wp\/v2\/posts\/29700\/revisions"}],"predecessor-version":[{"id":29703,"href":"https:\/\/www.fener.org\/index.php\/wp-json\/wp\/v2\/posts\/29700\/revisions\/29703"}],"wp:featuredmedia":[{"embeddable":true,"href":"https:\/\/www.fener.org\/index.php\/wp-json\/wp\/v2\/media\/28919"}],"wp:attachment":[{"href":"https:\/\/www.fener.org\/index.php\/wp-json\/wp\/v2\/media?parent=29700"}],"wp:term":[{"taxonomy":"category","embeddable":true,"href":"https:\/\/www.fener.org\/index.php\/wp-json\/wp\/v2\/categories?post=29700"},{"taxonomy":"post_tag","embeddable":true,"href":"https:\/\/www.fener.org\/index.php\/wp-json\/wp\/v2\/tags?post=29700"}],"curies":[{"name":"wp","href":"https:\/\/api.w.org\/{rel}","templated":true}]}}