{"id":29695,"date":"2026-01-11T22:12:35","date_gmt":"2026-01-11T19:12:35","guid":{"rendered":"https:\/\/www.fener.org\/?p=29695"},"modified":"2026-01-11T22:12:40","modified_gmt":"2026-01-11T19:12:40","slug":"fenerbahce-medicana-0-3-ziraat-bankkart","status":"publish","type":"post","link":"https:\/\/www.fener.org\/index.php\/2026\/01\/11\/fenerbahce-medicana-0-3-ziraat-bankkart\/","title":{"rendered":"Fenerbah\u00e7e Medicana 0-3 Ziraat Bankkart\u2028\u2028\u2028\u2028"},"content":{"rendered":"\n<p>Fenerbah\u00e7e Medicana Erkek Voleybol Tak\u0131m\u0131m\u0131z, SMS Grup Efeler Ligi 14. hafta ma\u00e7\u0131nda Ziraat Bankkart\u2019\u0131 konuk etti. Burhan Felek Vestel Voleybol Salonu\u2019nda oynanan kar\u015f\u0131la\u015fma ekibimizin 3-0\u2019l\u0131k ma\u011flubiyetiyle sonu\u00e7land\u0131. M\u00fccadelenin setleri; 21-25, 21-25 ve 20-25 tamamland\u0131.<\/p>\n\n\n\n<p>Kar\u015f\u0131la\u015fmay\u0131 Genel Sekreterimiz ve Voleybol \u015eubemizden Sorumlu Y\u00f6netim Kurulu \u00dcyemiz Orhan Demirel de takip etti.<\/p>\n\n\n\n<p>Chinenyeze Barthelemy, Mert Matic, Fabian Drzyzga, Adis Lagumdzija, Yi\u011fit G\u00fclmezo\u011flu, Luka Marttilla alt\u0131s\u0131 ve libero Caner Dengin ile ma\u00e7a ba\u015flayan Fenerbah\u00e7e Medicana, kar\u015f\u0131l\u0131kl\u0131 say\u0131lara sahne olan ilk seti 25-21 kaybetti. \u0130kinci sette de oyunun konrol\u00fcn\u00fc s\u00fcrd\u00fcren konuk ekip, seti 25-21 kazanarak durumu 2-0\u2019a getirdi. \u00dc\u00e7\u00fcnc\u00fc sette de istedi\u011fi oyunu sahaya yans\u0131tamayan Fenerbah\u00e7e Medicana, seti 25-20, ma\u00e7\u0131 da 3-0 ma\u011flup tamamlad\u0131.<\/p>\n\n\n\n<p>Fenerbah\u00e7e Medicana ligin 15. haftas\u0131nda 18 Ocak Pazar g\u00fcn\u00fc saat 14.00\u2019te TVF Ziraat Bankkart Voleybol Salonu\u2019nda Spor Toto\u2019ya konuk olacak.<\/p>\n","protected":false},"excerpt":{"rendered":"<p>Fenerbah\u00e7e Medicana Erkek Voleybol Tak\u0131m\u0131m\u0131z, SMS Grup Efeler Ligi 14. hafta ma\u00e7\u0131nda Ziraat Bankkart\u2019\u0131 konuk etti. Burhan Felek Vestel Voleybol Salonu\u2019nda oynanan kar\u015f\u0131la\u015fma ekibimizin 3-0\u2019l\u0131k ma\u011flubiyetiyle sonu\u00e7land\u0131. M\u00fccadelenin setleri; 21-25, 21-25 ve 20-25 tamamland\u0131. Kar\u015f\u0131la\u015fmay\u0131 Genel Sekreterimiz ve Voleybol \u015eubemizden Sorumlu Y\u00f6netim Kurulu \u00dcyemiz Orhan Demirel de takip etti. Chinenyeze Barthelemy, Mert Matic, Fabian Drzyzga, [&hellip;]<\/p>\n","protected":false},"author":1,"featured_media":29696,"comment_status":"closed","ping_status":"closed","sticky":false,"template":"","format":"standard","meta":{"jnews-multi-image_gallery":[],"jnews_single_post":{"format":"standard","override":[{"template":"1","parallax":"1","fullscreen":"1","layout":"right-sidebar","sidebar":"mysidebar","second_sidebar":"default-sidebar","sticky_sidebar":"1","share_position":"float","share_float_style":"share-normal","show_share_counter":"1","show_view_counter":"1","show_featured":"1","show_post_meta":"1","show_post_author_image":"1","show_post_date":"1","post_date_format":"default","post_date_format_custom":"Y\/m\/d","show_post_reading_time":"0","post_reading_time_wpm":"300","post_calculate_word_method":"str_word_count","show_zoom_button":"0","zoom_button_out_step":"2","zoom_button_in_step":"3","show_prev_next_post":"1","show_comment_section":"1","number_popup_post":"3","show_author_box":"0","show_post_related":"0","show_inline_post_related":"0"}],"image_override":[{"single_post_thumbnail_size":"crop-500","single_post_gallery_size":"crop-500"}],"trending_post_position":"meta","trending_post_label":"Trending","sponsored_post_label":"Sponsored by","disable_ad":"0","subtitle":"Fenerbah\u00e7e Erkek Voleybol Tak\u0131m\u0131m\u0131z, Efeler Ligi 14. haftas\u0131nda Ziraat Bankkart\u2019\u0131 konuk etti\u011fi ma\u00e7tan 3-0 ma\u011flup ayr\u0131ld\u0131."},"jnews_primary_category":{"id":"5"},"jnews_social_meta":[],"jnews_override_counter":{"view_counter_number":"0","share_counter_number":"0","like_counter_number":"0","dislike_counter_number":"0"},"footnotes":""},"categories":[9,2,8],"tags":[23,29],"class_list":["post-29695","post","type-post","status-publish","format-standard","has-post-thumbnail","hentry","category-erkek-voleybol","category-haberler","category-voleybol","tag-fenerbahce","tag-voleybol"],"amp_enabled":true,"_links":{"self":[{"href":"https:\/\/www.fener.org\/index.php\/wp-json\/wp\/v2\/posts\/29695","targetHints":{"allow":["GET"]}}],"collection":[{"href":"https:\/\/www.fener.org\/index.php\/wp-json\/wp\/v2\/posts"}],"about":[{"href":"https:\/\/www.fener.org\/index.php\/wp-json\/wp\/v2\/types\/post"}],"author":[{"embeddable":true,"href":"https:\/\/www.fener.org\/index.php\/wp-json\/wp\/v2\/users\/1"}],"replies":[{"embeddable":true,"href":"https:\/\/www.fener.org\/index.php\/wp-json\/wp\/v2\/comments?post=29695"}],"version-history":[{"count":1,"href":"https:\/\/www.fener.org\/index.php\/wp-json\/wp\/v2\/posts\/29695\/revisions"}],"predecessor-version":[{"id":29697,"href":"https:\/\/www.fener.org\/index.php\/wp-json\/wp\/v2\/posts\/29695\/revisions\/29697"}],"wp:featuredmedia":[{"embeddable":true,"href":"https:\/\/www.fener.org\/index.php\/wp-json\/wp\/v2\/media\/29696"}],"wp:attachment":[{"href":"https:\/\/www.fener.org\/index.php\/wp-json\/wp\/v2\/media?parent=29695"}],"wp:term":[{"taxonomy":"category","embeddable":true,"href":"https:\/\/www.fener.org\/index.php\/wp-json\/wp\/v2\/categories?post=29695"},{"taxonomy":"post_tag","embeddable":true,"href":"https:\/\/www.fener.org\/index.php\/wp-json\/wp\/v2\/tags?post=29695"}],"curies":[{"name":"wp","href":"https:\/\/api.w.org\/{rel}","templated":true}]}}