{"id":29689,"date":"2026-01-11T22:03:54","date_gmt":"2026-01-11T19:03:54","guid":{"rendered":"https:\/\/www.fener.org\/?p=29689"},"modified":"2026-01-11T22:04:01","modified_gmt":"2026-01-11T19:04:01","slug":"miguel-mendez-burada-oldugum-icin-cok-mutluyum","status":"publish","type":"post","link":"https:\/\/www.fener.org\/index.php\/2026\/01\/11\/miguel-mendez-burada-oldugum-icin-cok-mutluyum\/","title":{"rendered":"Miguel Mendez: Burada oldu\u011fum i\u00e7in \u00e7ok mutluyum"},"content":{"rendered":"\n<p>Fenerbah\u00e7e Opet Kad\u0131n Basketbol Tak\u0131m\u0131m\u0131z\u0131n Galatasaray \u00c7a\u011fda\u015f Faktoring\u2019i 86-66 ma\u011flup ederek T\u00fcrkiye Kupas\u0131\u2019nda mutlu sona ula\u015ft\u0131\u011f\u0131 ma\u00e7\u0131n ard\u0131ndan Ba\u015fantren\u00f6r\u00fcm\u00fcz Miguel Mendez, Fenerbah\u00e7e Televizyonu\u2019na \u015fu a\u00e7\u0131klamalarda bulundu:<\/p>\n\n\n\n<blockquote class=\"wp-block-quote is-layout-flow wp-block-quote-is-layout-flow\">\n<p>\u201cBu benim ilk T\u00fcrkiye kupam. Fenerbah\u00e7e Kul\u00fcb\u00fc\u2019ne, Ba\u015fkan\u0131m\u0131z Sadettin Saran\u2019a, oyuncular\u0131ma, taraftarlar\u0131m\u0131za, eski ba\u015fkan\u0131m\u0131z Ali Ko\u00e7 ve eski y\u00f6netim kurulu \u00fcyemiz Kemal Danaba\u015f olmak \u00fczere herkese te\u015fekk\u00fcr ediyorum. Arzu Han\u0131m ve t\u00fcm staff\u2019a beni Fenerbah\u00e7e\u2019ye getirdikleri i\u00e7in de \u00e7ok te\u015fekk\u00fcr ederim. Burada oldu\u011fum i\u00e7in \u00e7ok mutluyum. Bu, bir ko\u00e7 i\u00e7in inan\u0131lmaz bir tecr\u00fcbe.\u201d<\/p>\n<\/blockquote>\n","protected":false},"excerpt":{"rendered":"<p>Fenerbah\u00e7e Opet Kad\u0131n Basketbol Tak\u0131m\u0131m\u0131z\u0131n Galatasaray \u00c7a\u011fda\u015f Faktoring\u2019i 86-66 ma\u011flup ederek T\u00fcrkiye Kupas\u0131\u2019nda mutlu sona ula\u015ft\u0131\u011f\u0131 ma\u00e7\u0131n ard\u0131ndan Ba\u015fantren\u00f6r\u00fcm\u00fcz Miguel Mendez, Fenerbah\u00e7e Televizyonu\u2019na \u015fu a\u00e7\u0131klamalarda bulundu: \u201cBu benim ilk T\u00fcrkiye kupam. Fenerbah\u00e7e Kul\u00fcb\u00fc\u2019ne, Ba\u015fkan\u0131m\u0131z Sadettin Saran\u2019a, oyuncular\u0131ma, taraftarlar\u0131m\u0131za, eski ba\u015fkan\u0131m\u0131z Ali Ko\u00e7 ve eski y\u00f6netim kurulu \u00fcyemiz Kemal Danaba\u015f olmak \u00fczere herkese te\u015fekk\u00fcr ediyorum. Arzu [&hellip;]<\/p>\n","protected":false},"author":1,"featured_media":29690,"comment_status":"closed","ping_status":"closed","sticky":false,"template":"","format":"standard","meta":{"jnews-multi-image_gallery":[],"jnews_single_post":{"format":"standard","override":[{"template":"1","parallax":"1","fullscreen":"1","layout":"right-sidebar","sidebar":"mysidebar","second_sidebar":"default-sidebar","sticky_sidebar":"1","share_position":"float","share_float_style":"share-normal","show_share_counter":"1","show_view_counter":"1","show_featured":"1","show_post_meta":"1","show_post_author_image":"1","show_post_date":"1","post_date_format":"default","post_date_format_custom":"Y\/m\/d","show_post_reading_time":"0","post_reading_time_wpm":"300","post_calculate_word_method":"str_word_count","show_zoom_button":"0","zoom_button_out_step":"2","zoom_button_in_step":"3","show_prev_next_post":"1","show_comment_section":"1","number_popup_post":"3","show_author_box":"0","show_post_related":"0","show_inline_post_related":"0"}],"image_override":[{"single_post_thumbnail_size":"crop-500","single_post_gallery_size":"crop-500"}],"trending_post_position":"meta","trending_post_label":"Trending","sponsored_post_label":"Sponsored by","disable_ad":"0","subtitle":"Ba\u015fantren\u00f6r\u00fcm\u00fcz Miguel Mendez, Tak\u0131m\u0131m\u0131z\u0131n T\u00fcrkiye Kupas\u0131'n\u0131 kazand\u0131\u011f\u0131 ma\u00e7\u0131n ard\u0131ndan de\u011ferlendirmelerde bulundu."},"jnews_primary_category":{"id":"5"},"jnews_social_meta":[],"jnews_override_counter":{"view_counter_number":"0","share_counter_number":"0","like_counter_number":"0","dislike_counter_number":"0"},"footnotes":""},"categories":[5,2,7],"tags":[24,23],"class_list":["post-29689","post","type-post","status-publish","format-standard","has-post-thumbnail","hentry","category-basketbol","category-haberler","category-kadin-basketbol","tag-basketbol","tag-fenerbahce"],"amp_enabled":true,"_links":{"self":[{"href":"https:\/\/www.fener.org\/index.php\/wp-json\/wp\/v2\/posts\/29689","targetHints":{"allow":["GET"]}}],"collection":[{"href":"https:\/\/www.fener.org\/index.php\/wp-json\/wp\/v2\/posts"}],"about":[{"href":"https:\/\/www.fener.org\/index.php\/wp-json\/wp\/v2\/types\/post"}],"author":[{"embeddable":true,"href":"https:\/\/www.fener.org\/index.php\/wp-json\/wp\/v2\/users\/1"}],"replies":[{"embeddable":true,"href":"https:\/\/www.fener.org\/index.php\/wp-json\/wp\/v2\/comments?post=29689"}],"version-history":[{"count":1,"href":"https:\/\/www.fener.org\/index.php\/wp-json\/wp\/v2\/posts\/29689\/revisions"}],"predecessor-version":[{"id":29691,"href":"https:\/\/www.fener.org\/index.php\/wp-json\/wp\/v2\/posts\/29689\/revisions\/29691"}],"wp:featuredmedia":[{"embeddable":true,"href":"https:\/\/www.fener.org\/index.php\/wp-json\/wp\/v2\/media\/29690"}],"wp:attachment":[{"href":"https:\/\/www.fener.org\/index.php\/wp-json\/wp\/v2\/media?parent=29689"}],"wp:term":[{"taxonomy":"category","embeddable":true,"href":"https:\/\/www.fener.org\/index.php\/wp-json\/wp\/v2\/categories?post=29689"},{"taxonomy":"post_tag","embeddable":true,"href":"https:\/\/www.fener.org\/index.php\/wp-json\/wp\/v2\/tags?post=29689"}],"curies":[{"name":"wp","href":"https:\/\/api.w.org\/{rel}","templated":true}]}}