{"id":29684,"date":"2026-01-11T20:10:27","date_gmt":"2026-01-11T17:10:27","guid":{"rendered":"https:\/\/www.fener.org\/?p=29684"},"modified":"2026-01-11T20:36:36","modified_gmt":"2026-01-11T17:36:36","slug":"fenerbahce-beko-89-58-bahcesehir-koleji","status":"publish","type":"post","link":"https:\/\/www.fener.org\/index.php\/2026\/01\/11\/fenerbahce-beko-89-58-bahcesehir-koleji\/","title":{"rendered":"Fenerbah\u00e7e Beko 89-58 Bah\u00e7e\u015fehir Koleji"},"content":{"rendered":"\n<p>Fenerbah\u00e7e Beko Erkek Basketbol Tak\u0131m\u0131m\u0131z, T\u00fcrkiye Sigorta Basketbol S\u00fcper Ligi 15. hafta ma\u00e7\u0131nda Bah\u00e7e\u015fehir Koleji\u2019ni a\u011f\u0131rlad\u0131. Kar\u015f\u0131la\u015fmadan \u00fcst\u00fcn oyunla 89-58 galip ayr\u0131lan ekibimiz, 13. galibiyetine imza att\u0131 ve liderli\u011fe y\u00fckseldi.<\/p>\n\n\n\n<p>Yeni transferlerimizden Chris Silva 17 say\u0131yla kar\u015f\u0131la\u015fman\u0131n en skorer ismi oldu. Fenerbah\u00e7emizdeki ikinci d\u00f6neminde ilk ma\u00e7\u0131na \u00e7\u0131kan bir di\u011fer yeni transferimiz Nando De Colo ile Tar\u0131k 13\u2019er, Metecan da 11 say\u0131 kaydetti.&nbsp;<\/p>\n\n\n\n<p>Fenerbah\u00e7e \u00dclker Spor ve Etkinlik Salonu\u2019nda oynanan ma\u00e7\u0131 Y\u00f6netim Kurulu \u00dcyelerimiz Cem Ciritci ve Adem K\u00f6z de takip etti.<\/p>\n\n\n\n<p>Erkek Basketbol Tak\u0131m\u0131m\u0131z m\u00fccadeleye Devon Hall, Melih Mahmuto\u011flu, Tar\u0131k Biberovic, Nicolo Melli, Chris Silva be\u015fiyle \u00e7\u0131kt\u0131.<br>&nbsp;<br>Kar\u015f\u0131l\u0131kl\u0131 say\u0131larla ba\u015flayan ilk \u00e7eyrekte 7- 6 \u00f6ndeyken yakalad\u0131\u011f\u0131 9-0&#8217;l\u0131k seriyle fark\u0131 \u00e7ift hanelere \u00e7\u0131karan Fenerbah\u00e7e Beko ikinci periyoda 23-16 \u00fcst\u00fcn girdi. Tak\u0131m\u0131m\u0131z rakibi kar\u015f\u0131s\u0131nda b\u00fcy\u00fck \u00fcst\u00fcnl\u00fck kurdu\u011fu ikinci \u00e7eyrekte elde etti\u011fi 31-8&#8217;lik skorla devreyi &nbsp;54-24 \u00f6nde tamamlad\u0131. \u00dc\u00e7\u00fcnc\u00fc &nbsp;periyodu da 70-43 \u00fcst\u00fcn kapatan Fenerbah\u00e7e Beko, son \u00e7eyrekte fark\u0131 34 say\u0131ya kadar \u00e7\u0131kard\u0131\u011f\u0131 ma\u00e7\u0131 89-58 kazand\u0131 ve 13. galibiyetini alarak liderli\u011fe y\u00fckseldi.<br><br>Erkek Basketbol Tak\u0131m\u0131m\u0131z cuma ak\u015fam\u0131&nbsp;ise EuroLeague m\u00fccadelesinde Valencia&#8217;y\u0131 konuk edecek.&nbsp;<\/p>\n\n\n\n<p><strong>Skor da\u011f\u0131l\u0131m\u0131m\u0131z:<\/strong> Silva 17, Biberovic 13, De Colo 13, Metecan 11, Melih 8, Melli 7, Hall 7, Jantunen 5, Horton-Tucker 4, Boston Jr. 4.<\/p>\n","protected":false},"excerpt":{"rendered":"<p>Fenerbah\u00e7e Beko Erkek Basketbol Tak\u0131m\u0131m\u0131z, T\u00fcrkiye Sigorta Basketbol S\u00fcper Ligi 15. hafta ma\u00e7\u0131nda Bah\u00e7e\u015fehir Koleji\u2019ni a\u011f\u0131rlad\u0131. Kar\u015f\u0131la\u015fmadan \u00fcst\u00fcn oyunla 89-58 galip ayr\u0131lan ekibimiz, 13. galibiyetine imza att\u0131 ve liderli\u011fe y\u00fckseldi. Yeni transferlerimizden Chris Silva 17 say\u0131yla kar\u015f\u0131la\u015fman\u0131n en skorer ismi oldu. Fenerbah\u00e7emizdeki ikinci d\u00f6neminde ilk ma\u00e7\u0131na \u00e7\u0131kan bir di\u011fer yeni transferimiz Nando De Colo ile [&hellip;]<\/p>\n","protected":false},"author":1,"featured_media":29685,"comment_status":"closed","ping_status":"closed","sticky":false,"template":"","format":"standard","meta":{"jnews-multi-image_gallery":[],"jnews_single_post":{"format":"standard","override":[{"template":"1","parallax":"1","fullscreen":"1","layout":"right-sidebar","sidebar":"mysidebar","second_sidebar":"default-sidebar","sticky_sidebar":"1","share_position":"float","share_float_style":"share-normal","show_share_counter":"1","show_view_counter":"1","show_featured":"1","show_post_meta":"1","show_post_author_image":"1","show_post_date":"1","post_date_format":"default","post_date_format_custom":"Y\/m\/d","show_post_reading_time":"0","post_reading_time_wpm":"300","post_calculate_word_method":"str_word_count","show_zoom_button":"0","zoom_button_out_step":"2","zoom_button_in_step":"3","show_prev_next_post":"1","show_comment_section":"1","number_popup_post":"3","show_author_box":"0","show_post_related":"0","show_inline_post_related":"0"}],"image_override":[{"single_post_thumbnail_size":"crop-500","single_post_gallery_size":"crop-500"}],"trending_post_position":"meta","trending_post_label":"Trending","sponsored_post_label":"Sponsored by","disable_ad":"0","subtitle":"Fenerbah\u00e7e Erkek Basketbol Tak\u0131m\u0131m\u0131z, Basketbol S\u00fcper Ligi 15. haftas\u0131nda sahas\u0131nda Bah\u00e7e\u015fehir Koleji ile oynad\u0131\u011f\u0131 ma\u00e7\u0131 89-58 kazand\u0131 ve liderli\u011fe y\u00fckseldi."},"jnews_primary_category":{"id":"5"},"jnews_social_meta":[],"jnews_override_counter":{"view_counter_number":"0","share_counter_number":"0","like_counter_number":"0","dislike_counter_number":"0"},"footnotes":""},"categories":[5,6,2],"tags":[24,23],"class_list":["post-29684","post","type-post","status-publish","format-standard","has-post-thumbnail","hentry","category-basketbol","category-erkek-basketbol","category-haberler","tag-basketbol","tag-fenerbahce"],"amp_enabled":true,"_links":{"self":[{"href":"https:\/\/www.fener.org\/index.php\/wp-json\/wp\/v2\/posts\/29684","targetHints":{"allow":["GET"]}}],"collection":[{"href":"https:\/\/www.fener.org\/index.php\/wp-json\/wp\/v2\/posts"}],"about":[{"href":"https:\/\/www.fener.org\/index.php\/wp-json\/wp\/v2\/types\/post"}],"author":[{"embeddable":true,"href":"https:\/\/www.fener.org\/index.php\/wp-json\/wp\/v2\/users\/1"}],"replies":[{"embeddable":true,"href":"https:\/\/www.fener.org\/index.php\/wp-json\/wp\/v2\/comments?post=29684"}],"version-history":[{"count":3,"href":"https:\/\/www.fener.org\/index.php\/wp-json\/wp\/v2\/posts\/29684\/revisions"}],"predecessor-version":[{"id":29688,"href":"https:\/\/www.fener.org\/index.php\/wp-json\/wp\/v2\/posts\/29684\/revisions\/29688"}],"wp:featuredmedia":[{"embeddable":true,"href":"https:\/\/www.fener.org\/index.php\/wp-json\/wp\/v2\/media\/29685"}],"wp:attachment":[{"href":"https:\/\/www.fener.org\/index.php\/wp-json\/wp\/v2\/media?parent=29684"}],"wp:term":[{"taxonomy":"category","embeddable":true,"href":"https:\/\/www.fener.org\/index.php\/wp-json\/wp\/v2\/categories?post=29684"},{"taxonomy":"post_tag","embeddable":true,"href":"https:\/\/www.fener.org\/index.php\/wp-json\/wp\/v2\/tags?post=29684"}],"curies":[{"name":"wp","href":"https:\/\/api.w.org\/{rel}","templated":true}]}}