{"id":29668,"date":"2026-01-11T13:34:56","date_gmt":"2026-01-11T10:34:56","guid":{"rendered":"https:\/\/www.fener.org\/?p=29668"},"modified":"2026-01-11T13:35:01","modified_gmt":"2026-01-11T10:35:01","slug":"fenerbahce-beko-bahcesehir-kolejini-konuk-ediyor-2","status":"publish","type":"post","link":"https:\/\/www.fener.org\/index.php\/2026\/01\/11\/fenerbahce-beko-bahcesehir-kolejini-konuk-ediyor-2\/","title":{"rendered":"Fenerbah\u00e7e Beko, Bah\u00e7e\u015fehir Koleji\u2019ni konuk ediyor"},"content":{"rendered":"\n<p>Fenerbah\u00e7e Beko Erkek Basketbol Tak\u0131m\u0131m\u0131z, T\u00fcrkiye Sigorta Basketbol S\u00fcper Ligi 15. hafta ma\u00e7\u0131nda Bah\u00e7e\u015fehir Koleji\u2019ni konuk ediyor. 11 Ocak Pazar g\u00fcn\u00fc \u00dclker Spor ve Etkinlik Salonu\u2019nda oynanacak m\u00fccadele 18.00\u2019de ba\u015flayacak ve beIN Sports\u2019tan canl\u0131 yay\u0131nlanacak. M\u00fccadeleyi Zafer Y\u0131lmaz, Seher Ay\u015fe Nur Yaz\u0131c\u0131o\u011flu ve Alper G\u00f6k\u00e7ebel hakem \u00fc\u00e7l\u00fcs\u00fc y\u00f6netecek.<\/p>\n\n\n\n<p>Fenerbah\u00e7e Beko, T\u00fcrkiye Sigorta Basketbol S\u00fcper Ligi\u2019nde oynad\u0131\u011f\u0131 14 ma\u00e7ta 12 galibiyet elde etti. Son olarak Be\u015fikta\u015f Gain\u2019e konuk olan ekibimiz sahadan 101-87\u2019lik skorla galip ayr\u0131ld\u0131.<\/p>\n\n\n\n<p>EuroLeague\u2019de ise oynad\u0131\u011f\u0131 20 ma\u00e7ta 13 galibiyeti bulunan tak\u0131m\u0131m\u0131z, cetvelin be\u015finci s\u0131ras\u0131nda yer al\u0131yor. Son olarak Dubai Basketball\u2019a konuk olan Fenerbah\u00e7e Beko, rakibine 92-81\u2019lik skorla ma\u011flup oldu.<\/p>\n\n\n\n<p>Antren\u00f6r Marko Barac taraf\u0131ndan \u00e7al\u0131\u015ft\u0131r\u0131lan Bah\u00e7e\u015fehir Koleji, T\u00fcrkiye Sigorta Basketbol S\u00fcper Ligi\u2019nde oynad\u0131\u011f\u0131 14 ma\u00e7ta 11 galibiyetle puan cetvelinin \u00fc\u00e7\u00fcnc\u00fc s\u0131ras\u0131nda yer al\u0131yor. Son olarak Alia\u011fa Petkim Spor\u2019u konuk eden rakibimiz sahadan 100-60\u2019l\u0131k skorla galip ayr\u0131ld\u0131.<\/p>\n\n\n\n<p>Avrupa arenas\u0131nda BKT EuroCup\u2019ta m\u00fccadele eden rakibimiz 13 ma\u00e7ta ald\u0131\u011f\u0131 dokuz galibiyetle grubunun ikinci s\u0131ras\u0131nda yer al\u0131yor. Son olarak Cedevita Olimpija Ljubljana\u2019ya konuk olan Bah\u00e7e\u015fehir Koleji rakibini 67-59\u2019luk skorla ge\u00e7ti.<\/p>\n","protected":false},"excerpt":{"rendered":"<p>Fenerbah\u00e7e Beko Erkek Basketbol Tak\u0131m\u0131m\u0131z, T\u00fcrkiye Sigorta Basketbol S\u00fcper Ligi 15. hafta ma\u00e7\u0131nda Bah\u00e7e\u015fehir Koleji\u2019ni konuk ediyor. 11 Ocak Pazar g\u00fcn\u00fc \u00dclker Spor ve Etkinlik Salonu\u2019nda oynanacak m\u00fccadele 18.00\u2019de ba\u015flayacak ve beIN Sports\u2019tan canl\u0131 yay\u0131nlanacak. M\u00fccadeleyi Zafer Y\u0131lmaz, Seher Ay\u015fe Nur Yaz\u0131c\u0131o\u011flu ve Alper G\u00f6k\u00e7ebel hakem \u00fc\u00e7l\u00fcs\u00fc y\u00f6netecek. Fenerbah\u00e7e Beko, T\u00fcrkiye Sigorta Basketbol S\u00fcper Ligi\u2019nde [&hellip;]<\/p>\n","protected":false},"author":1,"featured_media":28768,"comment_status":"closed","ping_status":"closed","sticky":false,"template":"","format":"standard","meta":{"jnews-multi-image_gallery":[],"jnews_single_post":{"format":"standard","override":[{"template":"1","parallax":"1","fullscreen":"1","layout":"right-sidebar","sidebar":"mysidebar","second_sidebar":"default-sidebar","sticky_sidebar":"1","share_position":"float","share_float_style":"share-normal","show_share_counter":"1","show_view_counter":"1","show_featured":"1","show_post_meta":"1","show_post_author_image":"1","show_post_date":"1","post_date_format":"default","post_date_format_custom":"Y\/m\/d","show_post_reading_time":"0","post_reading_time_wpm":"300","post_calculate_word_method":"str_word_count","show_zoom_button":"0","zoom_button_out_step":"2","zoom_button_in_step":"3","show_prev_next_post":"1","show_comment_section":"1","number_popup_post":"3","show_author_box":"0","show_post_related":"0","show_inline_post_related":"0"}],"image_override":[{"single_post_thumbnail_size":"crop-500","single_post_gallery_size":"crop-500"}],"trending_post_position":"meta","trending_post_label":"Trending","sponsored_post_label":"Sponsored by","disable_ad":"0","subtitle":"Fenerbah\u00e7e Erkek Basketbol Tak\u0131m\u0131m\u0131z, Basketbol S\u00fcper Ligi 15. haftas\u0131nda sahas\u0131nda Bah\u00e7e\u015fehir Koleji ile kar\u015f\u0131la\u015f\u0131yor."},"jnews_primary_category":{"id":"5"},"jnews_social_meta":[],"jnews_override_counter":{"view_counter_number":"0","share_counter_number":"0","like_counter_number":"0","dislike_counter_number":"0"},"footnotes":""},"categories":[5,6,2],"tags":[24,23],"class_list":["post-29668","post","type-post","status-publish","format-standard","has-post-thumbnail","hentry","category-basketbol","category-erkek-basketbol","category-haberler","tag-basketbol","tag-fenerbahce"],"amp_enabled":true,"_links":{"self":[{"href":"https:\/\/www.fener.org\/index.php\/wp-json\/wp\/v2\/posts\/29668","targetHints":{"allow":["GET"]}}],"collection":[{"href":"https:\/\/www.fener.org\/index.php\/wp-json\/wp\/v2\/posts"}],"about":[{"href":"https:\/\/www.fener.org\/index.php\/wp-json\/wp\/v2\/types\/post"}],"author":[{"embeddable":true,"href":"https:\/\/www.fener.org\/index.php\/wp-json\/wp\/v2\/users\/1"}],"replies":[{"embeddable":true,"href":"https:\/\/www.fener.org\/index.php\/wp-json\/wp\/v2\/comments?post=29668"}],"version-history":[{"count":1,"href":"https:\/\/www.fener.org\/index.php\/wp-json\/wp\/v2\/posts\/29668\/revisions"}],"predecessor-version":[{"id":29669,"href":"https:\/\/www.fener.org\/index.php\/wp-json\/wp\/v2\/posts\/29668\/revisions\/29669"}],"wp:featuredmedia":[{"embeddable":true,"href":"https:\/\/www.fener.org\/index.php\/wp-json\/wp\/v2\/media\/28768"}],"wp:attachment":[{"href":"https:\/\/www.fener.org\/index.php\/wp-json\/wp\/v2\/media?parent=29668"}],"wp:term":[{"taxonomy":"category","embeddable":true,"href":"https:\/\/www.fener.org\/index.php\/wp-json\/wp\/v2\/categories?post=29668"},{"taxonomy":"post_tag","embeddable":true,"href":"https:\/\/www.fener.org\/index.php\/wp-json\/wp\/v2\/tags?post=29668"}],"curies":[{"name":"wp","href":"https:\/\/api.w.org\/{rel}","templated":true}]}}