{"id":29629,"date":"2026-01-07T21:34:37","date_gmt":"2026-01-07T18:34:37","guid":{"rendered":"https:\/\/www.fener.org\/?p=29629"},"modified":"2026-01-07T21:34:42","modified_gmt":"2026-01-07T18:34:42","slug":"fenerbahce-medicana-cev-kupasinda-adini-8li-final-turuna-yazdirdi","status":"publish","type":"post","link":"https:\/\/www.fener.org\/index.php\/2026\/01\/07\/fenerbahce-medicana-cev-kupasinda-adini-8li-final-turuna-yazdirdi\/","title":{"rendered":"Fenerbah\u00e7e Medicana CEV Kupas\u0131\u2019nda ad\u0131n\u0131 8&#8217;li final turuna yazd\u0131rd\u0131"},"content":{"rendered":"\n<p>Fenerbah\u00e7e Medicana Erkek Voleybol Tak\u0131m\u0131m\u0131z, CEV Kupas\u0131 16&#8217;l\u0131 final turu r\u00f6van\u015f ma\u00e7\u0131nda S\u0131rbistan ekibi Radni\u010dki Kragujevac\u2019\u0131 konuk etti. Deplasmanda oynad\u0131\u011f\u0131 ilk ma\u00e7\u0131 3-0 kazanan Tak\u0131m\u0131m\u0131z, ba\u015ftan sona \u00fcst\u00fcn oynad\u0131\u011f\u0131 r\u00f6van\u015f m\u00fcsabakas\u0131n\u0131 da 3-0 \u00f6nde tamamlad\u0131 ve ad\u0131n\u0131 8&#8217;li final turuna yazd\u0131rd\u0131. Kar\u015f\u0131la\u015fman\u0131n setleri 25-14, 25-15, 25-13 tamamland\u0131.<\/p>\n\n\n\n<p>Tak\u0131m\u0131m\u0131z\u0131n 14 blok say\u0131s\u0131, 7 de ace ile oynad\u0131\u011f\u0131 kar\u015f\u0131la\u015fmada yeni transferimiz Luka Marttila kaydetti\u011fi 10 say\u0131yla ma\u00e7\u0131n skoreri oldu.<\/p>\n\n\n\n<p>Fenerbah\u00e7e Medicana, 8&#8217;li final turunda Mursa Osijek &#8211; Alpacem Kanal e\u015fle\u015fmesinin tur atlayan\u0131 ile kar\u015f\u0131la\u015facak.<\/p>\n\n\n\n<p>Ma\u00e7a; Marko Mert Matic, Luka Marttila, Adis Lagumdzija, B. Chinenyeze, Yi\u011fit G\u00fclmezo\u011flu, Fabian Drzyzga alt\u0131s\u0131 ve libero Burutay Suba\u015f\u0131\u2019yla h\u00fccumda h\u0131zl\u0131 ba\u015flayan Tak\u0131m\u0131m\u0131z, rahat oynad\u0131\u011f\u0131 ilk seti 25-14 kazand\u0131. \u0130kinci sete Chinenyeze ve Yi\u011fit\u2019in say\u0131lar\u0131yla 3-0\u2019l\u0131k bir ba\u015flang\u0131\u00e7 yapan Fenerbah\u00e7e Medicana, 10-8\u2019lik skorun ard\u0131ndan fark\u0131 daha da a\u00e7t\u0131 ve seti 25-15 \u00f6nde tamamlad\u0131. \u00dc\u00e7\u00fcnc\u00fc sette de h\u00fccumda ve savunmada rakibini domine eden Tak\u0131m\u0131m\u0131z, seti 25-15, ma\u00e7\u0131 da 3-0 kazanarak 8\u2019li final turuna y\u00fckseldi.<\/p>\n\n\n\n<p>Fenerbah\u00e7e Medicana, 11 Ocak Pazar g\u00fcn\u00fc SMS Grup Efeler Ligi 14. hafta ma\u00e7\u0131nda Ziraat Bankkart ile kar\u015f\u0131la\u015facak.<\/p>\n","protected":false},"excerpt":{"rendered":"<p>Fenerbah\u00e7e Medicana Erkek Voleybol Tak\u0131m\u0131m\u0131z, CEV Kupas\u0131 16&#8217;l\u0131 final turu r\u00f6van\u015f ma\u00e7\u0131nda S\u0131rbistan ekibi Radni\u010dki Kragujevac\u2019\u0131 konuk etti. Deplasmanda oynad\u0131\u011f\u0131 ilk ma\u00e7\u0131 3-0 kazanan Tak\u0131m\u0131m\u0131z, ba\u015ftan sona \u00fcst\u00fcn oynad\u0131\u011f\u0131 r\u00f6van\u015f m\u00fcsabakas\u0131n\u0131 da 3-0 \u00f6nde tamamlad\u0131 ve ad\u0131n\u0131 8&#8217;li final turuna yazd\u0131rd\u0131. Kar\u015f\u0131la\u015fman\u0131n setleri 25-14, 25-15, 25-13 tamamland\u0131. Tak\u0131m\u0131m\u0131z\u0131n 14 blok say\u0131s\u0131, 7 de ace ile [&hellip;]<\/p>\n","protected":false},"author":1,"featured_media":29630,"comment_status":"closed","ping_status":"closed","sticky":false,"template":"","format":"standard","meta":{"jnews-multi-image_gallery":[],"jnews_single_post":{"format":"standard","override":[{"template":"1","parallax":"1","fullscreen":"1","layout":"right-sidebar","sidebar":"mysidebar","second_sidebar":"default-sidebar","sticky_sidebar":"1","share_position":"float","share_float_style":"share-normal","show_share_counter":"1","show_view_counter":"1","show_featured":"1","show_post_meta":"1","show_post_author_image":"1","show_post_date":"1","post_date_format":"default","post_date_format_custom":"Y\/m\/d","show_post_reading_time":"0","post_reading_time_wpm":"300","post_calculate_word_method":"str_word_count","show_zoom_button":"0","zoom_button_out_step":"2","zoom_button_in_step":"3","show_prev_next_post":"1","show_comment_section":"1","number_popup_post":"3","show_author_box":"0","show_post_related":"0","show_inline_post_related":"0"}],"image_override":[{"single_post_thumbnail_size":"crop-500","single_post_gallery_size":"crop-500"}],"trending_post_position":"meta","trending_post_label":"Trending","sponsored_post_label":"Sponsored by","disable_ad":"0","subtitle":"Fenerbah\u00e7e Erkek Voleybol Tak\u0131m\u0131m\u0131z, CEV Kupas\u0131 16'l\u0131 final turu r\u00f6van\u015f ma\u00e7\u0131nda S\u0131rbistan ekibi Radni\u010dki Kragujevac\u2019\u0131 konuk etti\u011fi r\u00f6van\u015f m\u00fcsabakas\u0131n\u0131 3-0 kazand\u0131 ve ad\u0131n\u0131 8'li final turuna yazd\u0131rd\u0131."},"jnews_primary_category":{"id":"8"},"jnews_social_meta":[],"jnews_override_counter":{"view_counter_number":"0","share_counter_number":"0","like_counter_number":"0","dislike_counter_number":"0"},"footnotes":""},"categories":[9,2,8],"tags":[23,29],"class_list":["post-29629","post","type-post","status-publish","format-standard","has-post-thumbnail","hentry","category-erkek-voleybol","category-haberler","category-voleybol","tag-fenerbahce","tag-voleybol"],"amp_enabled":true,"_links":{"self":[{"href":"https:\/\/www.fener.org\/index.php\/wp-json\/wp\/v2\/posts\/29629","targetHints":{"allow":["GET"]}}],"collection":[{"href":"https:\/\/www.fener.org\/index.php\/wp-json\/wp\/v2\/posts"}],"about":[{"href":"https:\/\/www.fener.org\/index.php\/wp-json\/wp\/v2\/types\/post"}],"author":[{"embeddable":true,"href":"https:\/\/www.fener.org\/index.php\/wp-json\/wp\/v2\/users\/1"}],"replies":[{"embeddable":true,"href":"https:\/\/www.fener.org\/index.php\/wp-json\/wp\/v2\/comments?post=29629"}],"version-history":[{"count":1,"href":"https:\/\/www.fener.org\/index.php\/wp-json\/wp\/v2\/posts\/29629\/revisions"}],"predecessor-version":[{"id":29631,"href":"https:\/\/www.fener.org\/index.php\/wp-json\/wp\/v2\/posts\/29629\/revisions\/29631"}],"wp:featuredmedia":[{"embeddable":true,"href":"https:\/\/www.fener.org\/index.php\/wp-json\/wp\/v2\/media\/29630"}],"wp:attachment":[{"href":"https:\/\/www.fener.org\/index.php\/wp-json\/wp\/v2\/media?parent=29629"}],"wp:term":[{"taxonomy":"category","embeddable":true,"href":"https:\/\/www.fener.org\/index.php\/wp-json\/wp\/v2\/categories?post=29629"},{"taxonomy":"post_tag","embeddable":true,"href":"https:\/\/www.fener.org\/index.php\/wp-json\/wp\/v2\/tags?post=29629"}],"curies":[{"name":"wp","href":"https:\/\/api.w.org\/{rel}","templated":true}]}}